
			
				

					
				

			
		{"items":"\n\t\t\t\t\t\t\t\t\t\t\t\n<article id=\"post-9351\" class=\"wd-post blog-design-meta-image blog-post-loop blog-style-bg wd-col post-9351 post type-post status-publish format-standard has-post-thumbnail hentry category-a-lange-sohne tag-wrist-shots\">\n\t\t\t<div class=\"wd-post-inner\">\n\t\n\t<div class=\"wd-post-thumb color-scheme-light\">\n\t\t\t\t\t<div class=\"wd-post-img\">\n\t\t\t\t<img width=\"620\" height=\"465\" src=\"https:\/\/leguidedesmontres.com\/fr\/wp-content\/uploads\/2025\/06\/126_lange__sohne_saxonia_quantieme_annuel.jpg\" class=\"attachment-large size-large\" alt=\"\" decoding=\"async\" srcset=\"https:\/\/leguidedesmontres.com\/fr\/wp-content\/uploads\/2025\/06\/126_lange__sohne_saxonia_quantieme_annuel.jpg 620w, https:\/\/leguidedesmontres.com\/fr\/wp-content\/uploads\/2025\/06\/126_lange__sohne_saxonia_quantieme_annuel-300x225.jpg 300w, https:\/\/leguidedesmontres.com\/fr\/wp-content\/uploads\/2025\/06\/126_lange__sohne_saxonia_quantieme_annuel-150x113.jpg 150w\" sizes=\"(max-width: 620px) 100vw, 620px\" \/>\t\t\t<\/div>\n\t\t\n\t\t\t\t<a class=\"wd-post-link wd-fill\" href=\"https:\/\/leguidedesmontres.com\/fr\/actualites\/a-lange-sohne-saxonia-quantieme-annuel\/\" rel=\"bookmark\" aria-label=\"Link on post A. Lange &amp; S\u00f6hne Saxonia Quanti\u00e8me Annuel\"><\/a>\n\n\t\t\n\t<\/div>\n\n\t<div class=\"wd-post-content\">\n\t\t<div class=\"wd-post-entry-meta\">\n\t\t\t\n\n\t\t\t\t\t\t\t<div class=\"wd-modified-date\">\n\t\t\t\t\t\t\t<time class=\"updated\" datetime=\"2013-02-08T16:28:27+02:00\">\n\t\t\t08\/02\/2013\t\t<\/time>\n\t\t\t\t\t\t<\/div>\n\n\t\t\t\t<div class=\"wd-meta-date\">\n\t\t\t\t\t08 F\u00e9v 2013\t\t\t\t<\/div>\n\t\t\t\t\t<\/div>\n\n\t\t\t\t\t<h3 class=\"wd-entities-title title post-title\">\n\t\t\t\t<a href=\"https:\/\/leguidedesmontres.com\/fr\/actualites\/a-lange-sohne-saxonia-quantieme-annuel\/\" rel=\"bookmark\">\n\t\t\t\t\tA. Lange &amp; S\u00f6hne Saxonia Quanti\u00e8me Annuel\t\t\t\t<\/a>\n\t\t\t<\/h3>\n\t\t\n\t\t\t\t\t<div class=\"wd-post-desc\">\n\t\t\t\t\t\t\t\t\tEn exclusivit\u00e9 : Wrist Shot de la Lange &amp; S\u00f6hne Saxonia Quanti\u00e8me Annuel ref. 330.025.\nLe mod\u00e8le...\t\t\t\t\t\t\t<\/div>\n\t\t\n\t\t\t\t\t\t\t\t\t\t<div class=\"wd-read-more\">\n\t\t\t\t\t\t<a class=\"btn-read-more more-link\" href=\"https:\/\/leguidedesmontres.com\/fr\/actualites\/a-lange-sohne-saxonia-quantieme-annuel\/\">En savoir plus<\/a>\t\t\t\t\t<\/div>\n\t\t\t\t\t\t\t<\/div>\n\n\t\t\t<\/div>\n\t<\/article>\n\t\t\t\t\t\t\t\t\t\t\t\n<article id=\"post-9359\" class=\"wd-post blog-design-meta-image blog-post-loop blog-style-bg wd-col post-9359 post type-post status-publish format-standard has-post-thumbnail hentry category-a-lange-sohne category-audemars-piguet category-baume-et-mercier category-cartier category-richard-mille category-roger-dubuis category-vacheron-constantin tag-au-fil-de-lactualite\">\n\t\t\t<div class=\"wd-post-inner\">\n\t\n\t<div class=\"wd-post-thumb color-scheme-light\">\n\t\t\t\t\t<div class=\"wd-post-img\">\n\t\t\t\t<img width=\"568\" height=\"736\" src=\"https:\/\/leguidedesmontres.com\/fr\/wp-content\/uploads\/2025\/06\/122_richard_mille_blake.jpg\" class=\"attachment-large size-large\" alt=\"\" decoding=\"async\" srcset=\"https:\/\/leguidedesmontres.com\/fr\/wp-content\/uploads\/2025\/06\/122_richard_mille_blake.jpg 568w, https:\/\/leguidedesmontres.com\/fr\/wp-content\/uploads\/2025\/06\/122_richard_mille_blake-232x300.jpg 232w, https:\/\/leguidedesmontres.com\/fr\/wp-content\/uploads\/2025\/06\/122_richard_mille_blake-150x194.jpg 150w\" sizes=\"(max-width: 568px) 100vw, 568px\" \/>\t\t\t<\/div>\n\t\t\n\t\t\t\t<a class=\"wd-post-link wd-fill\" href=\"https:\/\/leguidedesmontres.com\/fr\/actualites\/sihh-2013-ce-quil-fallait-en-retenir\/\" rel=\"bookmark\" aria-label=\"Link on post SIHH 2013 : ce qu\u2019il fallait en retenir\"><\/a>\n\n\t\t\n\t<\/div>\n\n\t<div class=\"wd-post-content\">\n\t\t<div class=\"wd-post-entry-meta\">\n\t\t\t\n\n\t\t\t\t\t\t\t<div class=\"wd-modified-date\">\n\t\t\t\t\t\t\t<time class=\"updated\" datetime=\"2013-01-30T17:21:40+02:00\">\n\t\t\t30\/01\/2013\t\t<\/time>\n\t\t\t\t\t\t<\/div>\n\n\t\t\t\t<div class=\"wd-meta-date\">\n\t\t\t\t\t30 Jan 2013\t\t\t\t<\/div>\n\t\t\t\t\t<\/div>\n\n\t\t\t\t\t<h3 class=\"wd-entities-title title post-title\">\n\t\t\t\t<a href=\"https:\/\/leguidedesmontres.com\/fr\/actualites\/sihh-2013-ce-quil-fallait-en-retenir\/\" rel=\"bookmark\">\n\t\t\t\t\tSIHH 2013 : ce qu\u2019il fallait en retenir\t\t\t\t<\/a>\n\t\t\t<\/h3>\n\t\t\n\t\t\t\t\t<div class=\"wd-post-desc\">\n\t\t\t\t\t\t\t\t\tLe SIHH 2013 vient de fermer ses portes au centre Palexpo de Gen\u00e8ve. L'industrie horlog\u00e8re, c'est un...\t\t\t\t\t\t\t<\/div>\n\t\t\n\t\t\t\t\t\t\t\t\t\t<div class=\"wd-read-more\">\n\t\t\t\t\t\t<a class=\"btn-read-more more-link\" href=\"https:\/\/leguidedesmontres.com\/fr\/actualites\/sihh-2013-ce-quil-fallait-en-retenir\/\">En savoir plus<\/a>\t\t\t\t\t<\/div>\n\t\t\t\t\t\t\t<\/div>\n\n\t\t\t<\/div>\n\t<\/article>\n\t\t\t\t\t\t\t\t\t\t\t\n<article id=\"post-9363\" class=\"wd-post blog-design-meta-image blog-post-loop blog-style-bg wd-col post-9363 post type-post status-publish format-standard has-post-thumbnail hentry category-a-lange-sohne tag-coup-de-coeur\">\n\t\t\t<div class=\"wd-post-inner\">\n\t\n\t<div class=\"wd-post-thumb color-scheme-light\">\n\t\t\t\t\t<div class=\"wd-post-img\">\n\t\t\t\t<img width=\"620\" height=\"876\" src=\"https:\/\/leguidedesmontres.com\/fr\/wp-content\/uploads\/2025\/06\/120_als_912_032_fs.jpg\" class=\"attachment-large size-large\" alt=\"\" decoding=\"async\" srcset=\"https:\/\/leguidedesmontres.com\/fr\/wp-content\/uploads\/2025\/06\/120_als_912_032_fs.jpg 620w, https:\/\/leguidedesmontres.com\/fr\/wp-content\/uploads\/2025\/06\/120_als_912_032_fs-212x300.jpg 212w, https:\/\/leguidedesmontres.com\/fr\/wp-content\/uploads\/2025\/06\/120_als_912_032_fs-150x212.jpg 150w\" sizes=\"(max-width: 620px) 100vw, 620px\" \/>\t\t\t<\/div>\n\t\t\n\t\t\t\t<a class=\"wd-post-link wd-fill\" href=\"https:\/\/leguidedesmontres.com\/fr\/actualites\/lart-selon-a-lange-sohne\/\" rel=\"bookmark\" aria-label=\"Link on post L&rsquo;art selon A. Lange &amp; S\u00f6hne\"><\/a>\n\n\t\t\n\t<\/div>\n\n\t<div class=\"wd-post-content\">\n\t\t<div class=\"wd-post-entry-meta\">\n\t\t\t\n\n\t\t\t\t\t\t\t<div class=\"wd-modified-date\">\n\t\t\t\t\t\t\t<time class=\"updated\" datetime=\"2013-01-24T20:16:41+02:00\">\n\t\t\t24\/01\/2013\t\t<\/time>\n\t\t\t\t\t\t<\/div>\n\n\t\t\t\t<div class=\"wd-meta-date\">\n\t\t\t\t\t24 Jan 2013\t\t\t\t<\/div>\n\t\t\t\t\t<\/div>\n\n\t\t\t\t\t<h3 class=\"wd-entities-title title post-title\">\n\t\t\t\t<a href=\"https:\/\/leguidedesmontres.com\/fr\/actualites\/lart-selon-a-lange-sohne\/\" rel=\"bookmark\">\n\t\t\t\t\tL&rsquo;art selon A. Lange &amp; S\u00f6hne\t\t\t\t<\/a>\n\t\t\t<\/h3>\n\t\t\n\t\t\t\t\t<div class=\"wd-post-desc\">\n\t\t\t\t\t\t\t\t\tNous voil\u00e0 tout juste rentr\u00e9 du SIHH 2013 et c\u2019est avec un immense plaisir que nous vous pr\u00e9sentons ...\t\t\t\t\t\t\t<\/div>\n\t\t\n\t\t\t\t\t\t\t\t\t\t<div class=\"wd-read-more\">\n\t\t\t\t\t\t<a class=\"btn-read-more more-link\" href=\"https:\/\/leguidedesmontres.com\/fr\/actualites\/lart-selon-a-lange-sohne\/\">En savoir plus<\/a>\t\t\t\t\t<\/div>\n\t\t\t\t\t\t\t<\/div>\n\n\t\t\t<\/div>\n\t<\/article>\n\t\t\t\t\t\t\t\t\t\t\t\n<article id=\"post-9365\" class=\"wd-post blog-design-meta-image blog-post-loop blog-style-bg wd-col post-9365 post type-post status-publish format-standard has-post-thumbnail hentry category-a-lange-sohne category-piaget category-roger-dubuis tag-coup-de-coeur\">\n\t\t\t<div class=\"wd-post-inner\">\n\t\n\t<div class=\"wd-post-thumb color-scheme-light\">\n\t\t\t\t\t<div class=\"wd-post-img\">\n\t\t\t\t<img width=\"500\" height=\"496\" src=\"https:\/\/leguidedesmontres.com\/fr\/wp-content\/uploads\/2025\/06\/119_lange__sohne.jpg\" class=\"attachment-large size-large\" alt=\"\" decoding=\"async\" srcset=\"https:\/\/leguidedesmontres.com\/fr\/wp-content\/uploads\/2025\/06\/119_lange__sohne.jpg 500w, https:\/\/leguidedesmontres.com\/fr\/wp-content\/uploads\/2025\/06\/119_lange__sohne-300x298.jpg 300w, https:\/\/leguidedesmontres.com\/fr\/wp-content\/uploads\/2025\/06\/119_lange__sohne-150x149.jpg 150w\" sizes=\"(max-width: 500px) 100vw, 500px\" \/>\t\t\t<\/div>\n\t\t\n\t\t\t\t<a class=\"wd-post-link wd-fill\" href=\"https:\/\/leguidedesmontres.com\/fr\/actualites\/pre-sihh-premieres-surprises\/\" rel=\"bookmark\" aria-label=\"Link on post Pr\u00e9-SIHH : premi\u00e8res surprises\"><\/a>\n\n\t\t\n\t<\/div>\n\n\t<div class=\"wd-post-content\">\n\t\t<div class=\"wd-post-entry-meta\">\n\t\t\t\n\n\t\t\t\t\t\t\t<div class=\"wd-modified-date\">\n\t\t\t\t\t\t\t<time class=\"updated\" datetime=\"2013-01-19T18:34:11+02:00\">\n\t\t\t19\/01\/2013\t\t<\/time>\n\t\t\t\t\t\t<\/div>\n\n\t\t\t\t<div class=\"wd-meta-date\">\n\t\t\t\t\t19 Jan 2013\t\t\t\t<\/div>\n\t\t\t\t\t<\/div>\n\n\t\t\t\t\t<h3 class=\"wd-entities-title title post-title\">\n\t\t\t\t<a href=\"https:\/\/leguidedesmontres.com\/fr\/actualites\/pre-sihh-premieres-surprises\/\" rel=\"bookmark\">\n\t\t\t\t\tPr\u00e9-SIHH : premi\u00e8res surprises\t\t\t\t<\/a>\n\t\t\t<\/h3>\n\t\t\n\t\t\t\t\t<div class=\"wd-post-desc\">\n\t\t\t\t\t\t\t\t\tAlors que le SIHH s'appr\u00eate \u00e0 ouvrir ses portes dans deux jours, les orientations horlog\u00e8res des mar...\t\t\t\t\t\t\t<\/div>\n\t\t\n\t\t\t\t\t\t\t\t\t\t<div class=\"wd-read-more\">\n\t\t\t\t\t\t<a class=\"btn-read-more more-link\" href=\"https:\/\/leguidedesmontres.com\/fr\/actualites\/pre-sihh-premieres-surprises\/\">En savoir plus<\/a>\t\t\t\t\t<\/div>\n\t\t\t\t\t\t\t<\/div>\n\n\t\t\t<\/div>\n\t<\/article>\n\t\t\t\t\t\t\t\t\t\t\t\n<article id=\"post-9383\" class=\"wd-post blog-design-meta-image blog-post-loop blog-style-bg wd-col post-9383 post type-post status-publish format-standard has-post-thumbnail hentry category-a-lange-sohne tag-coup-de-coeur\">\n\t\t\t<div class=\"wd-post-inner\">\n\t\n\t<div class=\"wd-post-thumb color-scheme-light\">\n\t\t\t\t\t<div class=\"wd-post-img\">\n\t\t\t\t<img width=\"620\" height=\"709\" src=\"https:\/\/leguidedesmontres.com\/fr\/wp-content\/uploads\/2025\/06\/109_lange__sohne_tourbillon_pour_le_merite.jpg\" class=\"attachment-large size-large\" alt=\"\" decoding=\"async\" srcset=\"https:\/\/leguidedesmontres.com\/fr\/wp-content\/uploads\/2025\/06\/109_lange__sohne_tourbillon_pour_le_merite.jpg 620w, https:\/\/leguidedesmontres.com\/fr\/wp-content\/uploads\/2025\/06\/109_lange__sohne_tourbillon_pour_le_merite-262x300.jpg 262w, https:\/\/leguidedesmontres.com\/fr\/wp-content\/uploads\/2025\/06\/109_lange__sohne_tourbillon_pour_le_merite-150x172.jpg 150w\" sizes=\"(max-width: 620px) 100vw, 620px\" \/>\t\t\t<\/div>\n\t\t\n\t\t\t\t<a class=\"wd-post-link wd-fill\" href=\"https:\/\/leguidedesmontres.com\/fr\/actualites\/a-lange-sohne-nous-devoile-ses-tresors\/\" rel=\"bookmark\" aria-label=\"Link on post A.Lange &amp; S\u00f6hne nous d\u00e9voile ses tr\u00e9sors\"><\/a>\n\n\t\t\n\t<\/div>\n\n\t<div class=\"wd-post-content\">\n\t\t<div class=\"wd-post-entry-meta\">\n\t\t\t\n\n\t\t\t\t\t\t\t<div class=\"wd-modified-date\">\n\t\t\t\t\t\t\t<time class=\"updated\" datetime=\"2012-12-25T20:01:10+02:00\">\n\t\t\t25\/12\/2012\t\t<\/time>\n\t\t\t\t\t\t<\/div>\n\n\t\t\t\t<div class=\"wd-meta-date\">\n\t\t\t\t\t25 D\u00e9c 2012\t\t\t\t<\/div>\n\t\t\t\t\t<\/div>\n\n\t\t\t\t\t<h3 class=\"wd-entities-title title post-title\">\n\t\t\t\t<a href=\"https:\/\/leguidedesmontres.com\/fr\/actualites\/a-lange-sohne-nous-devoile-ses-tresors\/\" rel=\"bookmark\">\n\t\t\t\t\tA.Lange &amp; S\u00f6hne nous d\u00e9voile ses tr\u00e9sors\t\t\t\t<\/a>\n\t\t\t<\/h3>\n\t\t\n\t\t\t\t\t<div class=\"wd-post-desc\">\n\t\t\t\t\t\t\t\t\tDeux pi\u00e8ces exceptionnelles de chez A.Lange &amp; S\u00f6hne, le Tourbillon \u00abPour le M\u00e9rite\u00bb et la Phase ...\t\t\t\t\t\t\t<\/div>\n\t\t\n\t\t\t\t\t\t\t\t\t\t<div class=\"wd-read-more\">\n\t\t\t\t\t\t<a class=\"btn-read-more more-link\" href=\"https:\/\/leguidedesmontres.com\/fr\/actualites\/a-lange-sohne-nous-devoile-ses-tresors\/\">En savoir plus<\/a>\t\t\t\t\t<\/div>\n\t\t\t\t\t\t\t<\/div>\n\n\t\t\t<\/div>\n\t<\/article>\n\t\t\t\t\t\t\t\t\t\t\t\n<article id=\"post-9435\" class=\"wd-post blog-design-meta-image blog-post-loop blog-style-bg wd-col post-9435 post type-post status-publish format-standard has-post-thumbnail hentry category-a-lange-sohne category-b-r-m category-baume-et-mercier category-bell-ross category-blancpain category-chanel category-hermes category-hublot category-jaeger-lecoultre category-panerai category-pequignet category-tag-heuer category-vacheron-constantin category-zenith tag-a-voir\">\n\t\t\t<div class=\"wd-post-inner\">\n\t\n\t<div class=\"wd-post-thumb color-scheme-light\">\n\t\t\t\t\t<div class=\"wd-post-img\">\n\t\t\t\t<img width=\"620\" height=\"853\" src=\"https:\/\/leguidedesmontres.com\/fr\/wp-content\/uploads\/2025\/06\/82_affiche_salon_les_montres_novembre_2012.jpg\" class=\"attachment-large size-large\" alt=\"\" decoding=\"async\" srcset=\"https:\/\/leguidedesmontres.com\/fr\/wp-content\/uploads\/2025\/06\/82_affiche_salon_les_montres_novembre_2012.jpg 620w, https:\/\/leguidedesmontres.com\/fr\/wp-content\/uploads\/2025\/06\/82_affiche_salon_les_montres_novembre_2012-218x300.jpg 218w, https:\/\/leguidedesmontres.com\/fr\/wp-content\/uploads\/2025\/06\/82_affiche_salon_les_montres_novembre_2012-150x206.jpg 150w\" sizes=\"(max-width: 620px) 100vw, 620px\" \/>\t\t\t<\/div>\n\t\t\n\t\t\t\t<a class=\"wd-post-link wd-fill\" href=\"https:\/\/leguidedesmontres.com\/fr\/actualites\/salon-les-montres-les-8-9-et-10-novembre-2012\/\" rel=\"bookmark\" aria-label=\"Link on post Salon Les Montres les 8, 9 et 10 novembre 2012\"><\/a>\n\n\t\t\n\t<\/div>\n\n\t<div class=\"wd-post-content\">\n\t\t<div class=\"wd-post-entry-meta\">\n\t\t\t\n\n\t\t\t\t\t\t\t<div class=\"wd-modified-date\">\n\t\t\t\t\t\t\t<time class=\"updated\" datetime=\"2012-10-26T17:18:04+02:00\">\n\t\t\t26\/10\/2012\t\t<\/time>\n\t\t\t\t\t\t<\/div>\n\n\t\t\t\t<div class=\"wd-meta-date\">\n\t\t\t\t\t26 Oct 2012\t\t\t\t<\/div>\n\t\t\t\t\t<\/div>\n\n\t\t\t\t\t<h3 class=\"wd-entities-title title post-title\">\n\t\t\t\t<a href=\"https:\/\/leguidedesmontres.com\/fr\/actualites\/salon-les-montres-les-8-9-et-10-novembre-2012\/\" rel=\"bookmark\">\n\t\t\t\t\tSalon Les Montres les 8, 9 et 10 novembre 2012\t\t\t\t<\/a>\n\t\t\t<\/h3>\n\t\t\n\t\t\t\t\t<div class=\"wd-post-desc\">\n\t\t\t\t\t\t\t\t\tVoyage d\u2019exception au c\u0153ur de la cr\u00e9ation et du savoir-faire horloger, le salon \u00ab Les Montres \u00bb donn...\t\t\t\t\t\t\t<\/div>\n\t\t\n\t\t\t\t\t\t\t\t\t\t<div class=\"wd-read-more\">\n\t\t\t\t\t\t<a class=\"btn-read-more more-link\" href=\"https:\/\/leguidedesmontres.com\/fr\/actualites\/salon-les-montres-les-8-9-et-10-novembre-2012\/\">En savoir plus<\/a>\t\t\t\t\t<\/div>\n\t\t\t\t\t\t\t<\/div>\n\n\t\t\t<\/div>\n\t<\/article>\n\t\t\t\t\t\t\t\t\t\t\t\n<article id=\"post-9461\" class=\"wd-post blog-design-meta-image blog-post-loop blog-style-bg wd-col post-9461 post type-post status-publish format-standard has-post-thumbnail hentry category-a-lange-sohne tag-coup-de-coeur\">\n\t\t\t<div class=\"wd-post-inner\">\n\t\n\t<div class=\"wd-post-thumb color-scheme-light\">\n\t\t\t\t\t<div class=\"wd-post-img\">\n\t\t\t\t<img width=\"620\" height=\"470\" src=\"https:\/\/leguidedesmontres.com\/fr\/wp-content\/uploads\/2025\/06\/68_resizeals_grandelange1.jpg\" class=\"attachment-large size-large\" alt=\"\" decoding=\"async\" srcset=\"https:\/\/leguidedesmontres.com\/fr\/wp-content\/uploads\/2025\/06\/68_resizeals_grandelange1.jpg 620w, https:\/\/leguidedesmontres.com\/fr\/wp-content\/uploads\/2025\/06\/68_resizeals_grandelange1-300x227.jpg 300w, https:\/\/leguidedesmontres.com\/fr\/wp-content\/uploads\/2025\/06\/68_resizeals_grandelange1-150x114.jpg 150w\" sizes=\"(max-width: 620px) 100vw, 620px\" \/>\t\t\t<\/div>\n\t\t\n\t\t\t\t<a class=\"wd-post-link wd-fill\" href=\"https:\/\/leguidedesmontres.com\/fr\/actualites\/nouvelle-lange-1-chez-lange-sohne\/\" rel=\"bookmark\" aria-label=\"Link on post Nouvelle Lange 1 chez Lange &amp; S\u00f6hne\"><\/a>\n\n\t\t\n\t<\/div>\n\n\t<div class=\"wd-post-content\">\n\t\t<div class=\"wd-post-entry-meta\">\n\t\t\t\n\n\t\t\t\t\t\t\t<div class=\"wd-modified-date\">\n\t\t\t\t\t\t\t<time class=\"updated\" datetime=\"2012-10-05T15:30:37+02:00\">\n\t\t\t05\/10\/2012\t\t<\/time>\n\t\t\t\t\t\t<\/div>\n\n\t\t\t\t<div class=\"wd-meta-date\">\n\t\t\t\t\t05 Oct 2012\t\t\t\t<\/div>\n\t\t\t\t\t<\/div>\n\n\t\t\t\t\t<h3 class=\"wd-entities-title title post-title\">\n\t\t\t\t<a href=\"https:\/\/leguidedesmontres.com\/fr\/actualites\/nouvelle-lange-1-chez-lange-sohne\/\" rel=\"bookmark\">\n\t\t\t\t\tNouvelle Lange 1 chez Lange &amp; S\u00f6hne\t\t\t\t<\/a>\n\t\t\t<\/h3>\n\t\t\n\t\t\t\t\t<div class=\"wd-post-desc\">\n\t\t\t\t\t\t\t\t\tLange &amp; S\u00f6hne propose une nouvelle interpr\u00e9tation de sa pi\u00e8ce ma\u00eetresse, la Lange 1, en version ...\t\t\t\t\t\t\t<\/div>\n\t\t\n\t\t\t\t\t\t\t\t\t\t<div class=\"wd-read-more\">\n\t\t\t\t\t\t<a class=\"btn-read-more more-link\" href=\"https:\/\/leguidedesmontres.com\/fr\/actualites\/nouvelle-lange-1-chez-lange-sohne\/\">En savoir plus<\/a>\t\t\t\t\t<\/div>\n\t\t\t\t\t\t\t<\/div>\n\n\t\t\t<\/div>\n\t<\/article>\n\t\t\t\t\t\t\t\t\t\t\t\n<article id=\"post-9513\" class=\"wd-post blog-design-meta-image blog-post-loop blog-style-bg wd-col post-9513 post type-post status-publish format-standard has-post-thumbnail hentry category-a-lange-sohne category-cartier tag-au-fil-de-lactualite\">\n\t\t\t<div class=\"wd-post-inner\">\n\t\n\t<div class=\"wd-post-thumb color-scheme-light\">\n\t\t\t\t\t<div class=\"wd-post-img\">\n\t\t\t\t<img width=\"555\" height=\"505\" src=\"https:\/\/leguidedesmontres.com\/fr\/wp-content\/uploads\/2025\/06\/41_id2_front_copie.jpg\" class=\"attachment-large size-large\" alt=\"\" decoding=\"async\" srcset=\"https:\/\/leguidedesmontres.com\/fr\/wp-content\/uploads\/2025\/06\/41_id2_front_copie.jpg 555w, https:\/\/leguidedesmontres.com\/fr\/wp-content\/uploads\/2025\/06\/41_id2_front_copie-300x273.jpg 300w, https:\/\/leguidedesmontres.com\/fr\/wp-content\/uploads\/2025\/06\/41_id2_front_copie-150x136.jpg 150w\" sizes=\"(max-width: 555px) 100vw, 555px\" \/>\t\t\t<\/div>\n\t\t\n\t\t\t\t<a class=\"wd-post-link wd-fill\" href=\"https:\/\/leguidedesmontres.com\/fr\/actualites\/la-cartier-id-two-ne-manque-pas-dair\/\" rel=\"bookmark\" aria-label=\"Link on post La Cartier ID Two ne manque pas d\u2019air\"><\/a>\n\n\t\t\n\t<\/div>\n\n\t<div class=\"wd-post-content\">\n\t\t<div class=\"wd-post-entry-meta\">\n\t\t\t\n\n\t\t\t\t\t\t\t<div class=\"wd-modified-date\">\n\t\t\t\t\t\t\t<time class=\"updated\" datetime=\"2012-07-27T20:46:51+02:00\">\n\t\t\t27\/07\/2012\t\t<\/time>\n\t\t\t\t\t\t<\/div>\n\n\t\t\t\t<div class=\"wd-meta-date\">\n\t\t\t\t\t27 Juil 2012\t\t\t\t<\/div>\n\t\t\t\t\t<\/div>\n\n\t\t\t\t\t<h3 class=\"wd-entities-title title post-title\">\n\t\t\t\t<a href=\"https:\/\/leguidedesmontres.com\/fr\/actualites\/la-cartier-id-two-ne-manque-pas-dair\/\" rel=\"bookmark\">\n\t\t\t\t\tLa Cartier ID Two ne manque pas d\u2019air\t\t\t\t<\/a>\n\t\t\t<\/h3>\n\t\t\n\t\t\t\t\t<div class=\"wd-post-desc\">\n\t\t\t\t\t\t\t\t\tPlus c\u2019est \u00e9vident, moins \u00e7a se voit. On pourrait appliquer cette maxime populaire et pleine de bon ...\t\t\t\t\t\t\t<\/div>\n\t\t\n\t\t\t\t\t\t\t\t\t\t<div class=\"wd-read-more\">\n\t\t\t\t\t\t<a class=\"btn-read-more more-link\" href=\"https:\/\/leguidedesmontres.com\/fr\/actualites\/la-cartier-id-two-ne-manque-pas-dair\/\">En savoir plus<\/a>\t\t\t\t\t<\/div>\n\t\t\t\t\t\t\t<\/div>\n\n\t\t\t<\/div>\n\t<\/article>\n\t\t\t\t\t\n\t\t\t\t\t","status":"no-more-posts","nextPage":"?woo_ajax=1","currentPage":"https:\/\/leguidedesmontres.com\/fr\/actualites\/marque\/a-lange-sohne\/page\/3"}