
			
				

					
				

			
		{"items":"\n\t\t\t\t\t\t\t\t\t\t\t\n<article id=\"post-9377\" class=\"wd-post blog-design-meta-image blog-post-loop blog-style-bg wd-col post-9377 post type-post status-publish format-standard has-post-thumbnail hentry category-girard-perregaux category-jaeger-lecoultre category-zenith tag-a-voir\">\n\t\t\t<div class=\"wd-post-inner\">\n\t\n\t<div class=\"wd-post-thumb color-scheme-light\">\n\t\t\t\t\t<div class=\"wd-post-img\">\n\t\t\t\t<img width=\"620\" height=\"443\" src=\"https:\/\/leguidedesmontres.com\/fr\/wp-content\/uploads\/2025\/06\/112_hyt_watches.jpg\" class=\"attachment-large size-large\" alt=\"\" decoding=\"async\" srcset=\"https:\/\/leguidedesmontres.com\/fr\/wp-content\/uploads\/2025\/06\/112_hyt_watches.jpg 620w, https:\/\/leguidedesmontres.com\/fr\/wp-content\/uploads\/2025\/06\/112_hyt_watches-300x214.jpg 300w, https:\/\/leguidedesmontres.com\/fr\/wp-content\/uploads\/2025\/06\/112_hyt_watches-150x107.jpg 150w\" sizes=\"(max-width: 620px) 100vw, 620px\" \/>\t\t\t<\/div>\n\t\t\n\t\t\t\t<a class=\"wd-post-link wd-fill\" href=\"https:\/\/leguidedesmontres.com\/fr\/actualites\/breves-horlogeres-de-debut-dannee\/\" rel=\"bookmark\" aria-label=\"Link on post Br\u00e8ves horlog\u00e8res de d\u00e9but d\u2019ann\u00e9e\"><\/a>\n\n\t\t\n\t<\/div>\n\n\t<div class=\"wd-post-content\">\n\t\t<div class=\"wd-post-entry-meta\">\n\t\t\t\n\n\t\t\t\t\t\t\t<div class=\"wd-modified-date\">\n\t\t\t\t\t\t\t<time class=\"updated\" datetime=\"2013-01-03T20:09:25+02:00\">\n\t\t\t03\/01\/2013\t\t<\/time>\n\t\t\t\t\t\t<\/div>\n\n\t\t\t\t<div class=\"wd-meta-date\">\n\t\t\t\t\t03 Jan 2013\t\t\t\t<\/div>\n\t\t\t\t\t<\/div>\n\n\t\t\t\t\t<h3 class=\"wd-entities-title title post-title\">\n\t\t\t\t<a href=\"https:\/\/leguidedesmontres.com\/fr\/actualites\/breves-horlogeres-de-debut-dannee\/\" rel=\"bookmark\">\n\t\t\t\t\tBr\u00e8ves horlog\u00e8res de d\u00e9but d\u2019ann\u00e9e\t\t\t\t<\/a>\n\t\t\t<\/h3>\n\t\t\n\t\t\t\t\t<div class=\"wd-post-desc\">\n\t\t\t\t\t\t\t\t\tQuelques jours avant l\u2019ouragan SIHH, Le Guide des Montres a relev\u00e9 pour vous les derni\u00e8res infos, sa...\t\t\t\t\t\t\t<\/div>\n\t\t\n\t\t\t\t\t\t\t\t\t\t<div class=\"wd-read-more\">\n\t\t\t\t\t\t<a class=\"btn-read-more more-link\" href=\"https:\/\/leguidedesmontres.com\/fr\/actualites\/breves-horlogeres-de-debut-dannee\/\">En savoir plus<\/a>\t\t\t\t\t<\/div>\n\t\t\t\t\t\t\t<\/div>\n\n\t\t\t<\/div>\n\t<\/article>\n\t\t\t\t\t\t\t\t\t\t\t\n<article id=\"post-9730\" class=\"wd-post blog-design-meta-image blog-post-loop blog-style-bg wd-col post-9730 post type-post status-publish format-standard has-post-thumbnail hentry category-jaeger-lecoultre tag-videos\">\n\t\t\t<div class=\"wd-post-inner\">\n\t\n\t<div class=\"wd-post-thumb color-scheme-light\">\n\t\t\t\t\t<div class=\"wd-post-img\">\n\t\t\t\t<img width=\"1\" height=\"1\" src=\"https:\/\/leguidedesmontres.com\/fr\/wp-content\/uploads\/2025\/06\/35_jaeger_lecoultre_place_vendome.jpg\" class=\"attachment-large size-large\" alt=\"image failed\" decoding=\"async\" \/>\t\t\t<\/div>\n\t\t\n\t\t\t\t<a class=\"wd-post-link wd-fill\" href=\"https:\/\/leguidedesmontres.com\/fr\/actualites\/jaeger-lecoultre-inaugure-sa-boutique-place-vendome-2\/\" rel=\"bookmark\" aria-label=\"Link on post Jaeger-LeCoultre inaugure sa boutique Place Vend\u00f4me\"><\/a>\n\n\t\t\n\t<\/div>\n\n\t<div class=\"wd-post-content\">\n\t\t<div class=\"wd-post-entry-meta\">\n\t\t\t\n\n\t\t\t\t\t\t\t<div class=\"wd-modified-date\">\n\t\t\t\t\t\t\t<time class=\"updated\" datetime=\"2012-11-22T13:58:11+02:00\">\n\t\t\t22\/11\/2012\t\t<\/time>\n\t\t\t\t\t\t<\/div>\n\n\t\t\t\t<div class=\"wd-meta-date\">\n\t\t\t\t\t22 Nov 2012\t\t\t\t<\/div>\n\t\t\t\t\t<\/div>\n\n\t\t\t\t\t<h3 class=\"wd-entities-title title post-title\">\n\t\t\t\t<a href=\"https:\/\/leguidedesmontres.com\/fr\/actualites\/jaeger-lecoultre-inaugure-sa-boutique-place-vendome-2\/\" rel=\"bookmark\">\n\t\t\t\t\tJaeger-LeCoultre inaugure sa boutique Place Vend\u00f4me\t\t\t\t<\/a>\n\t\t\t<\/h3>\n\t\t\n\t\t\t\t\t<div class=\"wd-post-desc\">\n\t\t\t\t\t\t\t\t\thttp:\/\/vimeo.com\/54080328\n\n\u00c0 la veille de la c\u00e9l\u00e9bration du 180e anniversaire de sa Manufacture,\nJae...\t\t\t\t\t\t\t<\/div>\n\t\t\n\t\t\t\t\t\t\t\t\t\t<div class=\"wd-read-more\">\n\t\t\t\t\t\t<a class=\"btn-read-more more-link\" href=\"https:\/\/leguidedesmontres.com\/fr\/actualites\/jaeger-lecoultre-inaugure-sa-boutique-place-vendome-2\/\">En savoir plus<\/a>\t\t\t\t\t<\/div>\n\t\t\t\t\t\t\t<\/div>\n\n\t\t\t<\/div>\n\t<\/article>\n\t\t\t\t\t\t\t\t\t\t\t\n<article id=\"post-9407\" class=\"wd-post blog-design-meta-image blog-post-loop blog-style-bg wd-col post-9407 post type-post status-publish format-standard has-post-thumbnail hentry category-jaeger-lecoultre tag-au-fil-de-lactualite\">\n\t\t\t<div class=\"wd-post-inner\">\n\t\n\t<div class=\"wd-post-thumb color-scheme-light\">\n\t\t\t\t\t<div class=\"wd-post-img\">\n\t\t\t\t<img width=\"470\" height=\"311\" src=\"https:\/\/leguidedesmontres.com\/fr\/wp-content\/uploads\/2025\/06\/96_6d833246_8261_4eb3_9731_b7acaf7b0ce2augure.jpg\" class=\"attachment-large size-large\" alt=\"\" decoding=\"async\" srcset=\"https:\/\/leguidedesmontres.com\/fr\/wp-content\/uploads\/2025\/06\/96_6d833246_8261_4eb3_9731_b7acaf7b0ce2augure.jpg 470w, https:\/\/leguidedesmontres.com\/fr\/wp-content\/uploads\/2025\/06\/96_6d833246_8261_4eb3_9731_b7acaf7b0ce2augure-300x199.jpg 300w, https:\/\/leguidedesmontres.com\/fr\/wp-content\/uploads\/2025\/06\/96_6d833246_8261_4eb3_9731_b7acaf7b0ce2augure-150x99.jpg 150w\" sizes=\"(max-width: 470px) 100vw, 470px\" \/>\t\t\t<\/div>\n\t\t\n\t\t\t\t<a class=\"wd-post-link wd-fill\" href=\"https:\/\/leguidedesmontres.com\/fr\/actualites\/jaeger-lecoultre-inaugure-sa-boutique-place-vendome\/\" rel=\"bookmark\" aria-label=\"Link on post Jaeger-LeCoultre inaugure sa boutique Place Vend\u00f4me\"><\/a>\n\n\t\t\n\t<\/div>\n\n\t<div class=\"wd-post-content\">\n\t\t<div class=\"wd-post-entry-meta\">\n\t\t\t\n\n\t\t\t\t\t\t\t<div class=\"wd-modified-date\">\n\t\t\t\t\t\t\t<time class=\"updated\" datetime=\"2012-11-21T19:59:18+02:00\">\n\t\t\t21\/11\/2012\t\t<\/time>\n\t\t\t\t\t\t<\/div>\n\n\t\t\t\t<div class=\"wd-meta-date\">\n\t\t\t\t\t21 Nov 2012\t\t\t\t<\/div>\n\t\t\t\t\t<\/div>\n\n\t\t\t\t\t<h3 class=\"wd-entities-title title post-title\">\n\t\t\t\t<a href=\"https:\/\/leguidedesmontres.com\/fr\/actualites\/jaeger-lecoultre-inaugure-sa-boutique-place-vendome\/\" rel=\"bookmark\">\n\t\t\t\t\tJaeger-LeCoultre inaugure sa boutique Place Vend\u00f4me\t\t\t\t<\/a>\n\t\t\t<\/h3>\n\t\t\n\t\t\t\t\t<div class=\"wd-post-desc\">\n\t\t\t\t\t\t\t\t\t20 novembre 2012, Paris \u2013 \u00c0 la veille de la c\u00e9l\u00e9bration du 180e anniversaire de sa Manufacture, Jaeg...\t\t\t\t\t\t\t<\/div>\n\t\t\n\t\t\t\t\t\t\t\t\t\t<div class=\"wd-read-more\">\n\t\t\t\t\t\t<a class=\"btn-read-more more-link\" href=\"https:\/\/leguidedesmontres.com\/fr\/actualites\/jaeger-lecoultre-inaugure-sa-boutique-place-vendome\/\">En savoir plus<\/a>\t\t\t\t\t<\/div>\n\t\t\t\t\t\t\t<\/div>\n\n\t\t\t<\/div>\n\t<\/article>\n\t\t\t\t\t\t\t\t\t\t\t\n<article id=\"post-9435\" class=\"wd-post blog-design-meta-image blog-post-loop blog-style-bg wd-col post-9435 post type-post status-publish format-standard has-post-thumbnail hentry category-a-lange-sohne category-b-r-m category-baume-et-mercier category-bell-ross category-blancpain category-chanel category-hermes category-hublot category-jaeger-lecoultre category-panerai category-pequignet category-tag-heuer category-vacheron-constantin category-zenith tag-a-voir\">\n\t\t\t<div class=\"wd-post-inner\">\n\t\n\t<div class=\"wd-post-thumb color-scheme-light\">\n\t\t\t\t\t<div class=\"wd-post-img\">\n\t\t\t\t<img width=\"620\" height=\"853\" src=\"https:\/\/leguidedesmontres.com\/fr\/wp-content\/uploads\/2025\/06\/82_affiche_salon_les_montres_novembre_2012.jpg\" class=\"attachment-large size-large\" alt=\"\" decoding=\"async\" srcset=\"https:\/\/leguidedesmontres.com\/fr\/wp-content\/uploads\/2025\/06\/82_affiche_salon_les_montres_novembre_2012.jpg 620w, https:\/\/leguidedesmontres.com\/fr\/wp-content\/uploads\/2025\/06\/82_affiche_salon_les_montres_novembre_2012-218x300.jpg 218w, https:\/\/leguidedesmontres.com\/fr\/wp-content\/uploads\/2025\/06\/82_affiche_salon_les_montres_novembre_2012-150x206.jpg 150w\" sizes=\"(max-width: 620px) 100vw, 620px\" \/>\t\t\t<\/div>\n\t\t\n\t\t\t\t<a class=\"wd-post-link wd-fill\" href=\"https:\/\/leguidedesmontres.com\/fr\/actualites\/salon-les-montres-les-8-9-et-10-novembre-2012\/\" rel=\"bookmark\" aria-label=\"Link on post Salon Les Montres les 8, 9 et 10 novembre 2012\"><\/a>\n\n\t\t\n\t<\/div>\n\n\t<div class=\"wd-post-content\">\n\t\t<div class=\"wd-post-entry-meta\">\n\t\t\t\n\n\t\t\t\t\t\t\t<div class=\"wd-modified-date\">\n\t\t\t\t\t\t\t<time class=\"updated\" datetime=\"2012-10-26T17:18:04+02:00\">\n\t\t\t26\/10\/2012\t\t<\/time>\n\t\t\t\t\t\t<\/div>\n\n\t\t\t\t<div class=\"wd-meta-date\">\n\t\t\t\t\t26 Oct 2012\t\t\t\t<\/div>\n\t\t\t\t\t<\/div>\n\n\t\t\t\t\t<h3 class=\"wd-entities-title title post-title\">\n\t\t\t\t<a href=\"https:\/\/leguidedesmontres.com\/fr\/actualites\/salon-les-montres-les-8-9-et-10-novembre-2012\/\" rel=\"bookmark\">\n\t\t\t\t\tSalon Les Montres les 8, 9 et 10 novembre 2012\t\t\t\t<\/a>\n\t\t\t<\/h3>\n\t\t\n\t\t\t\t\t<div class=\"wd-post-desc\">\n\t\t\t\t\t\t\t\t\tVoyage d\u2019exception au c\u0153ur de la cr\u00e9ation et du savoir-faire horloger, le salon \u00ab Les Montres \u00bb donn...\t\t\t\t\t\t\t<\/div>\n\t\t\n\t\t\t\t\t\t\t\t\t\t<div class=\"wd-read-more\">\n\t\t\t\t\t\t<a class=\"btn-read-more more-link\" href=\"https:\/\/leguidedesmontres.com\/fr\/actualites\/salon-les-montres-les-8-9-et-10-novembre-2012\/\">En savoir plus<\/a>\t\t\t\t\t<\/div>\n\t\t\t\t\t\t\t<\/div>\n\n\t\t\t<\/div>\n\t<\/article>\n\t\t\t\t\t\t\t\t\t\t\t\n<article id=\"post-9732\" class=\"wd-post blog-design-meta-image blog-post-loop blog-style-bg wd-col post-9732 post type-post status-publish format-standard has-post-thumbnail hentry category-jaeger-lecoultre tag-videos\">\n\t\t\t<div class=\"wd-post-inner\">\n\t\n\t<div class=\"wd-post-thumb color-scheme-light\">\n\t\t\t\t\t<div class=\"wd-post-img\">\n\t\t\t\t<img width=\"1\" height=\"1\" src=\"https:\/\/leguidedesmontres.com\/fr\/wp-content\/uploads\/2025\/06\/33_jlc_video.jpg\" class=\"attachment-large size-large\" alt=\"image failed\" decoding=\"async\" \/>\t\t\t<\/div>\n\t\t\n\t\t\t\t<a class=\"wd-post-link wd-fill\" href=\"https:\/\/leguidedesmontres.com\/fr\/actualites\/jaeger-lecoultre-master-compressor-extreme-lab-2\/\" rel=\"bookmark\" aria-label=\"Link on post Jaeger -LeCoultre Master Compressor Extreme Lab 2\"><\/a>\n\n\t\t\n\t<\/div>\n\n\t<div class=\"wd-post-content\">\n\t\t<div class=\"wd-post-entry-meta\">\n\t\t\t\n\n\t\t\t\t\t\t\t<div class=\"wd-modified-date\">\n\t\t\t\t\t\t\t<time class=\"updated\" datetime=\"2012-09-27T15:38:05+02:00\">\n\t\t\t27\/09\/2012\t\t<\/time>\n\t\t\t\t\t\t<\/div>\n\n\t\t\t\t<div class=\"wd-meta-date\">\n\t\t\t\t\t27 Sep 2012\t\t\t\t<\/div>\n\t\t\t\t\t<\/div>\n\n\t\t\t\t\t<h3 class=\"wd-entities-title title post-title\">\n\t\t\t\t<a href=\"https:\/\/leguidedesmontres.com\/fr\/actualites\/jaeger-lecoultre-master-compressor-extreme-lab-2\/\" rel=\"bookmark\">\n\t\t\t\t\tJaeger -LeCoultre Master Compressor Extreme Lab 2\t\t\t\t<\/a>\n\t\t\t<\/h3>\n\t\t\n\t\t\t\t\t<div class=\"wd-post-desc\">\n\t\t\t\t\t\t\t\t\thttp:\/\/vimeo.com\/50290760\t\t\t\t\t\t\t<\/div>\n\t\t\n\t\t\t\t\t\t\t\t\t\t<div class=\"wd-read-more\">\n\t\t\t\t\t\t<a class=\"btn-read-more more-link\" href=\"https:\/\/leguidedesmontres.com\/fr\/actualites\/jaeger-lecoultre-master-compressor-extreme-lab-2\/\">En savoir plus<\/a>\t\t\t\t\t<\/div>\n\t\t\t\t\t\t\t<\/div>\n\n\t\t\t<\/div>\n\t<\/article>\n\t\t\t\t\t\t\t\t\t\t\t\n<article id=\"post-9479\" class=\"wd-post blog-design-meta-image blog-post-loop blog-style-bg wd-col post-9479 post type-post status-publish format-standard has-post-thumbnail hentry category-jaeger-lecoultre tag-clin-doeil\">\n\t\t\t<div class=\"wd-post-inner\">\n\t\n\t<div class=\"wd-post-thumb color-scheme-light\">\n\t\t\t\t\t<div class=\"wd-post-img\">\n\t\t\t\t<img width=\"620\" height=\"646\" src=\"https:\/\/leguidedesmontres.com\/fr\/wp-content\/uploads\/2025\/06\/58_resizemiel.jpg\" class=\"attachment-large size-large\" alt=\"\" decoding=\"async\" srcset=\"https:\/\/leguidedesmontres.com\/fr\/wp-content\/uploads\/2025\/06\/58_resizemiel.jpg 620w, https:\/\/leguidedesmontres.com\/fr\/wp-content\/uploads\/2025\/06\/58_resizemiel-288x300.jpg 288w, https:\/\/leguidedesmontres.com\/fr\/wp-content\/uploads\/2025\/06\/58_resizemiel-150x156.jpg 150w\" sizes=\"(max-width: 620px) 100vw, 620px\" \/>\t\t\t<\/div>\n\t\t\n\t\t\t\t<a class=\"wd-post-link wd-fill\" href=\"https:\/\/leguidedesmontres.com\/fr\/actualites\/jaeger-lecoultre-devient-producteur-demiel\/\" rel=\"bookmark\" aria-label=\"Link on post Jaeger-LeCoultre devient  producteur de\u2026miel\"><\/a>\n\n\t\t\n\t<\/div>\n\n\t<div class=\"wd-post-content\">\n\t\t<div class=\"wd-post-entry-meta\">\n\t\t\t\n\n\t\t\t\t\t\t\t<div class=\"wd-modified-date\">\n\t\t\t\t\t\t\t<time class=\"updated\" datetime=\"2012-09-19T11:47:56+02:00\">\n\t\t\t19\/09\/2012\t\t<\/time>\n\t\t\t\t\t\t<\/div>\n\n\t\t\t\t<div class=\"wd-meta-date\">\n\t\t\t\t\t19 Sep 2012\t\t\t\t<\/div>\n\t\t\t\t\t<\/div>\n\n\t\t\t\t\t<h3 class=\"wd-entities-title title post-title\">\n\t\t\t\t<a href=\"https:\/\/leguidedesmontres.com\/fr\/actualites\/jaeger-lecoultre-devient-producteur-demiel\/\" rel=\"bookmark\">\n\t\t\t\t\tJaeger-LeCoultre devient  producteur de\u2026miel\t\t\t\t<\/a>\n\t\t\t<\/h3>\n\t\t\n\t\t\t\t\t<div class=\"wd-post-desc\">\n\t\t\t\t\t\t\t\t\tL\u2019info a le m\u00e9rite de l\u2019originalit\u00e9 : apr\u00e8s Jean-Claude Biver qui terminait syst\u00e9matiquement ses con...\t\t\t\t\t\t\t<\/div>\n\t\t\n\t\t\t\t\t\t\t\t\t\t<div class=\"wd-read-more\">\n\t\t\t\t\t\t<a class=\"btn-read-more more-link\" href=\"https:\/\/leguidedesmontres.com\/fr\/actualites\/jaeger-lecoultre-devient-producteur-demiel\/\">En savoir plus<\/a>\t\t\t\t\t<\/div>\n\t\t\t\t\t\t\t<\/div>\n\n\t\t\t<\/div>\n\t<\/article>\n\t\t\t\t\t\t\t\t\t\t\t\n<article id=\"post-9733\" class=\"wd-post blog-design-meta-image blog-post-loop blog-style-bg wd-col post-9733 post type-post status-publish format-standard has-post-thumbnail hentry category-jaeger-lecoultre tag-videos\">\n\t\t\t<div class=\"wd-post-inner\">\n\t\n\t<div class=\"wd-post-thumb color-scheme-light\">\n\t\t\t\t\t<div class=\"wd-post-img\">\n\t\t\t\t<img width=\"1\" height=\"1\" src=\"https:\/\/leguidedesmontres.com\/fr\/wp-content\/uploads\/2025\/06\/32_jlc_duometre.jpg\" class=\"attachment-large size-large\" alt=\"image failed\" decoding=\"async\" \/>\t\t\t<\/div>\n\t\t\n\t\t\t\t<a class=\"wd-post-link wd-fill\" href=\"https:\/\/leguidedesmontres.com\/fr\/actualites\/jaeger-lecoultre-duometre-a-spherotourbillon\/\" rel=\"bookmark\" aria-label=\"Link on post Jaeger LeCoultre Duom\u00e8tre \u00e0 Sph\u00e9rotourbillon\"><\/a>\n\n\t\t\n\t<\/div>\n\n\t<div class=\"wd-post-content\">\n\t\t<div class=\"wd-post-entry-meta\">\n\t\t\t\n\n\t\t\t\t\t\t\t<div class=\"wd-modified-date\">\n\t\t\t\t\t\t\t<time class=\"updated\" datetime=\"2012-09-14T19:51:20+02:00\">\n\t\t\t14\/09\/2012\t\t<\/time>\n\t\t\t\t\t\t<\/div>\n\n\t\t\t\t<div class=\"wd-meta-date\">\n\t\t\t\t\t14 Sep 2012\t\t\t\t<\/div>\n\t\t\t\t\t<\/div>\n\n\t\t\t\t\t<h3 class=\"wd-entities-title title post-title\">\n\t\t\t\t<a href=\"https:\/\/leguidedesmontres.com\/fr\/actualites\/jaeger-lecoultre-duometre-a-spherotourbillon\/\" rel=\"bookmark\">\n\t\t\t\t\tJaeger LeCoultre Duom\u00e8tre \u00e0 Sph\u00e9rotourbillon\t\t\t\t<\/a>\n\t\t\t<\/h3>\n\t\t\n\t\t\t\t\t<div class=\"wd-post-desc\">\n\t\t\t\t\t\t\t\t\thttp:\/\/vimeo.com\/49465467\t\t\t\t\t\t\t<\/div>\n\t\t\n\t\t\t\t\t\t\t\t\t\t<div class=\"wd-read-more\">\n\t\t\t\t\t\t<a class=\"btn-read-more more-link\" href=\"https:\/\/leguidedesmontres.com\/fr\/actualites\/jaeger-lecoultre-duometre-a-spherotourbillon\/\">En savoir plus<\/a>\t\t\t\t\t<\/div>\n\t\t\t\t\t\t\t<\/div>\n\n\t\t\t<\/div>\n\t<\/article>\n\t\t\t\t\t\t\t\t\t\t\t\n<article id=\"post-9485\" class=\"wd-post blog-design-meta-image blog-post-loop blog-style-bg wd-col post-9485 post type-post status-publish format-standard has-post-thumbnail hentry category-jaeger-lecoultre tag-au-fil-de-lactualite\">\n\t\t\t<div class=\"wd-post-inner\">\n\t\n\t<div class=\"wd-post-thumb color-scheme-light\">\n\t\t\t\t\t<div class=\"wd-post-img\">\n\t\t\t\t<img width=\"620\" height=\"433\" src=\"https:\/\/leguidedesmontres.com\/fr\/wp-content\/uploads\/2025\/06\/55_rendez_vous_night__day_pg.jpg\" class=\"attachment-large size-large\" alt=\"\" decoding=\"async\" srcset=\"https:\/\/leguidedesmontres.com\/fr\/wp-content\/uploads\/2025\/06\/55_rendez_vous_night__day_pg.jpg 620w, https:\/\/leguidedesmontres.com\/fr\/wp-content\/uploads\/2025\/06\/55_rendez_vous_night__day_pg-300x210.jpg 300w, https:\/\/leguidedesmontres.com\/fr\/wp-content\/uploads\/2025\/06\/55_rendez_vous_night__day_pg-150x105.jpg 150w\" sizes=\"(max-width: 620px) 100vw, 620px\" \/>\t\t\t<\/div>\n\t\t\n\t\t\t\t<a class=\"wd-post-link wd-fill\" href=\"https:\/\/leguidedesmontres.com\/fr\/actualites\/le-point-sur-les-nouveautes-2012\/\" rel=\"bookmark\" aria-label=\"Link on post Le point sur les nouveaut\u00e9s 2012\"><\/a>\n\n\t\t\n\t<\/div>\n\n\t<div class=\"wd-post-content\">\n\t\t<div class=\"wd-post-entry-meta\">\n\t\t\t\n\n\t\t\t\t\t\t\t<div class=\"wd-modified-date\">\n\t\t\t\t\t\t\t<time class=\"updated\" datetime=\"2012-09-14T19:27:45+02:00\">\n\t\t\t14\/09\/2012\t\t<\/time>\n\t\t\t\t\t\t<\/div>\n\n\t\t\t\t<div class=\"wd-meta-date\">\n\t\t\t\t\t14 Sep 2012\t\t\t\t<\/div>\n\t\t\t\t\t<\/div>\n\n\t\t\t\t\t<h3 class=\"wd-entities-title title post-title\">\n\t\t\t\t<a href=\"https:\/\/leguidedesmontres.com\/fr\/actualites\/le-point-sur-les-nouveautes-2012\/\" rel=\"bookmark\">\n\t\t\t\t\tLe point sur les nouveaut\u00e9s 2012\t\t\t\t<\/a>\n\t\t\t<\/h3>\n\t\t\n\t\t\t\t\t<div class=\"wd-post-desc\">\n\t\t\t\t\t\t\t\t\tFloril\u00e8ge de nouveaut\u00e9s chez Jaeger-LeCoultre. Nombre de collections se voient agr\u00e9ment\u00e9es de nouvel...\t\t\t\t\t\t\t<\/div>\n\t\t\n\t\t\t\t\t\t\t\t\t\t<div class=\"wd-read-more\">\n\t\t\t\t\t\t<a class=\"btn-read-more more-link\" href=\"https:\/\/leguidedesmontres.com\/fr\/actualites\/le-point-sur-les-nouveautes-2012\/\">En savoir plus<\/a>\t\t\t\t\t<\/div>\n\t\t\t\t\t\t\t<\/div>\n\n\t\t\t<\/div>\n\t<\/article>\n\t\t\t\t\t\t\t\t\t\t\t\n<article id=\"post-9503\" class=\"wd-post blog-design-meta-image blog-post-loop blog-style-bg wd-col post-9503 post type-post status-publish format-standard has-post-thumbnail hentry category-bell-ross category-iwc category-jaeger-lecoultre category-tag-heuer category-zenith tag-au-fil-de-lactualite\">\n\t\t\t<div class=\"wd-post-inner\">\n\t\n\t<div class=\"wd-post-thumb color-scheme-light\">\n\t\t\t\t\t<div class=\"wd-post-img\">\n\t\t\t\t<img width=\"600\" height=\"542\" src=\"https:\/\/leguidedesmontres.com\/fr\/wp-content\/uploads\/2025\/06\/46_banniere1.jpg\" class=\"attachment-large size-large\" alt=\"\" decoding=\"async\" srcset=\"https:\/\/leguidedesmontres.com\/fr\/wp-content\/uploads\/2025\/06\/46_banniere1.jpg 600w, https:\/\/leguidedesmontres.com\/fr\/wp-content\/uploads\/2025\/06\/46_banniere1-300x271.jpg 300w, https:\/\/leguidedesmontres.com\/fr\/wp-content\/uploads\/2025\/06\/46_banniere1-150x136.jpg 150w\" sizes=\"(max-width: 600px) 100vw, 600px\" \/>\t\t\t<\/div>\n\t\t\n\t\t\t\t<a class=\"wd-post-link wd-fill\" href=\"https:\/\/leguidedesmontres.com\/fr\/actualites\/inauguration-du-nouvel-espace-haute-horlogerie-au-printemps-haussmann\/\" rel=\"bookmark\" aria-label=\"Link on post Inauguration du nouvel espace Haute Horlogerie au Printemps Haussmann\"><\/a>\n\n\t\t\n\t<\/div>\n\n\t<div class=\"wd-post-content\">\n\t\t<div class=\"wd-post-entry-meta\">\n\t\t\t\n\n\t\t\t\t\t\t\t<div class=\"wd-modified-date\">\n\t\t\t\t\t\t\t<time class=\"updated\" datetime=\"2012-09-05T19:43:02+02:00\">\n\t\t\t05\/09\/2012\t\t<\/time>\n\t\t\t\t\t\t<\/div>\n\n\t\t\t\t<div class=\"wd-meta-date\">\n\t\t\t\t\t05 Sep 2012\t\t\t\t<\/div>\n\t\t\t\t\t<\/div>\n\n\t\t\t\t\t<h3 class=\"wd-entities-title title post-title\">\n\t\t\t\t<a href=\"https:\/\/leguidedesmontres.com\/fr\/actualites\/inauguration-du-nouvel-espace-haute-horlogerie-au-printemps-haussmann\/\" rel=\"bookmark\">\n\t\t\t\t\tInauguration du nouvel espace Haute Horlogerie au Printemps Haussmann\t\t\t\t<\/a>\n\t\t\t<\/h3>\n\t\t\n\t\t\t\t\t<div class=\"wd-post-desc\">\n\t\t\t\t\t\t\t\t\tLe Printemps Haussmann inaugure son nouvel espace d\u00e9di\u00e9 \u00e0 la Haute Horlogerie au rez-de-chauss\u00e9e du ...\t\t\t\t\t\t\t<\/div>\n\t\t\n\t\t\t\t\t\t\t\t\t\t<div class=\"wd-read-more\">\n\t\t\t\t\t\t<a class=\"btn-read-more more-link\" href=\"https:\/\/leguidedesmontres.com\/fr\/actualites\/inauguration-du-nouvel-espace-haute-horlogerie-au-printemps-haussmann\/\">En savoir plus<\/a>\t\t\t\t\t<\/div>\n\t\t\t\t\t\t\t<\/div>\n\n\t\t\t<\/div>\n\t<\/article>\n\t\t\t\t\t\t\t\t\t\t\t\n<article id=\"post-9505\" class=\"wd-post blog-design-meta-image blog-post-loop blog-style-bg wd-col post-9505 post type-post status-publish format-standard has-post-thumbnail hentry category-jaeger-lecoultre tag-wrist-shots\">\n\t\t\t<div class=\"wd-post-inner\">\n\t\n\t<div class=\"wd-post-thumb color-scheme-light\">\n\t\t\t\t\t<div class=\"wd-post-img\">\n\t\t\t\t<img width=\"620\" height=\"465\" src=\"https:\/\/leguidedesmontres.com\/fr\/wp-content\/uploads\/2025\/06\/45_img_2787.jpg\" class=\"attachment-large size-large\" alt=\"\" decoding=\"async\" srcset=\"https:\/\/leguidedesmontres.com\/fr\/wp-content\/uploads\/2025\/06\/45_img_2787.jpg 620w, https:\/\/leguidedesmontres.com\/fr\/wp-content\/uploads\/2025\/06\/45_img_2787-300x225.jpg 300w, https:\/\/leguidedesmontres.com\/fr\/wp-content\/uploads\/2025\/06\/45_img_2787-150x113.jpg 150w\" sizes=\"(max-width: 620px) 100vw, 620px\" \/>\t\t\t<\/div>\n\t\t\n\t\t\t\t<a class=\"wd-post-link wd-fill\" href=\"https:\/\/leguidedesmontres.com\/fr\/actualites\/jaeger-lecoultre-squadra-world-chronograph\/\" rel=\"bookmark\" aria-label=\"Link on post Jaeger-LeCoultre Squadra World Chronograph\"><\/a>\n\n\t\t\n\t<\/div>\n\n\t<div class=\"wd-post-content\">\n\t\t<div class=\"wd-post-entry-meta\">\n\t\t\t\n\n\t\t\t\t\t\t\t<div class=\"wd-modified-date\">\n\t\t\t\t\t\t\t<time class=\"updated\" datetime=\"2012-09-04T19:24:09+02:00\">\n\t\t\t04\/09\/2012\t\t<\/time>\n\t\t\t\t\t\t<\/div>\n\n\t\t\t\t<div class=\"wd-meta-date\">\n\t\t\t\t\t04 Sep 2012\t\t\t\t<\/div>\n\t\t\t\t\t<\/div>\n\n\t\t\t\t\t<h3 class=\"wd-entities-title title post-title\">\n\t\t\t\t<a href=\"https:\/\/leguidedesmontres.com\/fr\/actualites\/jaeger-lecoultre-squadra-world-chronograph\/\" rel=\"bookmark\">\n\t\t\t\t\tJaeger-LeCoultre Squadra World Chronograph\t\t\t\t<\/a>\n\t\t\t<\/h3>\n\t\t\n\t\t\t\t\t<div class=\"wd-post-desc\">\n\t\t\t\t\t\t\t\t\tRecto\n \n \n\n Verso\t\t\t\t\t\t\t<\/div>\n\t\t\n\t\t\t\t\t\t\t\t\t\t<div class=\"wd-read-more\">\n\t\t\t\t\t\t<a class=\"btn-read-more more-link\" href=\"https:\/\/leguidedesmontres.com\/fr\/actualites\/jaeger-lecoultre-squadra-world-chronograph\/\">En savoir plus<\/a>\t\t\t\t\t<\/div>\n\t\t\t\t\t\t\t<\/div>\n\n\t\t\t<\/div>\n\t<\/article>\n\t\t\t\t\t\n\t\t\t\t\t","status":"have-posts","nextPage":"https:\/\/leguidedesmontres.com\/fr\/actualites\/marque\/jaeger-lecoultre\/page\/4\/?woo_ajax=1","currentPage":"https:\/\/leguidedesmontres.com\/fr\/actualites\/marque\/jaeger-lecoultre\/page\/3"}