
			
				

					
				

			
		{"items":"\n\t\t\t\t\t\t\t\t\t\t\t\n<article id=\"post-8764\" class=\"wd-post blog-design-meta-image blog-post-loop blog-style-bg wd-col post-8764 post type-post status-publish format-standard has-post-thumbnail hentry category-patek-philippe tag-au-fil-de-lactualite\">\n\t\t\t<div class=\"wd-post-inner\">\n\t\n\t<div class=\"wd-post-thumb color-scheme-light\">\n\t\t\t\t\t<div class=\"wd-post-img\">\n\t\t\t\t<img width=\"620\" height=\"589\" src=\"https:\/\/leguidedesmontres.com\/fr\/wp-content\/uploads\/2025\/06\/432_patek_philippe_supercomplication_henry_graves.jpg\" class=\"attachment-large size-large\" alt=\"\" decoding=\"async\" srcset=\"https:\/\/leguidedesmontres.com\/fr\/wp-content\/uploads\/2025\/06\/432_patek_philippe_supercomplication_henry_graves.jpg 620w, https:\/\/leguidedesmontres.com\/fr\/wp-content\/uploads\/2025\/06\/432_patek_philippe_supercomplication_henry_graves-300x285.jpg 300w, https:\/\/leguidedesmontres.com\/fr\/wp-content\/uploads\/2025\/06\/432_patek_philippe_supercomplication_henry_graves-150x143.jpg 150w\" sizes=\"(max-width: 620px) 100vw, 620px\" \/>\t\t\t<\/div>\n\t\t\n\t\t\t\t<a class=\"wd-post-link wd-fill\" href=\"https:\/\/leguidedesmontres.com\/fr\/actualites\/la-montre-la-plus-chere-du-monde\/\" rel=\"bookmark\" aria-label=\"Link on post La montre la plus ch\u00e8re du monde\"><\/a>\n\n\t\t\n\t<\/div>\n\n\t<div class=\"wd-post-content\">\n\t\t<div class=\"wd-post-entry-meta\">\n\t\t\t\n\n\t\t\t\t\t\t\t<div class=\"wd-modified-date\">\n\t\t\t\t\t\t\t<time class=\"updated\" datetime=\"2014-11-12T00:05:08+02:00\">\n\t\t\t12\/11\/2014\t\t<\/time>\n\t\t\t\t\t\t<\/div>\n\n\t\t\t\t<div class=\"wd-meta-date\">\n\t\t\t\t\t12 Nov 2014\t\t\t\t<\/div>\n\t\t\t\t\t<\/div>\n\n\t\t\t\t\t<h3 class=\"wd-entities-title title post-title\">\n\t\t\t\t<a href=\"https:\/\/leguidedesmontres.com\/fr\/actualites\/la-montre-la-plus-chere-du-monde\/\" rel=\"bookmark\">\n\t\t\t\t\tLa montre la plus ch\u00e8re du monde\t\t\t\t<\/a>\n\t\t\t<\/h3>\n\t\t\n\t\t\t\t\t<div class=\"wd-post-desc\">\n\t\t\t\t\t\t\t\t\t20 600 000 CHF, c\u2019est le montant adjug\u00e9 au marteau il y a quelques heures chez Sotheby\u2019s de la Patek...\t\t\t\t\t\t\t<\/div>\n\t\t\n\t\t\t\t\t\t\t\t\t\t<div class=\"wd-read-more\">\n\t\t\t\t\t\t<a class=\"btn-read-more more-link\" href=\"https:\/\/leguidedesmontres.com\/fr\/actualites\/la-montre-la-plus-chere-du-monde\/\">En savoir plus<\/a>\t\t\t\t\t<\/div>\n\t\t\t\t\t\t\t<\/div>\n\n\t\t\t<\/div>\n\t<\/article>\n\t\t\t\t\t\t\t\t\t\t\t\n<article id=\"post-8784\" class=\"wd-post blog-design-meta-image blog-post-loop blog-style-bg wd-col post-8784 post type-post status-publish format-standard has-post-thumbnail hentry category-patek-philippe tag-coup-de-coeur\">\n\t\t\t<div class=\"wd-post-inner\">\n\t\n\t<div class=\"wd-post-thumb color-scheme-light\">\n\t\t\t\t\t<div class=\"wd-post-img\">\n\t\t\t\t<img width=\"620\" height=\"779\" src=\"https:\/\/leguidedesmontres.com\/fr\/wp-content\/uploads\/2025\/06\/422_patek_philippe_grandmaster_chime_ref._5175_wristwatch_calendar.jpg\" class=\"attachment-large size-large\" alt=\"\" decoding=\"async\" srcset=\"https:\/\/leguidedesmontres.com\/fr\/wp-content\/uploads\/2025\/06\/422_patek_philippe_grandmaster_chime_ref._5175_wristwatch_calendar.jpg 620w, https:\/\/leguidedesmontres.com\/fr\/wp-content\/uploads\/2025\/06\/422_patek_philippe_grandmaster_chime_ref._5175_wristwatch_calendar-239x300.jpg 239w, https:\/\/leguidedesmontres.com\/fr\/wp-content\/uploads\/2025\/06\/422_patek_philippe_grandmaster_chime_ref._5175_wristwatch_calendar-150x188.jpg 150w\" sizes=\"(max-width: 620px) 100vw, 620px\" \/>\t\t\t<\/div>\n\t\t\n\t\t\t\t<a class=\"wd-post-link wd-fill\" href=\"https:\/\/leguidedesmontres.com\/fr\/actualites\/grandmaster-chime-lultracomplication-des-175-ans-de-patek-philippe\/\" rel=\"bookmark\" aria-label=\"Link on post Grandmaster Chime, l\u2019ultracomplication  des 175 ans de Patek Philippe\"><\/a>\n\n\t\t\n\t<\/div>\n\n\t<div class=\"wd-post-content\">\n\t\t<div class=\"wd-post-entry-meta\">\n\t\t\t\n\n\t\t\t\t\t\t\t<div class=\"wd-modified-date\">\n\t\t\t\t\t\t\t<time class=\"updated\" datetime=\"2014-10-17T23:27:39+02:00\">\n\t\t\t17\/10\/2014\t\t<\/time>\n\t\t\t\t\t\t<\/div>\n\n\t\t\t\t<div class=\"wd-meta-date\">\n\t\t\t\t\t17 Oct 2014\t\t\t\t<\/div>\n\t\t\t\t\t<\/div>\n\n\t\t\t\t\t<h3 class=\"wd-entities-title title post-title\">\n\t\t\t\t<a href=\"https:\/\/leguidedesmontres.com\/fr\/actualites\/grandmaster-chime-lultracomplication-des-175-ans-de-patek-philippe\/\" rel=\"bookmark\">\n\t\t\t\t\tGrandmaster Chime, l\u2019ultracomplication  des 175 ans de Patek Philippe\t\t\t\t<\/a>\n\t\t\t<\/h3>\n\t\t\n\t\t\t\t\t<div class=\"wd-post-desc\">\n\t\t\t\t\t\t\t\t\tLa tr\u00e8s discr\u00e8te Patek Philippe avait pr\u00e9venu : elle ne f\u00eatera pas ses 175 ans dans le faste d\u2019usage...\t\t\t\t\t\t\t<\/div>\n\t\t\n\t\t\t\t\t\t\t\t\t\t<div class=\"wd-read-more\">\n\t\t\t\t\t\t<a class=\"btn-read-more more-link\" href=\"https:\/\/leguidedesmontres.com\/fr\/actualites\/grandmaster-chime-lultracomplication-des-175-ans-de-patek-philippe\/\">En savoir plus<\/a>\t\t\t\t\t<\/div>\n\t\t\t\t\t\t\t<\/div>\n\n\t\t\t<\/div>\n\t<\/article>\n\t\t\t\t\t\t\t\t\t\t\t\n<article id=\"post-8792\" class=\"wd-post blog-design-meta-image blog-post-loop blog-style-bg wd-col post-8792 post type-post status-publish format-standard has-post-thumbnail hentry category-patek-philippe tag-vintage\">\n\t\t\t<div class=\"wd-post-inner\">\n\t\n\t<div class=\"wd-post-thumb color-scheme-light\">\n\t\t\t\t\t<div class=\"wd-post-img\">\n\t\t\t\t<img width=\"620\" height=\"677\" src=\"https:\/\/leguidedesmontres.com\/fr\/wp-content\/uploads\/2025\/06\/418_henry_graves_pocket_watch.jpg\" class=\"attachment-large size-large\" alt=\"\" decoding=\"async\" srcset=\"https:\/\/leguidedesmontres.com\/fr\/wp-content\/uploads\/2025\/06\/418_henry_graves_pocket_watch.jpg 620w, https:\/\/leguidedesmontres.com\/fr\/wp-content\/uploads\/2025\/06\/418_henry_graves_pocket_watch-275x300.jpg 275w, https:\/\/leguidedesmontres.com\/fr\/wp-content\/uploads\/2025\/06\/418_henry_graves_pocket_watch-150x164.jpg 150w\" sizes=\"(max-width: 620px) 100vw, 620px\" \/>\t\t\t<\/div>\n\t\t\n\t\t\t\t<a class=\"wd-post-link wd-fill\" href=\"https:\/\/leguidedesmontres.com\/fr\/actualites\/supercomplication-henry-graves-chez-sothebys-la-limite-du-raisonnable\/\" rel=\"bookmark\" aria-label=\"Link on post Supercomplication Henry Graves chez Sotheby&rsquo;s : la limite du raisonnable ?\"><\/a>\n\n\t\t\n\t<\/div>\n\n\t<div class=\"wd-post-content\">\n\t\t<div class=\"wd-post-entry-meta\">\n\t\t\t\n\n\t\t\t\t\t\t\t<div class=\"wd-modified-date\">\n\t\t\t\t\t\t\t<time class=\"updated\" datetime=\"2014-10-10T19:36:09+02:00\">\n\t\t\t10\/10\/2014\t\t<\/time>\n\t\t\t\t\t\t<\/div>\n\n\t\t\t\t<div class=\"wd-meta-date\">\n\t\t\t\t\t10 Oct 2014\t\t\t\t<\/div>\n\t\t\t\t\t<\/div>\n\n\t\t\t\t\t<h3 class=\"wd-entities-title title post-title\">\n\t\t\t\t<a href=\"https:\/\/leguidedesmontres.com\/fr\/actualites\/supercomplication-henry-graves-chez-sothebys-la-limite-du-raisonnable\/\" rel=\"bookmark\">\n\t\t\t\t\tSupercomplication Henry Graves chez Sotheby&rsquo;s : la limite du raisonnable ?\t\t\t\t<\/a>\n\t\t\t<\/h3>\n\t\t\n\t\t\t\t\t<div class=\"wd-post-desc\">\n\t\t\t\t\t\t\t\t\tLe 11 novembre prochain, il n\u2019y aura pas d\u2019Armistice horlog\u00e8re. Sotheby\u2019s mettra en effet en vente \u00e0...\t\t\t\t\t\t\t<\/div>\n\t\t\n\t\t\t\t\t\t\t\t\t\t<div class=\"wd-read-more\">\n\t\t\t\t\t\t<a class=\"btn-read-more more-link\" href=\"https:\/\/leguidedesmontres.com\/fr\/actualites\/supercomplication-henry-graves-chez-sothebys-la-limite-du-raisonnable\/\">En savoir plus<\/a>\t\t\t\t\t<\/div>\n\t\t\t\t\t\t\t<\/div>\n\n\t\t\t<\/div>\n\t<\/article>\n\t\t\t\t\t\t\t\t\t\t\t\n<article id=\"post-8870\" class=\"wd-post blog-design-meta-image blog-post-loop blog-style-bg wd-col post-8870 post type-post status-publish format-standard has-post-thumbnail hentry category-patek-philippe tag-interview\">\n\t\t\t<div class=\"wd-post-inner\">\n\t\n\t<div class=\"wd-post-thumb color-scheme-light\">\n\t\t\t\t\t<div class=\"wd-post-img\">\n\t\t\t\t<img width=\"620\" height=\"379\" src=\"https:\/\/leguidedesmontres.com\/fr\/wp-content\/uploads\/2025\/06\/379_patek_philippe_world_time_5131g.jpg\" class=\"attachment-large size-large\" alt=\"\" decoding=\"async\" srcset=\"https:\/\/leguidedesmontres.com\/fr\/wp-content\/uploads\/2025\/06\/379_patek_philippe_world_time_5131g.jpg 620w, https:\/\/leguidedesmontres.com\/fr\/wp-content\/uploads\/2025\/06\/379_patek_philippe_world_time_5131g-300x183.jpg 300w, https:\/\/leguidedesmontres.com\/fr\/wp-content\/uploads\/2025\/06\/379_patek_philippe_world_time_5131g-150x92.jpg 150w\" sizes=\"(max-width: 620px) 100vw, 620px\" \/>\t\t\t<\/div>\n\t\t\n\t\t\t\t<a class=\"wd-post-link wd-fill\" href=\"https:\/\/leguidedesmontres.com\/fr\/actualites\/la-patek-philippe-world-time-5131g-dun-de-nos-lecteurs\/\" rel=\"bookmark\" aria-label=\"Link on post La Patek Philippe World Time 5131G d&rsquo;un de nos lecteurs\"><\/a>\n\n\t\t\n\t<\/div>\n\n\t<div class=\"wd-post-content\">\n\t\t<div class=\"wd-post-entry-meta\">\n\t\t\t\n\n\t\t\t\t\t\t\t<div class=\"wd-modified-date\">\n\t\t\t\t\t\t\t<time class=\"updated\" datetime=\"2014-06-26T18:58:46+02:00\">\n\t\t\t26\/06\/2014\t\t<\/time>\n\t\t\t\t\t\t<\/div>\n\n\t\t\t\t<div class=\"wd-meta-date\">\n\t\t\t\t\t26 Juin 2014\t\t\t\t<\/div>\n\t\t\t\t\t<\/div>\n\n\t\t\t\t\t<h3 class=\"wd-entities-title title post-title\">\n\t\t\t\t<a href=\"https:\/\/leguidedesmontres.com\/fr\/actualites\/la-patek-philippe-world-time-5131g-dun-de-nos-lecteurs\/\" rel=\"bookmark\">\n\t\t\t\t\tLa Patek Philippe World Time 5131G d&rsquo;un de nos lecteurs\t\t\t\t<\/a>\n\t\t\t<\/h3>\n\t\t\n\t\t\t\t\t<div class=\"wd-post-desc\">\n\t\t\t\t\t\t\t\t\tVoici l\u2019interview d\u2019un fid\u00e8le lecteur du Guide des Montres.\nAmateur et collectionneur de Patek Phili...\t\t\t\t\t\t\t<\/div>\n\t\t\n\t\t\t\t\t\t\t\t\t\t<div class=\"wd-read-more\">\n\t\t\t\t\t\t<a class=\"btn-read-more more-link\" href=\"https:\/\/leguidedesmontres.com\/fr\/actualites\/la-patek-philippe-world-time-5131g-dun-de-nos-lecteurs\/\">En savoir plus<\/a>\t\t\t\t\t<\/div>\n\t\t\t\t\t\t\t<\/div>\n\n\t\t\t<\/div>\n\t<\/article>\n\t\t\t\t\t\t\t\t\t\t\t\n<article id=\"post-8932\" class=\"wd-post blog-design-meta-image blog-post-loop blog-style-bg wd-col post-8932 post type-post status-publish format-standard has-post-thumbnail hentry category-patek-philippe tag-au-fil-de-lactualite\">\n\t\t\t<div class=\"wd-post-inner\">\n\t\n\t<div class=\"wd-post-thumb color-scheme-light\">\n\t\t\t\t\t<div class=\"wd-post-img\">\n\t\t\t\t<img width=\"620\" height=\"546\" src=\"https:\/\/leguidedesmontres.com\/fr\/wp-content\/uploads\/2025\/06\/347_patek_philippe_59601a.jpg\" class=\"attachment-large size-large\" alt=\"\" decoding=\"async\" srcset=\"https:\/\/leguidedesmontres.com\/fr\/wp-content\/uploads\/2025\/06\/347_patek_philippe_59601a.jpg 620w, https:\/\/leguidedesmontres.com\/fr\/wp-content\/uploads\/2025\/06\/347_patek_philippe_59601a-300x264.jpg 300w, https:\/\/leguidedesmontres.com\/fr\/wp-content\/uploads\/2025\/06\/347_patek_philippe_59601a-150x132.jpg 150w\" sizes=\"(max-width: 620px) 100vw, 620px\" \/>\t\t\t<\/div>\n\t\t\n\t\t\t\t<a class=\"wd-post-link wd-fill\" href=\"https:\/\/leguidedesmontres.com\/fr\/actualites\/patek-philippe-5990-et-5960-en-acier\/\" rel=\"bookmark\" aria-label=\"Link on post Patek Philippe 5990 et 5960 en acier\"><\/a>\n\n\t\t\n\t<\/div>\n\n\t<div class=\"wd-post-content\">\n\t\t<div class=\"wd-post-entry-meta\">\n\t\t\t\n\n\t\t\t\t\t\t\t<div class=\"wd-modified-date\">\n\t\t\t\t\t\t\t<time class=\"updated\" datetime=\"2014-04-07T20:53:23+02:00\">\n\t\t\t07\/04\/2014\t\t<\/time>\n\t\t\t\t\t\t<\/div>\n\n\t\t\t\t<div class=\"wd-meta-date\">\n\t\t\t\t\t07 Avr 2014\t\t\t\t<\/div>\n\t\t\t\t\t<\/div>\n\n\t\t\t\t\t<h3 class=\"wd-entities-title title post-title\">\n\t\t\t\t<a href=\"https:\/\/leguidedesmontres.com\/fr\/actualites\/patek-philippe-5990-et-5960-en-acier\/\" rel=\"bookmark\">\n\t\t\t\t\tPatek Philippe 5990 et 5960 en acier\t\t\t\t<\/a>\n\t\t\t<\/h3>\n\t\t\n\t\t\t\t\t<div class=\"wd-post-desc\">\n\t\t\t\t\t\t\t\t\tNon, Patek Philippe ne f\u00eatera pas ses 175 ans \u00e0 Baselworld. Il faudra attendre le 1er mai pour la c\u00e9...\t\t\t\t\t\t\t<\/div>\n\t\t\n\t\t\t\t\t\t\t\t\t\t<div class=\"wd-read-more\">\n\t\t\t\t\t\t<a class=\"btn-read-more more-link\" href=\"https:\/\/leguidedesmontres.com\/fr\/actualites\/patek-philippe-5990-et-5960-en-acier\/\">En savoir plus<\/a>\t\t\t\t\t<\/div>\n\t\t\t\t\t\t\t<\/div>\n\n\t\t\t<\/div>\n\t<\/article>\n\t\t\t\t\t\t\t\t\t\t\t\n<article id=\"post-9024\" class=\"wd-post blog-design-meta-image blog-post-loop blog-style-bg wd-col post-9024 post type-post status-publish format-standard has-post-thumbnail hentry category-patek-philippe tag-au-fil-de-lactualite\">\n\t\t\t<div class=\"wd-post-inner\">\n\t\n\t<div class=\"wd-post-thumb color-scheme-light\">\n\t\t\t\t\t<div class=\"wd-post-img\">\n\t\t\t\t<img width=\"620\" height=\"779\" src=\"https:\/\/leguidedesmontres.com\/fr\/wp-content\/uploads\/2025\/06\/299_patek_philippe_5270g_014.jpg\" class=\"attachment-large size-large\" alt=\"\" decoding=\"async\" srcset=\"https:\/\/leguidedesmontres.com\/fr\/wp-content\/uploads\/2025\/06\/299_patek_philippe_5270g_014.jpg 620w, https:\/\/leguidedesmontres.com\/fr\/wp-content\/uploads\/2025\/06\/299_patek_philippe_5270g_014-239x300.jpg 239w, https:\/\/leguidedesmontres.com\/fr\/wp-content\/uploads\/2025\/06\/299_patek_philippe_5270g_014-150x188.jpg 150w\" sizes=\"(max-width: 620px) 100vw, 620px\" \/>\t\t\t<\/div>\n\t\t\n\t\t\t\t<a class=\"wd-post-link wd-fill\" href=\"https:\/\/leguidedesmontres.com\/fr\/actualites\/patek-philippe-5270g-subtile-evolution\/\" rel=\"bookmark\" aria-label=\"Link on post Patek Philippe 5270G : Subtile \u00e9volution\"><\/a>\n\n\t\t\n\t<\/div>\n\n\t<div class=\"wd-post-content\">\n\t\t<div class=\"wd-post-entry-meta\">\n\t\t\t\n\n\t\t\t\t\t\t\t<div class=\"wd-modified-date\">\n\t\t\t\t\t\t\t<time class=\"updated\" datetime=\"2013-12-24T17:33:49+02:00\">\n\t\t\t24\/12\/2013\t\t<\/time>\n\t\t\t\t\t\t<\/div>\n\n\t\t\t\t<div class=\"wd-meta-date\">\n\t\t\t\t\t24 D\u00e9c 2013\t\t\t\t<\/div>\n\t\t\t\t\t<\/div>\n\n\t\t\t\t\t<h3 class=\"wd-entities-title title post-title\">\n\t\t\t\t<a href=\"https:\/\/leguidedesmontres.com\/fr\/actualites\/patek-philippe-5270g-subtile-evolution\/\" rel=\"bookmark\">\n\t\t\t\t\tPatek Philippe 5270G : Subtile \u00e9volution\t\t\t\t<\/a>\n\t\t\t<\/h3>\n\t\t\n\t\t\t\t\t<div class=\"wd-post-desc\">\n\t\t\t\t\t\t\t\t\t\u00ab Aucune communication ne sera faite sur le sujet \u00bb. Au moins, Patek Philippe a pr\u00e9venu : les deux n...\t\t\t\t\t\t\t<\/div>\n\t\t\n\t\t\t\t\t\t\t\t\t\t<div class=\"wd-read-more\">\n\t\t\t\t\t\t<a class=\"btn-read-more more-link\" href=\"https:\/\/leguidedesmontres.com\/fr\/actualites\/patek-philippe-5270g-subtile-evolution\/\">En savoir plus<\/a>\t\t\t\t\t<\/div>\n\t\t\t\t\t\t\t<\/div>\n\n\t\t\t<\/div>\n\t<\/article>\n\t\t\t\t\t\t\t\t\t\t\t\n<article id=\"post-9038\" class=\"wd-post blog-design-meta-image blog-post-loop blog-style-bg wd-col post-9038 post type-post status-publish format-standard has-post-thumbnail hentry category-patek-philippe category-rolex tag-vintage\">\n\t\t\t<div class=\"wd-post-inner\">\n\t\n\t<div class=\"wd-post-thumb color-scheme-light\">\n\t\t\t\t\t<div class=\"wd-post-img\">\n\t\t\t\t<img width=\"620\" height=\"546\" src=\"https:\/\/leguidedesmontres.com\/fr\/wp-content\/uploads\/2025\/06\/292_patek_philippe_ten_day_tourbillon_5101p.jpg\" class=\"attachment-large size-large\" alt=\"\" decoding=\"async\" srcset=\"https:\/\/leguidedesmontres.com\/fr\/wp-content\/uploads\/2025\/06\/292_patek_philippe_ten_day_tourbillon_5101p.jpg 620w, https:\/\/leguidedesmontres.com\/fr\/wp-content\/uploads\/2025\/06\/292_patek_philippe_ten_day_tourbillon_5101p-300x264.jpg 300w, https:\/\/leguidedesmontres.com\/fr\/wp-content\/uploads\/2025\/06\/292_patek_philippe_ten_day_tourbillon_5101p-150x132.jpg 150w\" sizes=\"(max-width: 620px) 100vw, 620px\" \/>\t\t\t<\/div>\n\t\t\n\t\t\t\t<a class=\"wd-post-link wd-fill\" href=\"https:\/\/leguidedesmontres.com\/fr\/actualites\/tajan-la-vente-aux-encheres-du-16-decembre-2013\/\" rel=\"bookmark\" aria-label=\"Link on post Tajan : La vente aux ench\u00e8res du 16 d\u00e9cembre 2013\"><\/a>\n\n\t\t\n\t<\/div>\n\n\t<div class=\"wd-post-content\">\n\t\t<div class=\"wd-post-entry-meta\">\n\t\t\t\n\n\t\t\t\t\t\t\t<div class=\"wd-modified-date\">\n\t\t\t\t\t\t\t<time class=\"updated\" datetime=\"2013-12-13T18:16:14+02:00\">\n\t\t\t13\/12\/2013\t\t<\/time>\n\t\t\t\t\t\t<\/div>\n\n\t\t\t\t<div class=\"wd-meta-date\">\n\t\t\t\t\t13 D\u00e9c 2013\t\t\t\t<\/div>\n\t\t\t\t\t<\/div>\n\n\t\t\t\t\t<h3 class=\"wd-entities-title title post-title\">\n\t\t\t\t<a href=\"https:\/\/leguidedesmontres.com\/fr\/actualites\/tajan-la-vente-aux-encheres-du-16-decembre-2013\/\" rel=\"bookmark\">\n\t\t\t\t\tTajan : La vente aux ench\u00e8res du 16 d\u00e9cembre 2013\t\t\t\t<\/a>\n\t\t\t<\/h3>\n\t\t\n\t\t\t\t\t<div class=\"wd-post-desc\">\n\t\t\t\t\t\t\t\t\tLa maison Tajan annonce, comme chaque ann\u00e9e avant No\u00ebl, sa vente prestige de montres de collection, ...\t\t\t\t\t\t\t<\/div>\n\t\t\n\t\t\t\t\t\t\t\t\t\t<div class=\"wd-read-more\">\n\t\t\t\t\t\t<a class=\"btn-read-more more-link\" href=\"https:\/\/leguidedesmontres.com\/fr\/actualites\/tajan-la-vente-aux-encheres-du-16-decembre-2013\/\">En savoir plus<\/a>\t\t\t\t\t<\/div>\n\t\t\t\t\t\t\t<\/div>\n\n\t\t\t<\/div>\n\t<\/article>\n\t\t\t\t\t\t\t\t\t\t\t\n<article id=\"post-9129\" class=\"wd-post blog-design-meta-image blog-post-loop blog-style-bg wd-col post-9129 post type-post status-publish format-standard has-post-thumbnail hentry category-patek-philippe tag-au-fil-de-lactualite\">\n\t\t\t<div class=\"wd-post-inner\">\n\t\n\t<div class=\"wd-post-thumb color-scheme-light\">\n\t\t\t\t\t<div class=\"wd-post-img\">\n\t\t\t\t<img width=\"620\" height=\"676\" src=\"https:\/\/leguidedesmontres.com\/fr\/wp-content\/uploads\/2025\/06\/242_patek_philippe_5004t_only_watch.jpg\" class=\"attachment-large size-large\" alt=\"\" decoding=\"async\" srcset=\"https:\/\/leguidedesmontres.com\/fr\/wp-content\/uploads\/2025\/06\/242_patek_philippe_5004t_only_watch.jpg 620w, https:\/\/leguidedesmontres.com\/fr\/wp-content\/uploads\/2025\/06\/242_patek_philippe_5004t_only_watch-275x300.jpg 275w, https:\/\/leguidedesmontres.com\/fr\/wp-content\/uploads\/2025\/06\/242_patek_philippe_5004t_only_watch-150x164.jpg 150w\" sizes=\"(max-width: 620px) 100vw, 620px\" \/>\t\t\t<\/div>\n\t\t\n\t\t\t\t<a class=\"wd-post-link wd-fill\" href=\"https:\/\/leguidedesmontres.com\/fr\/actualites\/only-watch-2013-la-patek-philippe-5004t-senvole-a-3-millions-deuros\/\" rel=\"bookmark\" aria-label=\"Link on post Only Watch 2013 : La Patek Philippe 5004T s&rsquo;envole \u00e0 3 millions d&rsquo;euros\"><\/a>\n\n\t\t\n\t<\/div>\n\n\t<div class=\"wd-post-content\">\n\t\t<div class=\"wd-post-entry-meta\">\n\t\t\t\n\n\t\t\t\t\t\t\t<div class=\"wd-modified-date\">\n\t\t\t\t\t\t\t<time class=\"updated\" datetime=\"2013-09-30T12:55:30+02:00\">\n\t\t\t30\/09\/2013\t\t<\/time>\n\t\t\t\t\t\t<\/div>\n\n\t\t\t\t<div class=\"wd-meta-date\">\n\t\t\t\t\t30 Sep 2013\t\t\t\t<\/div>\n\t\t\t\t\t<\/div>\n\n\t\t\t\t\t<h3 class=\"wd-entities-title title post-title\">\n\t\t\t\t<a href=\"https:\/\/leguidedesmontres.com\/fr\/actualites\/only-watch-2013-la-patek-philippe-5004t-senvole-a-3-millions-deuros\/\" rel=\"bookmark\">\n\t\t\t\t\tOnly Watch 2013 : La Patek Philippe 5004T s&rsquo;envole \u00e0 3 millions d&rsquo;euros\t\t\t\t<\/a>\n\t\t\t<\/h3>\n\t\t\n\t\t\t\t\t<div class=\"wd-post-desc\">\n\t\t\t\t\t\t\t\t\tOn aurait probablement pu parier que Patek Philippe allait \u00eatre une nouvelle fois la star de la vent...\t\t\t\t\t\t\t<\/div>\n\t\t\n\t\t\t\t\t\t\t\t\t\t<div class=\"wd-read-more\">\n\t\t\t\t\t\t<a class=\"btn-read-more more-link\" href=\"https:\/\/leguidedesmontres.com\/fr\/actualites\/only-watch-2013-la-patek-philippe-5004t-senvole-a-3-millions-deuros\/\">En savoir plus<\/a>\t\t\t\t\t<\/div>\n\t\t\t\t\t\t\t<\/div>\n\n\t\t\t<\/div>\n\t<\/article>\n\t\t\t\t\t\t\t\t\t\t\t\n<article id=\"post-9133\" class=\"wd-post blog-design-meta-image blog-post-loop blog-style-bg wd-col post-9133 post type-post status-publish format-standard has-post-thumbnail hentry category-patek-philippe tag-au-fil-de-lactualite\">\n\t\t\t<div class=\"wd-post-inner\">\n\t\n\t<div class=\"wd-post-thumb color-scheme-light\">\n\t\t\t\t\t<div class=\"wd-post-img\">\n\t\t\t\t<img width=\"620\" height=\"676\" src=\"https:\/\/leguidedesmontres.com\/fr\/wp-content\/uploads\/2025\/06\/242_patek_philippe_5004t_only_watch.jpg\" class=\"attachment-large size-large\" alt=\"\" decoding=\"async\" srcset=\"https:\/\/leguidedesmontres.com\/fr\/wp-content\/uploads\/2025\/06\/242_patek_philippe_5004t_only_watch.jpg 620w, https:\/\/leguidedesmontres.com\/fr\/wp-content\/uploads\/2025\/06\/242_patek_philippe_5004t_only_watch-275x300.jpg 275w, https:\/\/leguidedesmontres.com\/fr\/wp-content\/uploads\/2025\/06\/242_patek_philippe_5004t_only_watch-150x164.jpg 150w\" sizes=\"(max-width: 620px) 100vw, 620px\" \/>\t\t\t<\/div>\n\t\t\n\t\t\t\t<a class=\"wd-post-link wd-fill\" href=\"https:\/\/leguidedesmontres.com\/fr\/actualites\/only-watch-2013-la-patek-philippe-5004t-senvole-a-3-millions-deuros-2\/\" rel=\"bookmark\" aria-label=\"Link on post Only Watch 2013 : La Patek Philippe 5004T s&rsquo;envole \u00e0 3 millions d&rsquo;euros\"><\/a>\n\n\t\t\n\t<\/div>\n\n\t<div class=\"wd-post-content\">\n\t\t<div class=\"wd-post-entry-meta\">\n\t\t\t\n\n\t\t\t\t\t\t\t<div class=\"wd-modified-date\">\n\t\t\t\t\t\t\t<time class=\"updated\" datetime=\"2013-09-30T12:55:30+02:00\">\n\t\t\t30\/09\/2013\t\t<\/time>\n\t\t\t\t\t\t<\/div>\n\n\t\t\t\t<div class=\"wd-meta-date\">\n\t\t\t\t\t30 Sep 2013\t\t\t\t<\/div>\n\t\t\t\t\t<\/div>\n\n\t\t\t\t\t<h3 class=\"wd-entities-title title post-title\">\n\t\t\t\t<a href=\"https:\/\/leguidedesmontres.com\/fr\/actualites\/only-watch-2013-la-patek-philippe-5004t-senvole-a-3-millions-deuros-2\/\" rel=\"bookmark\">\n\t\t\t\t\tOnly Watch 2013 : La Patek Philippe 5004T s&rsquo;envole \u00e0 3 millions d&rsquo;euros\t\t\t\t<\/a>\n\t\t\t<\/h3>\n\t\t\n\t\t\t\t\t<div class=\"wd-post-desc\">\n\t\t\t\t\t\t\t\t\tOn aurait probablement pu parier que Patek Philippe allait \u00eatre une nouvelle fois la star de la vent...\t\t\t\t\t\t\t<\/div>\n\t\t\n\t\t\t\t\t\t\t\t\t\t<div class=\"wd-read-more\">\n\t\t\t\t\t\t<a class=\"btn-read-more more-link\" href=\"https:\/\/leguidedesmontres.com\/fr\/actualites\/only-watch-2013-la-patek-philippe-5004t-senvole-a-3-millions-deuros-2\/\">En savoir plus<\/a>\t\t\t\t\t<\/div>\n\t\t\t\t\t\t\t<\/div>\n\n\t\t\t<\/div>\n\t<\/article>\n\t\t\t\t\t\t\t\t\t\t\t\n<article id=\"post-9141\" class=\"wd-post blog-design-meta-image blog-post-loop blog-style-bg wd-col post-9141 post type-post status-publish format-standard has-post-thumbnail hentry category-patek-philippe tag-wrist-shots\">\n\t\t\t<div class=\"wd-post-inner\">\n\t\n\t<div class=\"wd-post-thumb color-scheme-light\">\n\t\t\t\t\t<div class=\"wd-post-img\">\n\t\t\t\t<img width=\"620\" height=\"620\" src=\"https:\/\/leguidedesmontres.com\/fr\/wp-content\/uploads\/2025\/06\/238_patek_philippe_5070p_chronograph.jpg\" class=\"attachment-large size-large\" alt=\"\" decoding=\"async\" srcset=\"https:\/\/leguidedesmontres.com\/fr\/wp-content\/uploads\/2025\/06\/238_patek_philippe_5070p_chronograph.jpg 620w, https:\/\/leguidedesmontres.com\/fr\/wp-content\/uploads\/2025\/06\/238_patek_philippe_5070p_chronograph-300x300.jpg 300w, https:\/\/leguidedesmontres.com\/fr\/wp-content\/uploads\/2025\/06\/238_patek_philippe_5070p_chronograph-150x150.jpg 150w, https:\/\/leguidedesmontres.com\/fr\/wp-content\/uploads\/2025\/06\/238_patek_philippe_5070p_chronograph-600x600.jpg 600w\" sizes=\"(max-width: 620px) 100vw, 620px\" \/>\t\t\t<\/div>\n\t\t\n\t\t\t\t<a class=\"wd-post-link wd-fill\" href=\"https:\/\/leguidedesmontres.com\/fr\/actualites\/patek-philippe-5070p-chronograph\/\" rel=\"bookmark\" aria-label=\"Link on post Patek Philippe 5070P Chronograph\"><\/a>\n\n\t\t\n\t<\/div>\n\n\t<div class=\"wd-post-content\">\n\t\t<div class=\"wd-post-entry-meta\">\n\t\t\t\n\n\t\t\t\t\t\t\t<div class=\"wd-modified-date\">\n\t\t\t\t\t\t\t<time class=\"updated\" datetime=\"2013-09-24T19:48:47+02:00\">\n\t\t\t24\/09\/2013\t\t<\/time>\n\t\t\t\t\t\t<\/div>\n\n\t\t\t\t<div class=\"wd-meta-date\">\n\t\t\t\t\t24 Sep 2013\t\t\t\t<\/div>\n\t\t\t\t\t<\/div>\n\n\t\t\t\t\t<h3 class=\"wd-entities-title title post-title\">\n\t\t\t\t<a href=\"https:\/\/leguidedesmontres.com\/fr\/actualites\/patek-philippe-5070p-chronograph\/\" rel=\"bookmark\">\n\t\t\t\t\tPatek Philippe 5070P Chronograph\t\t\t\t<\/a>\n\t\t\t<\/h3>\n\t\t\n\t\t\t\t\t<div class=\"wd-post-desc\">\n\t\t\t\t\t\t\t\t\tAttention collector !\nLanc\u00e9 en 1998 (2008 pour la version platine), le chronographe Patek Philippe 5...\t\t\t\t\t\t\t<\/div>\n\t\t\n\t\t\t\t\t\t\t\t\t\t<div class=\"wd-read-more\">\n\t\t\t\t\t\t<a class=\"btn-read-more more-link\" href=\"https:\/\/leguidedesmontres.com\/fr\/actualites\/patek-philippe-5070p-chronograph\/\">En savoir plus<\/a>\t\t\t\t\t<\/div>\n\t\t\t\t\t\t\t<\/div>\n\n\t\t\t<\/div>\n\t<\/article>\n\t\t\t\t\t\n\t\t\t\t\t","status":"have-posts","nextPage":"https:\/\/leguidedesmontres.com\/fr\/actualites\/marque\/patek-philippe\/page\/3\/?woo_ajax=1","currentPage":"https:\/\/leguidedesmontres.com\/fr\/actualites\/marque\/patek-philippe\/page\/2"}