
			
				

					
				

			
		{"items":"\n\t\t\t\t\t\t\t\t\t\t\t\n<article id=\"post-8790\" class=\"wd-post blog-design-meta-image blog-post-loop blog-style-bg wd-col post-8790 post type-post status-publish format-standard has-post-thumbnail hentry category-audemars-piguet category-iwc category-vacheron-constantin tag-au-fil-de-lactualite\">\n\t\t\t<div class=\"wd-post-inner\">\n\t\n\t<div class=\"wd-post-thumb color-scheme-light\">\n\t\t\t\t\t<div class=\"wd-post-img\">\n\t\t\t\t<img width=\"620\" height=\"625\" src=\"https:\/\/leguidedesmontres.com\/fr\/wp-content\/uploads\/2025\/06\/419_audemars_piguet_royal_oak_offshore_26550au_oo_a002ca.01.jpg\" class=\"attachment-large size-large\" alt=\"\" decoding=\"async\" srcset=\"https:\/\/leguidedesmontres.com\/fr\/wp-content\/uploads\/2025\/06\/419_audemars_piguet_royal_oak_offshore_26550au_oo_a002ca.01.jpg 620w, https:\/\/leguidedesmontres.com\/fr\/wp-content\/uploads\/2025\/06\/419_audemars_piguet_royal_oak_offshore_26550au_oo_a002ca.01-298x300.jpg 298w, https:\/\/leguidedesmontres.com\/fr\/wp-content\/uploads\/2025\/06\/419_audemars_piguet_royal_oak_offshore_26550au_oo_a002ca.01-150x151.jpg 150w\" sizes=\"(max-width: 620px) 100vw, 620px\" \/>\t\t\t<\/div>\n\t\t\n\t\t\t\t<a class=\"wd-post-link wd-fill\" href=\"https:\/\/leguidedesmontres.com\/fr\/actualites\/watches-wonders-2014\/\" rel=\"bookmark\" aria-label=\"Link on post Watches &amp; Wonders 2014\"><\/a>\n\n\t\t\n\t<\/div>\n\n\t<div class=\"wd-post-content\">\n\t\t<div class=\"wd-post-entry-meta\">\n\t\t\t\n\n\t\t\t\t\t\t\t<div class=\"wd-modified-date\">\n\t\t\t\t\t\t\t<time class=\"updated\" datetime=\"2014-10-13T16:28:28+02:00\">\n\t\t\t13\/10\/2014\t\t<\/time>\n\t\t\t\t\t\t<\/div>\n\n\t\t\t\t<div class=\"wd-meta-date\">\n\t\t\t\t\t13 Oct 2014\t\t\t\t<\/div>\n\t\t\t\t\t<\/div>\n\n\t\t\t\t\t<h3 class=\"wd-entities-title title post-title\">\n\t\t\t\t<a href=\"https:\/\/leguidedesmontres.com\/fr\/actualites\/watches-wonders-2014\/\" rel=\"bookmark\">\n\t\t\t\t\tWatches &amp; Wonders 2014\t\t\t\t<\/a>\n\t\t\t<\/h3>\n\t\t\n\t\t\t\t\t<div class=\"wd-post-desc\">\n\t\t\t\t\t\t\t\t\tWatches &amp; Wonders, c\u2019est, en r\u00e9sum\u00e9, un SIHH d\u00e9localis\u00e9 \u00e0 Hong-Kong, du 29 septembre au 2 octobr...\t\t\t\t\t\t\t<\/div>\n\t\t\n\t\t\t\t\t\t\t\t\t\t<div class=\"wd-read-more\">\n\t\t\t\t\t\t<a class=\"btn-read-more more-link\" href=\"https:\/\/leguidedesmontres.com\/fr\/actualites\/watches-wonders-2014\/\">En savoir plus<\/a>\t\t\t\t\t<\/div>\n\t\t\t\t\t\t\t<\/div>\n\n\t\t\t<\/div>\n\t<\/article>\n\t\t\t\t\t\t\t\t\t\t\t\n<article id=\"post-8792\" class=\"wd-post blog-design-meta-image blog-post-loop blog-style-bg wd-col post-8792 post type-post status-publish format-standard has-post-thumbnail hentry category-patek-philippe tag-vintage\">\n\t\t\t<div class=\"wd-post-inner\">\n\t\n\t<div class=\"wd-post-thumb color-scheme-light\">\n\t\t\t\t\t<div class=\"wd-post-img\">\n\t\t\t\t<img width=\"620\" height=\"677\" src=\"https:\/\/leguidedesmontres.com\/fr\/wp-content\/uploads\/2025\/06\/418_henry_graves_pocket_watch.jpg\" class=\"attachment-large size-large\" alt=\"\" decoding=\"async\" srcset=\"https:\/\/leguidedesmontres.com\/fr\/wp-content\/uploads\/2025\/06\/418_henry_graves_pocket_watch.jpg 620w, https:\/\/leguidedesmontres.com\/fr\/wp-content\/uploads\/2025\/06\/418_henry_graves_pocket_watch-275x300.jpg 275w, https:\/\/leguidedesmontres.com\/fr\/wp-content\/uploads\/2025\/06\/418_henry_graves_pocket_watch-150x164.jpg 150w\" sizes=\"(max-width: 620px) 100vw, 620px\" \/>\t\t\t<\/div>\n\t\t\n\t\t\t\t<a class=\"wd-post-link wd-fill\" href=\"https:\/\/leguidedesmontres.com\/fr\/actualites\/supercomplication-henry-graves-chez-sothebys-la-limite-du-raisonnable\/\" rel=\"bookmark\" aria-label=\"Link on post Supercomplication Henry Graves chez Sotheby&rsquo;s : la limite du raisonnable ?\"><\/a>\n\n\t\t\n\t<\/div>\n\n\t<div class=\"wd-post-content\">\n\t\t<div class=\"wd-post-entry-meta\">\n\t\t\t\n\n\t\t\t\t\t\t\t<div class=\"wd-modified-date\">\n\t\t\t\t\t\t\t<time class=\"updated\" datetime=\"2014-10-10T19:36:09+02:00\">\n\t\t\t10\/10\/2014\t\t<\/time>\n\t\t\t\t\t\t<\/div>\n\n\t\t\t\t<div class=\"wd-meta-date\">\n\t\t\t\t\t10 Oct 2014\t\t\t\t<\/div>\n\t\t\t\t\t<\/div>\n\n\t\t\t\t\t<h3 class=\"wd-entities-title title post-title\">\n\t\t\t\t<a href=\"https:\/\/leguidedesmontres.com\/fr\/actualites\/supercomplication-henry-graves-chez-sothebys-la-limite-du-raisonnable\/\" rel=\"bookmark\">\n\t\t\t\t\tSupercomplication Henry Graves chez Sotheby&rsquo;s : la limite du raisonnable ?\t\t\t\t<\/a>\n\t\t\t<\/h3>\n\t\t\n\t\t\t\t\t<div class=\"wd-post-desc\">\n\t\t\t\t\t\t\t\t\tLe 11 novembre prochain, il n\u2019y aura pas d\u2019Armistice horlog\u00e8re. Sotheby\u2019s mettra en effet en vente \u00e0...\t\t\t\t\t\t\t<\/div>\n\t\t\n\t\t\t\t\t\t\t\t\t\t<div class=\"wd-read-more\">\n\t\t\t\t\t\t<a class=\"btn-read-more more-link\" href=\"https:\/\/leguidedesmontres.com\/fr\/actualites\/supercomplication-henry-graves-chez-sothebys-la-limite-du-raisonnable\/\">En savoir plus<\/a>\t\t\t\t\t<\/div>\n\t\t\t\t\t\t\t<\/div>\n\n\t\t\t<\/div>\n\t<\/article>\n\t\t\t\t\t\t\t\t\t\t\t\n<article id=\"post-8794\" class=\"wd-post blog-design-meta-image blog-post-loop blog-style-bg wd-col post-8794 post type-post status-publish format-standard has-post-thumbnail hentry category-jaeger-lecoultre tag-a-voir\">\n\t\t\t<div class=\"wd-post-inner\">\n\t\n\t<div class=\"wd-post-thumb color-scheme-light\">\n\t\t\t\t\t<div class=\"wd-post-img\">\n\t\t\t\t<img width=\"620\" height=\"620\" src=\"https:\/\/leguidedesmontres.com\/fr\/wp-content\/uploads\/2025\/06\/417_arnold_and_son_arije_paris.jpg\" class=\"attachment-large size-large\" alt=\"\" decoding=\"async\" srcset=\"https:\/\/leguidedesmontres.com\/fr\/wp-content\/uploads\/2025\/06\/417_arnold_and_son_arije_paris.jpg 620w, https:\/\/leguidedesmontres.com\/fr\/wp-content\/uploads\/2025\/06\/417_arnold_and_son_arije_paris-300x300.jpg 300w, https:\/\/leguidedesmontres.com\/fr\/wp-content\/uploads\/2025\/06\/417_arnold_and_son_arije_paris-150x150.jpg 150w, https:\/\/leguidedesmontres.com\/fr\/wp-content\/uploads\/2025\/06\/417_arnold_and_son_arije_paris-600x600.jpg 600w\" sizes=\"(max-width: 620px) 100vw, 620px\" \/>\t\t\t<\/div>\n\t\t\n\t\t\t\t<a class=\"wd-post-link wd-fill\" href=\"https:\/\/leguidedesmontres.com\/fr\/actualites\/les-nouvelles-horlogeres-de-la-rentree-bien-entamee\/\" rel=\"bookmark\" aria-label=\"Link on post Les nouvelles horlog\u00e8res de la rentr\u00e9e (bien entam\u00e9e)\"><\/a>\n\n\t\t\n\t<\/div>\n\n\t<div class=\"wd-post-content\">\n\t\t<div class=\"wd-post-entry-meta\">\n\t\t\t\n\n\t\t\t\t\t\t\t<div class=\"wd-modified-date\">\n\t\t\t\t\t\t\t<time class=\"updated\" datetime=\"2014-10-08T20:07:17+02:00\">\n\t\t\t08\/10\/2014\t\t<\/time>\n\t\t\t\t\t\t<\/div>\n\n\t\t\t\t<div class=\"wd-meta-date\">\n\t\t\t\t\t08 Oct 2014\t\t\t\t<\/div>\n\t\t\t\t\t<\/div>\n\n\t\t\t\t\t<h3 class=\"wd-entities-title title post-title\">\n\t\t\t\t<a href=\"https:\/\/leguidedesmontres.com\/fr\/actualites\/les-nouvelles-horlogeres-de-la-rentree-bien-entamee\/\" rel=\"bookmark\">\n\t\t\t\t\tLes nouvelles horlog\u00e8res de la rentr\u00e9e (bien entam\u00e9e)\t\t\t\t<\/a>\n\t\t\t<\/h3>\n\t\t\n\t\t\t\t\t<div class=\"wd-post-desc\">\n\t\t\t\t\t\t\t\t\tOn ne peut plus pr\u00e9tendre le contraire, la rentr\u00e9e est l\u00e0, pour tout le monde, m\u00eame les vacanciers l...\t\t\t\t\t\t\t<\/div>\n\t\t\n\t\t\t\t\t\t\t\t\t\t<div class=\"wd-read-more\">\n\t\t\t\t\t\t<a class=\"btn-read-more more-link\" href=\"https:\/\/leguidedesmontres.com\/fr\/actualites\/les-nouvelles-horlogeres-de-la-rentree-bien-entamee\/\">En savoir plus<\/a>\t\t\t\t\t<\/div>\n\t\t\t\t\t\t\t<\/div>\n\n\t\t\t<\/div>\n\t<\/article>\n\t\t\t\t\t\t\t\t\t\t\t\n<article id=\"post-8796\" class=\"wd-post blog-design-meta-image blog-post-loop blog-style-bg wd-col post-8796 post type-post status-publish format-standard has-post-thumbnail hentry category-autre tag-au-fil-de-lactualite\">\n\t\t\t<div class=\"wd-post-inner\">\n\t\n\t<div class=\"wd-post-thumb color-scheme-light\">\n\t\t\t\t\t<div class=\"wd-post-img\">\n\t\t\t\t<img width=\"620\" height=\"620\" src=\"https:\/\/leguidedesmontres.com\/fr\/wp-content\/uploads\/2025\/06\/416_gphg_2014_luxius_smart_tourbillon.jpg\" class=\"attachment-large size-large\" alt=\"\" decoding=\"async\" srcset=\"https:\/\/leguidedesmontres.com\/fr\/wp-content\/uploads\/2025\/06\/416_gphg_2014_luxius_smart_tourbillon.jpg 620w, https:\/\/leguidedesmontres.com\/fr\/wp-content\/uploads\/2025\/06\/416_gphg_2014_luxius_smart_tourbillon-300x300.jpg 300w, https:\/\/leguidedesmontres.com\/fr\/wp-content\/uploads\/2025\/06\/416_gphg_2014_luxius_smart_tourbillon-150x150.jpg 150w, https:\/\/leguidedesmontres.com\/fr\/wp-content\/uploads\/2025\/06\/416_gphg_2014_luxius_smart_tourbillon-600x600.jpg 600w\" sizes=\"(max-width: 620px) 100vw, 620px\" \/>\t\t\t<\/div>\n\t\t\n\t\t\t\t<a class=\"wd-post-link wd-fill\" href=\"https:\/\/leguidedesmontres.com\/fr\/actualites\/les-smartwatches-se-rebiffent\/\" rel=\"bookmark\" aria-label=\"Link on post Les smartwatches se rebiffent\"><\/a>\n\n\t\t\n\t<\/div>\n\n\t<div class=\"wd-post-content\">\n\t\t<div class=\"wd-post-entry-meta\">\n\t\t\t\n\n\t\t\t\t\t\t\t<div class=\"wd-modified-date\">\n\t\t\t\t\t\t\t<time class=\"updated\" datetime=\"2014-10-07T21:58:55+02:00\">\n\t\t\t07\/10\/2014\t\t<\/time>\n\t\t\t\t\t\t<\/div>\n\n\t\t\t\t<div class=\"wd-meta-date\">\n\t\t\t\t\t07 Oct 2014\t\t\t\t<\/div>\n\t\t\t\t\t<\/div>\n\n\t\t\t\t\t<h3 class=\"wd-entities-title title post-title\">\n\t\t\t\t<a href=\"https:\/\/leguidedesmontres.com\/fr\/actualites\/les-smartwatches-se-rebiffent\/\" rel=\"bookmark\">\n\t\t\t\t\tLes smartwatches se rebiffent\t\t\t\t<\/a>\n\t\t\t<\/h3>\n\t\t\n\t\t\t\t\t<div class=\"wd-post-desc\">\n\t\t\t\t\t\t\t\t\tDifficile aujourd\u2019hui de passer outre les montres connect\u00e9es, ou smart watches. L\u2019int\u00e9griste du mouv...\t\t\t\t\t\t\t<\/div>\n\t\t\n\t\t\t\t\t\t\t\t\t\t<div class=\"wd-read-more\">\n\t\t\t\t\t\t<a class=\"btn-read-more more-link\" href=\"https:\/\/leguidedesmontres.com\/fr\/actualites\/les-smartwatches-se-rebiffent\/\">En savoir plus<\/a>\t\t\t\t\t<\/div>\n\t\t\t\t\t\t\t<\/div>\n\n\t\t\t<\/div>\n\t<\/article>\n\t\t\t\t\t\t\t\t\t\t\t\n<article id=\"post-8798\" class=\"wd-post blog-design-meta-image blog-post-loop blog-style-bg wd-col post-8798 post type-post status-publish format-standard has-post-thumbnail hentry category-a-lange-sohne category-baume-et-mercier category-bell-ross category-breitling category-hublot category-jaeger-lecoultre category-panerai category-pequignet tag-au-fil-de-lactualite\">\n\t\t\t<div class=\"wd-post-inner\">\n\t\n\t<div class=\"wd-post-thumb color-scheme-light\">\n\t\t\t\t\t<div class=\"wd-post-img\">\n\t\t\t\t<img width=\"620\" height=\"766\" src=\"https:\/\/leguidedesmontres.com\/fr\/wp-content\/uploads\/2025\/06\/415_affiche_salon_les_montres_2014.jpg\" class=\"attachment-large size-large\" alt=\"\" decoding=\"async\" srcset=\"https:\/\/leguidedesmontres.com\/fr\/wp-content\/uploads\/2025\/06\/415_affiche_salon_les_montres_2014.jpg 620w, https:\/\/leguidedesmontres.com\/fr\/wp-content\/uploads\/2025\/06\/415_affiche_salon_les_montres_2014-243x300.jpg 243w, https:\/\/leguidedesmontres.com\/fr\/wp-content\/uploads\/2025\/06\/415_affiche_salon_les_montres_2014-150x185.jpg 150w\" sizes=\"(max-width: 620px) 100vw, 620px\" \/>\t\t\t<\/div>\n\t\t\n\t\t\t\t<a class=\"wd-post-link wd-fill\" href=\"https:\/\/leguidedesmontres.com\/fr\/actualites\/salon-les-montres\/\" rel=\"bookmark\" aria-label=\"Link on post Salon Les Montres\"><\/a>\n\n\t\t\n\t<\/div>\n\n\t<div class=\"wd-post-content\">\n\t\t<div class=\"wd-post-entry-meta\">\n\t\t\t\n\n\t\t\t\t\t\t\t<div class=\"wd-modified-date\">\n\t\t\t\t\t\t\t<time class=\"updated\" datetime=\"2014-10-06T20:41:14+02:00\">\n\t\t\t06\/10\/2014\t\t<\/time>\n\t\t\t\t\t\t<\/div>\n\n\t\t\t\t<div class=\"wd-meta-date\">\n\t\t\t\t\t06 Oct 2014\t\t\t\t<\/div>\n\t\t\t\t\t<\/div>\n\n\t\t\t\t\t<h3 class=\"wd-entities-title title post-title\">\n\t\t\t\t<a href=\"https:\/\/leguidedesmontres.com\/fr\/actualites\/salon-les-montres\/\" rel=\"bookmark\">\n\t\t\t\t\tSalon Les Montres\t\t\t\t<\/a>\n\t\t\t<\/h3>\n\t\t\n\t\t\t\t\t<div class=\"wd-post-desc\">\n\t\t\t\t\t\t\t\t\tCette 11\u00e8me \u00e9dition r\u00e9unit 15 des plus belles marques horlog\u00e8res de luxe, A. Lange &amp; S\u00f6hne, Brei...\t\t\t\t\t\t\t<\/div>\n\t\t\n\t\t\t\t\t\t\t\t\t\t<div class=\"wd-read-more\">\n\t\t\t\t\t\t<a class=\"btn-read-more more-link\" href=\"https:\/\/leguidedesmontres.com\/fr\/actualites\/salon-les-montres\/\">En savoir plus<\/a>\t\t\t\t\t<\/div>\n\t\t\t\t\t\t\t<\/div>\n\n\t\t\t<\/div>\n\t<\/article>\n\t\t\t\t\t\t\t\t\t\t\t\n<article id=\"post-8800\" class=\"wd-post blog-design-meta-image blog-post-loop blog-style-bg wd-col post-8800 post type-post status-publish format-standard has-post-thumbnail hentry category-autre tag-a-voir\">\n\t\t\t<div class=\"wd-post-inner\">\n\t\n\t<div class=\"wd-post-thumb color-scheme-light\">\n\t\t\t\t\t<div class=\"wd-post-img\">\n\t\t\t\t<img width=\"620\" height=\"769\" src=\"https:\/\/leguidedesmontres.com\/fr\/wp-content\/uploads\/2025\/06\/414_habring2_doppel_gphg.jpg\" class=\"attachment-large size-large\" alt=\"\" decoding=\"async\" srcset=\"https:\/\/leguidedesmontres.com\/fr\/wp-content\/uploads\/2025\/06\/414_habring2_doppel_gphg.jpg 620w, https:\/\/leguidedesmontres.com\/fr\/wp-content\/uploads\/2025\/06\/414_habring2_doppel_gphg-242x300.jpg 242w, https:\/\/leguidedesmontres.com\/fr\/wp-content\/uploads\/2025\/06\/414_habring2_doppel_gphg-150x186.jpg 150w\" sizes=\"(max-width: 620px) 100vw, 620px\" \/>\t\t\t<\/div>\n\t\t\n\t\t\t\t<a class=\"wd-post-link wd-fill\" href=\"https:\/\/leguidedesmontres.com\/fr\/actualites\/bremont-et-habring2-futures-stars-a-suivre\/\" rel=\"bookmark\" aria-label=\"Link on post Bremont et Habring2, futures stars \u00e0 suivre ?\"><\/a>\n\n\t\t\n\t<\/div>\n\n\t<div class=\"wd-post-content\">\n\t\t<div class=\"wd-post-entry-meta\">\n\t\t\t\n\n\t\t\t\t\t\t\t<div class=\"wd-modified-date\">\n\t\t\t\t\t\t\t<time class=\"updated\" datetime=\"2014-10-03T21:10:10+02:00\">\n\t\t\t03\/10\/2014\t\t<\/time>\n\t\t\t\t\t\t<\/div>\n\n\t\t\t\t<div class=\"wd-meta-date\">\n\t\t\t\t\t03 Oct 2014\t\t\t\t<\/div>\n\t\t\t\t\t<\/div>\n\n\t\t\t\t\t<h3 class=\"wd-entities-title title post-title\">\n\t\t\t\t<a href=\"https:\/\/leguidedesmontres.com\/fr\/actualites\/bremont-et-habring2-futures-stars-a-suivre\/\" rel=\"bookmark\">\n\t\t\t\t\tBremont et Habring2, futures stars \u00e0 suivre ?\t\t\t\t<\/a>\n\t\t\t<\/h3>\n\t\t\n\t\t\t\t\t<div class=\"wd-post-desc\">\n\t\t\t\t\t\t\t\t\tLe plus difficile ne sera jamais de choisir son Omega ou sa Breitling, mais de miser sur les marques...\t\t\t\t\t\t\t<\/div>\n\t\t\n\t\t\t\t\t\t\t\t\t\t<div class=\"wd-read-more\">\n\t\t\t\t\t\t<a class=\"btn-read-more more-link\" href=\"https:\/\/leguidedesmontres.com\/fr\/actualites\/bremont-et-habring2-futures-stars-a-suivre\/\">En savoir plus<\/a>\t\t\t\t\t<\/div>\n\t\t\t\t\t\t\t<\/div>\n\n\t\t\t<\/div>\n\t<\/article>\n\t\t\t\t\t\t\t\t\t\t\t\n<article id=\"post-8802\" class=\"wd-post blog-design-meta-image blog-post-loop blog-style-bg wd-col post-8802 post type-post status-publish format-standard has-post-thumbnail hentry category-panerai tag-au-fil-de-lactualite\">\n\t\t\t<div class=\"wd-post-inner\">\n\t\n\t<div class=\"wd-post-thumb color-scheme-light\">\n\t\t\t\t\t<div class=\"wd-post-img\">\n\t\t\t\t<img width=\"620\" height=\"737\" src=\"https:\/\/leguidedesmontres.com\/fr\/wp-content\/uploads\/2025\/06\/413_boutique_panerai_faubourg.jpg\" class=\"attachment-large size-large\" alt=\"\" decoding=\"async\" srcset=\"https:\/\/leguidedesmontres.com\/fr\/wp-content\/uploads\/2025\/06\/413_boutique_panerai_faubourg.jpg 620w, https:\/\/leguidedesmontres.com\/fr\/wp-content\/uploads\/2025\/06\/413_boutique_panerai_faubourg-252x300.jpg 252w, https:\/\/leguidedesmontres.com\/fr\/wp-content\/uploads\/2025\/06\/413_boutique_panerai_faubourg-150x178.jpg 150w\" sizes=\"(max-width: 620px) 100vw, 620px\" \/>\t\t\t<\/div>\n\t\t\n\t\t\t\t<a class=\"wd-post-link wd-fill\" href=\"https:\/\/leguidedesmontres.com\/fr\/actualites\/panerai-voit-double\/\" rel=\"bookmark\" aria-label=\"Link on post Panerai voit double\"><\/a>\n\n\t\t\n\t<\/div>\n\n\t<div class=\"wd-post-content\">\n\t\t<div class=\"wd-post-entry-meta\">\n\t\t\t\n\n\t\t\t\t\t\t\t<div class=\"wd-modified-date\">\n\t\t\t\t\t\t\t<time class=\"updated\" datetime=\"2014-10-01T20:25:19+02:00\">\n\t\t\t01\/10\/2014\t\t<\/time>\n\t\t\t\t\t\t<\/div>\n\n\t\t\t\t<div class=\"wd-meta-date\">\n\t\t\t\t\t01 Oct 2014\t\t\t\t<\/div>\n\t\t\t\t\t<\/div>\n\n\t\t\t\t\t<h3 class=\"wd-entities-title title post-title\">\n\t\t\t\t<a href=\"https:\/\/leguidedesmontres.com\/fr\/actualites\/panerai-voit-double\/\" rel=\"bookmark\">\n\t\t\t\t\tPanerai voit double\t\t\t\t<\/a>\n\t\t\t<\/h3>\n\t\t\n\t\t\t\t\t<div class=\"wd-post-desc\">\n\t\t\t\t\t\t\t\t\tPanerai a les yeux aussi gros que le ventre. Et m\u00eame plus gros que le ventre ? L'avenir le dira. Mai...\t\t\t\t\t\t\t<\/div>\n\t\t\n\t\t\t\t\t\t\t\t\t\t<div class=\"wd-read-more\">\n\t\t\t\t\t\t<a class=\"btn-read-more more-link\" href=\"https:\/\/leguidedesmontres.com\/fr\/actualites\/panerai-voit-double\/\">En savoir plus<\/a>\t\t\t\t\t<\/div>\n\t\t\t\t\t\t\t<\/div>\n\n\t\t\t<\/div>\n\t<\/article>\n\t\t\t\t\t\t\t\t\t\t\t\n<article id=\"post-8804\" class=\"wd-post blog-design-meta-image blog-post-loop blog-style-bg wd-col post-8804 post type-post status-publish format-standard has-post-thumbnail hentry category-jaeger-lecoultre tag-coup-de-coeur\">\n\t\t\t<div class=\"wd-post-inner\">\n\t\n\t<div class=\"wd-post-thumb color-scheme-light\">\n\t\t\t\t\t<div class=\"wd-post-img\">\n\t\t\t\t<img width=\"620\" height=\"484\" src=\"https:\/\/leguidedesmontres.com\/fr\/wp-content\/uploads\/2025\/06\/412_jaeger_lecoultre_geophysic.jpg\" class=\"attachment-large size-large\" alt=\"\" decoding=\"async\" srcset=\"https:\/\/leguidedesmontres.com\/fr\/wp-content\/uploads\/2025\/06\/412_jaeger_lecoultre_geophysic.jpg 620w, https:\/\/leguidedesmontres.com\/fr\/wp-content\/uploads\/2025\/06\/412_jaeger_lecoultre_geophysic-300x234.jpg 300w, https:\/\/leguidedesmontres.com\/fr\/wp-content\/uploads\/2025\/06\/412_jaeger_lecoultre_geophysic-150x117.jpg 150w\" sizes=\"(max-width: 620px) 100vw, 620px\" \/>\t\t\t<\/div>\n\t\t\n\t\t\t\t<a class=\"wd-post-link wd-fill\" href=\"https:\/\/leguidedesmontres.com\/fr\/actualites\/geophysic-de-jaeger-lecoultre-en-details\/\" rel=\"bookmark\" aria-label=\"Link on post Geophysic de Jaeger-LeCoultre en d\u00e9tails\"><\/a>\n\n\t\t\n\t<\/div>\n\n\t<div class=\"wd-post-content\">\n\t\t<div class=\"wd-post-entry-meta\">\n\t\t\t\n\n\t\t\t\t\t\t\t<div class=\"wd-modified-date\">\n\t\t\t\t\t\t\t<time class=\"updated\" datetime=\"2014-09-30T12:51:25+02:00\">\n\t\t\t30\/09\/2014\t\t<\/time>\n\t\t\t\t\t\t<\/div>\n\n\t\t\t\t<div class=\"wd-meta-date\">\n\t\t\t\t\t30 Sep 2014\t\t\t\t<\/div>\n\t\t\t\t\t<\/div>\n\n\t\t\t\t\t<h3 class=\"wd-entities-title title post-title\">\n\t\t\t\t<a href=\"https:\/\/leguidedesmontres.com\/fr\/actualites\/geophysic-de-jaeger-lecoultre-en-details\/\" rel=\"bookmark\">\n\t\t\t\t\tGeophysic de Jaeger-LeCoultre en d\u00e9tails\t\t\t\t<\/a>\n\t\t\t<\/h3>\n\t\t\n\t\t\t\t\t<div class=\"wd-post-desc\">\n\t\t\t\t\t\t\t\t\t1958 : un sous-marin am\u00e9ricain passe pour la premi\u00e8re fois sous le P\u00f4le Nord physique. 2014 : la pre...\t\t\t\t\t\t\t<\/div>\n\t\t\n\t\t\t\t\t\t\t\t\t\t<div class=\"wd-read-more\">\n\t\t\t\t\t\t<a class=\"btn-read-more more-link\" href=\"https:\/\/leguidedesmontres.com\/fr\/actualites\/geophysic-de-jaeger-lecoultre-en-details\/\">En savoir plus<\/a>\t\t\t\t\t<\/div>\n\t\t\t\t\t\t\t<\/div>\n\n\t\t\t<\/div>\n\t<\/article>\n\t\t\t\t\t\t\t\t\t\t\t\n<article id=\"post-8806\" class=\"wd-post blog-design-meta-image blog-post-loop blog-style-bg wd-col post-8806 post type-post status-publish format-standard has-post-thumbnail hentry category-autre tag-interview\">\n\t\t\t<div class=\"wd-post-inner\">\n\t\n\t<div class=\"wd-post-thumb color-scheme-light\">\n\t\t\t\t\t<div class=\"wd-post-img\">\n\t\t\t\t<img width=\"620\" height=\"643\" src=\"https:\/\/leguidedesmontres.com\/fr\/wp-content\/uploads\/2025\/06\/411_bruno_grande_jean_richard.jpg\" class=\"attachment-large size-large\" alt=\"\" decoding=\"async\" srcset=\"https:\/\/leguidedesmontres.com\/fr\/wp-content\/uploads\/2025\/06\/411_bruno_grande_jean_richard.jpg 620w, https:\/\/leguidedesmontres.com\/fr\/wp-content\/uploads\/2025\/06\/411_bruno_grande_jean_richard-289x300.jpg 289w, https:\/\/leguidedesmontres.com\/fr\/wp-content\/uploads\/2025\/06\/411_bruno_grande_jean_richard-150x156.jpg 150w\" sizes=\"(max-width: 620px) 100vw, 620px\" \/>\t\t\t<\/div>\n\t\t\n\t\t\t\t<a class=\"wd-post-link wd-fill\" href=\"https:\/\/leguidedesmontres.com\/fr\/actualites\/en-direct-avec-bruno-grande-ceo-jeanrichard\/\" rel=\"bookmark\" aria-label=\"Link on post En direct avec Bruno Grande, CEO Jeanrichard\"><\/a>\n\n\t\t\n\t<\/div>\n\n\t<div class=\"wd-post-content\">\n\t\t<div class=\"wd-post-entry-meta\">\n\t\t\t\n\n\t\t\t\t\t\t\t<div class=\"wd-modified-date\">\n\t\t\t\t\t\t\t<time class=\"updated\" datetime=\"2014-09-29T20:00:00+02:00\">\n\t\t\t29\/09\/2014\t\t<\/time>\n\t\t\t\t\t\t<\/div>\n\n\t\t\t\t<div class=\"wd-meta-date\">\n\t\t\t\t\t29 Sep 2014\t\t\t\t<\/div>\n\t\t\t\t\t<\/div>\n\n\t\t\t\t\t<h3 class=\"wd-entities-title title post-title\">\n\t\t\t\t<a href=\"https:\/\/leguidedesmontres.com\/fr\/actualites\/en-direct-avec-bruno-grande-ceo-jeanrichard\/\" rel=\"bookmark\">\n\t\t\t\t\tEn direct avec Bruno Grande, CEO Jeanrichard\t\t\t\t<\/a>\n\t\t\t<\/h3>\n\t\t\n\t\t\t\t\t<div class=\"wd-post-desc\">\n\t\t\t\t\t\t\t\t\tJeanrichard, la grande inconnue ? En France, comme dans beaucoup d\u2019autres pays, oui. Car la marque, ...\t\t\t\t\t\t\t<\/div>\n\t\t\n\t\t\t\t\t\t\t\t\t\t<div class=\"wd-read-more\">\n\t\t\t\t\t\t<a class=\"btn-read-more more-link\" href=\"https:\/\/leguidedesmontres.com\/fr\/actualites\/en-direct-avec-bruno-grande-ceo-jeanrichard\/\">En savoir plus<\/a>\t\t\t\t\t<\/div>\n\t\t\t\t\t\t\t<\/div>\n\n\t\t\t<\/div>\n\t<\/article>\n\t\t\t\t\t\t\t\t\t\t\t\n<article id=\"post-8808\" class=\"wd-post blog-design-meta-image blog-post-loop blog-style-bg wd-col post-8808 post type-post status-publish format-standard has-post-thumbnail hentry category-f-p-journe tag-coup-de-coeur\">\n\t\t\t<div class=\"wd-post-inner\">\n\t\n\t<div class=\"wd-post-thumb color-scheme-light\">\n\t\t\t\t\t<div class=\"wd-post-img\">\n\t\t\t\t<img width=\"620\" height=\"729\" src=\"https:\/\/leguidedesmontres.com\/fr\/wp-content\/uploads\/2025\/06\/410_fp_journe_octa_phases_de_lune_chiffres_or.jpg\" class=\"attachment-large size-large\" alt=\"\" decoding=\"async\" srcset=\"https:\/\/leguidedesmontres.com\/fr\/wp-content\/uploads\/2025\/06\/410_fp_journe_octa_phases_de_lune_chiffres_or.jpg 620w, https:\/\/leguidedesmontres.com\/fr\/wp-content\/uploads\/2025\/06\/410_fp_journe_octa_phases_de_lune_chiffres_or-255x300.jpg 255w, https:\/\/leguidedesmontres.com\/fr\/wp-content\/uploads\/2025\/06\/410_fp_journe_octa_phases_de_lune_chiffres_or-150x176.jpg 150w\" sizes=\"(max-width: 620px) 100vw, 620px\" \/>\t\t\t<\/div>\n\t\t\n\t\t\t\t<a class=\"wd-post-link wd-fill\" href=\"https:\/\/leguidedesmontres.com\/fr\/actualites\/nouveautes-f-p-journe\/\" rel=\"bookmark\" aria-label=\"Link on post Nouveaut\u00e9s F.P. Journe\"><\/a>\n\n\t\t\n\t<\/div>\n\n\t<div class=\"wd-post-content\">\n\t\t<div class=\"wd-post-entry-meta\">\n\t\t\t\n\n\t\t\t\t\t\t\t<div class=\"wd-modified-date\">\n\t\t\t\t\t\t\t<time class=\"updated\" datetime=\"2014-09-25T20:45:26+02:00\">\n\t\t\t25\/09\/2014\t\t<\/time>\n\t\t\t\t\t\t<\/div>\n\n\t\t\t\t<div class=\"wd-meta-date\">\n\t\t\t\t\t25 Sep 2014\t\t\t\t<\/div>\n\t\t\t\t\t<\/div>\n\n\t\t\t\t\t<h3 class=\"wd-entities-title title post-title\">\n\t\t\t\t<a href=\"https:\/\/leguidedesmontres.com\/fr\/actualites\/nouveautes-f-p-journe\/\" rel=\"bookmark\">\n\t\t\t\t\tNouveaut\u00e9s F.P. Journe\t\t\t\t<\/a>\n\t\t\t<\/h3>\n\t\t\n\t\t\t\t\t<div class=\"wd-post-desc\">\n\t\t\t\t\t\t\t\t\tPour la rentr\u00e9e, la manufacture F.P. Journe propose de nouvelles versions de ses garde-temps. S\u2019il n...\t\t\t\t\t\t\t<\/div>\n\t\t\n\t\t\t\t\t\t\t\t\t\t<div class=\"wd-read-more\">\n\t\t\t\t\t\t<a class=\"btn-read-more more-link\" href=\"https:\/\/leguidedesmontres.com\/fr\/actualites\/nouveautes-f-p-journe\/\">En savoir plus<\/a>\t\t\t\t\t<\/div>\n\t\t\t\t\t\t\t<\/div>\n\n\t\t\t<\/div>\n\t<\/article>\n\t\t\t\t\t\n\t\t\t\t\t","status":"have-posts","nextPage":"https:\/\/leguidedesmontres.com\/fr\/actualites\/page\/14\/?woo_ajax=1","currentPage":"https:\/\/leguidedesmontres.com\/fr\/actualites\/page\/13"}