
			
				

					
				

			
		{"items":"\n\t\t\t\t\t\t\t\t\t\t\t\n<article id=\"post-9030\" class=\"wd-post blog-design-meta-image blog-post-loop blog-style-bg wd-col post-9030 post type-post status-publish format-standard has-post-thumbnail hentry category-jaeger-lecoultre tag-coup-de-coeur\">\n\t\t\t<div class=\"wd-post-inner\">\n\t\n\t<div class=\"wd-post-thumb color-scheme-light\">\n\t\t\t\t\t<div class=\"wd-post-img\">\n\t\t\t\t<img width=\"620\" height=\"746\" src=\"https:\/\/leguidedesmontres.com\/fr\/wp-content\/uploads\/2025\/06\/296_jlc_grande_reverso_ultra_thin_1931_chocolate_dial.jpg\" class=\"attachment-large size-large\" alt=\"\" decoding=\"async\" srcset=\"https:\/\/leguidedesmontres.com\/fr\/wp-content\/uploads\/2025\/06\/296_jlc_grande_reverso_ultra_thin_1931_chocolate_dial.jpg 620w, https:\/\/leguidedesmontres.com\/fr\/wp-content\/uploads\/2025\/06\/296_jlc_grande_reverso_ultra_thin_1931_chocolate_dial-249x300.jpg 249w, https:\/\/leguidedesmontres.com\/fr\/wp-content\/uploads\/2025\/06\/296_jlc_grande_reverso_ultra_thin_1931_chocolate_dial-150x180.jpg 150w\" sizes=\"(max-width: 620px) 100vw, 620px\" \/>\t\t\t<\/div>\n\t\t\n\t\t\t\t<a class=\"wd-post-link wd-fill\" href=\"https:\/\/leguidedesmontres.com\/fr\/actualites\/grande-reverso-ultra-thin-1931-or-rose-chocolat\/\" rel=\"bookmark\" aria-label=\"Link on post Grande Reverso Ultra Thin 1931 or rose chocolat\"><\/a>\n\n\t\t\n\t<\/div>\n\n\t<div class=\"wd-post-content\">\n\t\t<div class=\"wd-post-entry-meta\">\n\t\t\t\n\n\t\t\t\t\t\t\t<div class=\"wd-modified-date\">\n\t\t\t\t\t\t\t<time class=\"updated\" datetime=\"2013-12-19T21:56:01+02:00\">\n\t\t\t19\/12\/2013\t\t<\/time>\n\t\t\t\t\t\t<\/div>\n\n\t\t\t\t<div class=\"wd-meta-date\">\n\t\t\t\t\t19 D\u00e9c 2013\t\t\t\t<\/div>\n\t\t\t\t\t<\/div>\n\n\t\t\t\t\t<h3 class=\"wd-entities-title title post-title\">\n\t\t\t\t<a href=\"https:\/\/leguidedesmontres.com\/fr\/actualites\/grande-reverso-ultra-thin-1931-or-rose-chocolat\/\" rel=\"bookmark\">\n\t\t\t\t\tGrande Reverso Ultra Thin 1931 or rose chocolat\t\t\t\t<\/a>\n\t\t\t<\/h3>\n\t\t\n\t\t\t\t\t<div class=\"wd-post-desc\">\n\t\t\t\t\t\t\t\t\tApr\u00e8s le bleu, le rouge, voici le chocolat : la nouvelle Reverso joue les teintes marron sur une car...\t\t\t\t\t\t\t<\/div>\n\t\t\n\t\t\t\t\t\t\t\t\t\t<div class=\"wd-read-more\">\n\t\t\t\t\t\t<a class=\"btn-read-more more-link\" href=\"https:\/\/leguidedesmontres.com\/fr\/actualites\/grande-reverso-ultra-thin-1931-or-rose-chocolat\/\">En savoir plus<\/a>\t\t\t\t\t<\/div>\n\t\t\t\t\t\t\t<\/div>\n\n\t\t\t<\/div>\n\t<\/article>\n\t\t\t\t\t\t\t\t\t\t\t\n<article id=\"post-9032\" class=\"wd-post blog-design-meta-image blog-post-loop blog-style-bg wd-col post-9032 post type-post status-publish format-standard has-post-thumbnail hentry category-autre tag-autour-de-la-montre\">\n\t\t\t<div class=\"wd-post-inner\">\n\t\n\t<div class=\"wd-post-thumb color-scheme-light\">\n\t\t\t\t\t<div class=\"wd-post-img\">\n\t\t\t\t<img width=\"620\" height=\"750\" src=\"https:\/\/leguidedesmontres.com\/fr\/wp-content\/uploads\/2025\/06\/295_le_grand_livre_du_luxe.jpg\" class=\"attachment-large size-large\" alt=\"\" decoding=\"async\" srcset=\"https:\/\/leguidedesmontres.com\/fr\/wp-content\/uploads\/2025\/06\/295_le_grand_livre_du_luxe.jpg 620w, https:\/\/leguidedesmontres.com\/fr\/wp-content\/uploads\/2025\/06\/295_le_grand_livre_du_luxe-248x300.jpg 248w, https:\/\/leguidedesmontres.com\/fr\/wp-content\/uploads\/2025\/06\/295_le_grand_livre_du_luxe-150x181.jpg 150w\" sizes=\"(max-width: 620px) 100vw, 620px\" \/>\t\t\t<\/div>\n\t\t\n\t\t\t\t<a class=\"wd-post-link wd-fill\" href=\"https:\/\/leguidedesmontres.com\/fr\/actualites\/le-grand-livre-du-luxe\/\" rel=\"bookmark\" aria-label=\"Link on post Le Grand Livre du Luxe\"><\/a>\n\n\t\t\n\t<\/div>\n\n\t<div class=\"wd-post-content\">\n\t\t<div class=\"wd-post-entry-meta\">\n\t\t\t\n\n\t\t\t\t\t\t\t<div class=\"wd-modified-date\">\n\t\t\t\t\t\t\t<time class=\"updated\" datetime=\"2013-12-18T20:53:07+02:00\">\n\t\t\t18\/12\/2013\t\t<\/time>\n\t\t\t\t\t\t<\/div>\n\n\t\t\t\t<div class=\"wd-meta-date\">\n\t\t\t\t\t18 D\u00e9c 2013\t\t\t\t<\/div>\n\t\t\t\t\t<\/div>\n\n\t\t\t\t\t<h3 class=\"wd-entities-title title post-title\">\n\t\t\t\t<a href=\"https:\/\/leguidedesmontres.com\/fr\/actualites\/le-grand-livre-du-luxe\/\" rel=\"bookmark\">\n\t\t\t\t\tLe Grand Livre du Luxe\t\t\t\t<\/a>\n\t\t\t<\/h3>\n\t\t\n\t\t\t\t\t<div class=\"wd-post-desc\">\n\t\t\t\t\t\t\t\t\tA force de baigner dans la d\u00e9mesure du luxe horloger, on pourrait en oublier la signification. Un ou...\t\t\t\t\t\t\t<\/div>\n\t\t\n\t\t\t\t\t\t\t\t\t\t<div class=\"wd-read-more\">\n\t\t\t\t\t\t<a class=\"btn-read-more more-link\" href=\"https:\/\/leguidedesmontres.com\/fr\/actualites\/le-grand-livre-du-luxe\/\">En savoir plus<\/a>\t\t\t\t\t<\/div>\n\t\t\t\t\t\t\t<\/div>\n\n\t\t\t<\/div>\n\t<\/article>\n\t\t\t\t\t\t\t\t\t\t\t\n<article id=\"post-9034\" class=\"wd-post blog-design-meta-image blog-post-loop blog-style-bg wd-col post-9034 post type-post status-publish format-standard has-post-thumbnail hentry category-autre tag-a-voir\">\n\t\t\t<div class=\"wd-post-inner\">\n\t\n\t<div class=\"wd-post-thumb color-scheme-light\">\n\t\t\t\t\t<div class=\"wd-post-img\">\n\t\t\t\t<img width=\"620\" height=\"637\" src=\"https:\/\/leguidedesmontres.com\/fr\/wp-content\/uploads\/2025\/06\/294_rebellion_540_magnum_tourbillon.jpg\" class=\"attachment-large size-large\" alt=\"\" decoding=\"async\" srcset=\"https:\/\/leguidedesmontres.com\/fr\/wp-content\/uploads\/2025\/06\/294_rebellion_540_magnum_tourbillon.jpg 620w, https:\/\/leguidedesmontres.com\/fr\/wp-content\/uploads\/2025\/06\/294_rebellion_540_magnum_tourbillon-292x300.jpg 292w, https:\/\/leguidedesmontres.com\/fr\/wp-content\/uploads\/2025\/06\/294_rebellion_540_magnum_tourbillon-150x154.jpg 150w\" sizes=\"(max-width: 620px) 100vw, 620px\" \/>\t\t\t<\/div>\n\t\t\n\t\t\t\t<a class=\"wd-post-link wd-fill\" href=\"https:\/\/leguidedesmontres.com\/fr\/actualites\/rebellion-540-magnum-tourbillon-radicale\/\" rel=\"bookmark\" aria-label=\"Link on post Rebellion 540 Magnum Tourbillon : Radicale !\"><\/a>\n\n\t\t\n\t<\/div>\n\n\t<div class=\"wd-post-content\">\n\t\t<div class=\"wd-post-entry-meta\">\n\t\t\t\n\n\t\t\t\t\t\t\t<div class=\"wd-modified-date\">\n\t\t\t\t\t\t\t<time class=\"updated\" datetime=\"2013-12-17T21:15:06+02:00\">\n\t\t\t17\/12\/2013\t\t<\/time>\n\t\t\t\t\t\t<\/div>\n\n\t\t\t\t<div class=\"wd-meta-date\">\n\t\t\t\t\t17 D\u00e9c 2013\t\t\t\t<\/div>\n\t\t\t\t\t<\/div>\n\n\t\t\t\t\t<h3 class=\"wd-entities-title title post-title\">\n\t\t\t\t<a href=\"https:\/\/leguidedesmontres.com\/fr\/actualites\/rebellion-540-magnum-tourbillon-radicale\/\" rel=\"bookmark\">\n\t\t\t\t\tRebellion 540 Magnum Tourbillon : Radicale !\t\t\t\t<\/a>\n\t\t\t<\/h3>\n\t\t\n\t\t\t\t\t<div class=\"wd-post-desc\">\n\t\t\t\t\t\t\t\t\tCertaines marques cherchent le consensus. D\u2019autres, la radicalit\u00e9. Rebellion fait assur\u00e9ment partie ...\t\t\t\t\t\t\t<\/div>\n\t\t\n\t\t\t\t\t\t\t\t\t\t<div class=\"wd-read-more\">\n\t\t\t\t\t\t<a class=\"btn-read-more more-link\" href=\"https:\/\/leguidedesmontres.com\/fr\/actualites\/rebellion-540-magnum-tourbillon-radicale\/\">En savoir plus<\/a>\t\t\t\t\t<\/div>\n\t\t\t\t\t\t\t<\/div>\n\n\t\t\t<\/div>\n\t<\/article>\n\t\t\t\t\t\t\t\t\t\t\t\n<article id=\"post-9036\" class=\"wd-post blog-design-meta-image blog-post-loop blog-style-bg wd-col post-9036 post type-post status-publish format-standard has-post-thumbnail hentry category-cartier tag-coup-de-coeur\">\n\t\t\t<div class=\"wd-post-inner\">\n\t\n\t<div class=\"wd-post-thumb color-scheme-light\">\n\t\t\t\t\t<div class=\"wd-post-img\">\n\t\t\t\t<img width=\"620\" height=\"702\" src=\"https:\/\/leguidedesmontres.com\/fr\/wp-content\/uploads\/2025\/06\/293_cartier_rotonde_terre_et_lune_tourbillon.jpg\" class=\"attachment-large size-large\" alt=\"\" decoding=\"async\" srcset=\"https:\/\/leguidedesmontres.com\/fr\/wp-content\/uploads\/2025\/06\/293_cartier_rotonde_terre_et_lune_tourbillon.jpg 620w, https:\/\/leguidedesmontres.com\/fr\/wp-content\/uploads\/2025\/06\/293_cartier_rotonde_terre_et_lune_tourbillon-265x300.jpg 265w, https:\/\/leguidedesmontres.com\/fr\/wp-content\/uploads\/2025\/06\/293_cartier_rotonde_terre_et_lune_tourbillon-150x170.jpg 150w\" sizes=\"(max-width: 620px) 100vw, 620px\" \/>\t\t\t<\/div>\n\t\t\n\t\t\t\t<a class=\"wd-post-link wd-fill\" href=\"https:\/\/leguidedesmontres.com\/fr\/actualites\/cartier-un-sihh-2014-dexception\/\" rel=\"bookmark\" aria-label=\"Link on post Cartier : un SIHH 2014 d\u2019exception\"><\/a>\n\n\t\t\n\t<\/div>\n\n\t<div class=\"wd-post-content\">\n\t\t<div class=\"wd-post-entry-meta\">\n\t\t\t\n\n\t\t\t\t\t\t\t<div class=\"wd-modified-date\">\n\t\t\t\t\t\t\t<time class=\"updated\" datetime=\"2013-12-14T17:11:07+02:00\">\n\t\t\t14\/12\/2013\t\t<\/time>\n\t\t\t\t\t\t<\/div>\n\n\t\t\t\t<div class=\"wd-meta-date\">\n\t\t\t\t\t14 D\u00e9c 2013\t\t\t\t<\/div>\n\t\t\t\t\t<\/div>\n\n\t\t\t\t\t<h3 class=\"wd-entities-title title post-title\">\n\t\t\t\t<a href=\"https:\/\/leguidedesmontres.com\/fr\/actualites\/cartier-un-sihh-2014-dexception\/\" rel=\"bookmark\">\n\t\t\t\t\tCartier : un SIHH 2014 d\u2019exception\t\t\t\t<\/a>\n\t\t\t<\/h3>\n\t\t\n\t\t\t\t\t<div class=\"wd-post-desc\">\n\t\t\t\t\t\t\t\t\tCartier vient de d\u00e9voiler, hier soir, les quatre grandes cr\u00e9ations qui seront pr\u00e9sent\u00e9es dans quelqu...\t\t\t\t\t\t\t<\/div>\n\t\t\n\t\t\t\t\t\t\t\t\t\t<div class=\"wd-read-more\">\n\t\t\t\t\t\t<a class=\"btn-read-more more-link\" href=\"https:\/\/leguidedesmontres.com\/fr\/actualites\/cartier-un-sihh-2014-dexception\/\">En savoir plus<\/a>\t\t\t\t\t<\/div>\n\t\t\t\t\t\t\t<\/div>\n\n\t\t\t<\/div>\n\t<\/article>\n\t\t\t\t\t\t\t\t\t\t\t\n<article id=\"post-9038\" class=\"wd-post blog-design-meta-image blog-post-loop blog-style-bg wd-col post-9038 post type-post status-publish format-standard has-post-thumbnail hentry category-patek-philippe category-rolex tag-vintage\">\n\t\t\t<div class=\"wd-post-inner\">\n\t\n\t<div class=\"wd-post-thumb color-scheme-light\">\n\t\t\t\t\t<div class=\"wd-post-img\">\n\t\t\t\t<img width=\"620\" height=\"546\" src=\"https:\/\/leguidedesmontres.com\/fr\/wp-content\/uploads\/2025\/06\/292_patek_philippe_ten_day_tourbillon_5101p.jpg\" class=\"attachment-large size-large\" alt=\"\" decoding=\"async\" srcset=\"https:\/\/leguidedesmontres.com\/fr\/wp-content\/uploads\/2025\/06\/292_patek_philippe_ten_day_tourbillon_5101p.jpg 620w, https:\/\/leguidedesmontres.com\/fr\/wp-content\/uploads\/2025\/06\/292_patek_philippe_ten_day_tourbillon_5101p-300x264.jpg 300w, https:\/\/leguidedesmontres.com\/fr\/wp-content\/uploads\/2025\/06\/292_patek_philippe_ten_day_tourbillon_5101p-150x132.jpg 150w\" sizes=\"(max-width: 620px) 100vw, 620px\" \/>\t\t\t<\/div>\n\t\t\n\t\t\t\t<a class=\"wd-post-link wd-fill\" href=\"https:\/\/leguidedesmontres.com\/fr\/actualites\/tajan-la-vente-aux-encheres-du-16-decembre-2013\/\" rel=\"bookmark\" aria-label=\"Link on post Tajan : La vente aux ench\u00e8res du 16 d\u00e9cembre 2013\"><\/a>\n\n\t\t\n\t<\/div>\n\n\t<div class=\"wd-post-content\">\n\t\t<div class=\"wd-post-entry-meta\">\n\t\t\t\n\n\t\t\t\t\t\t\t<div class=\"wd-modified-date\">\n\t\t\t\t\t\t\t<time class=\"updated\" datetime=\"2013-12-13T18:16:14+02:00\">\n\t\t\t13\/12\/2013\t\t<\/time>\n\t\t\t\t\t\t<\/div>\n\n\t\t\t\t<div class=\"wd-meta-date\">\n\t\t\t\t\t13 D\u00e9c 2013\t\t\t\t<\/div>\n\t\t\t\t\t<\/div>\n\n\t\t\t\t\t<h3 class=\"wd-entities-title title post-title\">\n\t\t\t\t<a href=\"https:\/\/leguidedesmontres.com\/fr\/actualites\/tajan-la-vente-aux-encheres-du-16-decembre-2013\/\" rel=\"bookmark\">\n\t\t\t\t\tTajan : La vente aux ench\u00e8res du 16 d\u00e9cembre 2013\t\t\t\t<\/a>\n\t\t\t<\/h3>\n\t\t\n\t\t\t\t\t<div class=\"wd-post-desc\">\n\t\t\t\t\t\t\t\t\tLa maison Tajan annonce, comme chaque ann\u00e9e avant No\u00ebl, sa vente prestige de montres de collection, ...\t\t\t\t\t\t\t<\/div>\n\t\t\n\t\t\t\t\t\t\t\t\t\t<div class=\"wd-read-more\">\n\t\t\t\t\t\t<a class=\"btn-read-more more-link\" href=\"https:\/\/leguidedesmontres.com\/fr\/actualites\/tajan-la-vente-aux-encheres-du-16-decembre-2013\/\">En savoir plus<\/a>\t\t\t\t\t<\/div>\n\t\t\t\t\t\t\t<\/div>\n\n\t\t\t<\/div>\n\t<\/article>\n\t\t\t\t\t\t\t\t\t\t\t\n<article id=\"post-9040\" class=\"wd-post blog-design-meta-image blog-post-loop blog-style-bg wd-col post-9040 post type-post status-publish format-standard has-post-thumbnail hentry category-autre tag-a-voir\">\n\t\t\t<div class=\"wd-post-inner\">\n\t\n\t<div class=\"wd-post-thumb color-scheme-light\">\n\t\t\t\t\t<div class=\"wd-post-img\">\n\t\t\t\t<img width=\"620\" height=\"394\" src=\"https:\/\/leguidedesmontres.com\/fr\/wp-content\/uploads\/2025\/06\/291_montres_de_luxe_guide_d_achat_noel_cresus.jpg\" class=\"attachment-large size-large\" alt=\"\" decoding=\"async\" srcset=\"https:\/\/leguidedesmontres.com\/fr\/wp-content\/uploads\/2025\/06\/291_montres_de_luxe_guide_d_achat_noel_cresus.jpg 620w, https:\/\/leguidedesmontres.com\/fr\/wp-content\/uploads\/2025\/06\/291_montres_de_luxe_guide_d_achat_noel_cresus-300x191.jpg 300w, https:\/\/leguidedesmontres.com\/fr\/wp-content\/uploads\/2025\/06\/291_montres_de_luxe_guide_d_achat_noel_cresus-150x95.jpg 150w\" sizes=\"(max-width: 620px) 100vw, 620px\" \/>\t\t\t<\/div>\n\t\t\n\t\t\t\t<a class=\"wd-post-link wd-fill\" href=\"https:\/\/leguidedesmontres.com\/fr\/actualites\/montres-de-luxe-le-guide-dachat-de-noel\/\" rel=\"bookmark\" aria-label=\"Link on post Montres de luxe : Le Guide d\u2019achat de No\u00ebl\"><\/a>\n\n\t\t\n\t<\/div>\n\n\t<div class=\"wd-post-content\">\n\t\t<div class=\"wd-post-entry-meta\">\n\t\t\t\n\n\t\t\t\t\t\t\t<div class=\"wd-modified-date\">\n\t\t\t\t\t\t\t<time class=\"updated\" datetime=\"2013-12-12T19:15:51+02:00\">\n\t\t\t12\/12\/2013\t\t<\/time>\n\t\t\t\t\t\t<\/div>\n\n\t\t\t\t<div class=\"wd-meta-date\">\n\t\t\t\t\t12 D\u00e9c 2013\t\t\t\t<\/div>\n\t\t\t\t\t<\/div>\n\n\t\t\t\t\t<h3 class=\"wd-entities-title title post-title\">\n\t\t\t\t<a href=\"https:\/\/leguidedesmontres.com\/fr\/actualites\/montres-de-luxe-le-guide-dachat-de-noel\/\" rel=\"bookmark\">\n\t\t\t\t\tMontres de luxe : Le Guide d\u2019achat de No\u00ebl\t\t\t\t<\/a>\n\t\t\t<\/h3>\n\t\t\n\t\t\t\t\t<div class=\"wd-post-desc\">\n\t\t\t\t\t\t\t\t\tVous sentez que No\u00ebl approche \u00e0 grands pas et vous ne pensez qu\u2019\u00e0 une chose : vous offrir une belle ...\t\t\t\t\t\t\t<\/div>\n\t\t\n\t\t\t\t\t\t\t\t\t\t<div class=\"wd-read-more\">\n\t\t\t\t\t\t<a class=\"btn-read-more more-link\" href=\"https:\/\/leguidedesmontres.com\/fr\/actualites\/montres-de-luxe-le-guide-dachat-de-noel\/\">En savoir plus<\/a>\t\t\t\t\t<\/div>\n\t\t\t\t\t\t\t<\/div>\n\n\t\t\t<\/div>\n\t<\/article>\n\t\t\t\t\t\t\t\t\t\t\t\n<article id=\"post-9042\" class=\"wd-post blog-design-meta-image blog-post-loop blog-style-bg wd-col post-9042 post type-post status-publish format-standard has-post-thumbnail hentry category-piaget tag-coup-de-coeur\">\n\t\t\t<div class=\"wd-post-inner\">\n\t\n\t<div class=\"wd-post-thumb color-scheme-light\">\n\t\t\t\t\t<div class=\"wd-post-img\">\n\t\t\t\t<img width=\"620\" height=\"494\" src=\"https:\/\/leguidedesmontres.com\/fr\/wp-content\/uploads\/2025\/06\/290_piaget_altiplano_900p_sihh_2014.jpg\" class=\"attachment-large size-large\" alt=\"\" decoding=\"async\" srcset=\"https:\/\/leguidedesmontres.com\/fr\/wp-content\/uploads\/2025\/06\/290_piaget_altiplano_900p_sihh_2014.jpg 620w, https:\/\/leguidedesmontres.com\/fr\/wp-content\/uploads\/2025\/06\/290_piaget_altiplano_900p_sihh_2014-300x239.jpg 300w, https:\/\/leguidedesmontres.com\/fr\/wp-content\/uploads\/2025\/06\/290_piaget_altiplano_900p_sihh_2014-150x120.jpg 150w\" sizes=\"(max-width: 620px) 100vw, 620px\" \/>\t\t\t<\/div>\n\t\t\n\t\t\t\t<a class=\"wd-post-link wd-fill\" href=\"https:\/\/leguidedesmontres.com\/fr\/actualites\/piaget-reprend-ses-droits-sur-lextra-plat\/\" rel=\"bookmark\" aria-label=\"Link on post Piaget reprend ses droits sur l\u2019extra-plat\"><\/a>\n\n\t\t\n\t<\/div>\n\n\t<div class=\"wd-post-content\">\n\t\t<div class=\"wd-post-entry-meta\">\n\t\t\t\n\n\t\t\t\t\t\t\t<div class=\"wd-modified-date\">\n\t\t\t\t\t\t\t<time class=\"updated\" datetime=\"2013-12-11T21:34:04+02:00\">\n\t\t\t11\/12\/2013\t\t<\/time>\n\t\t\t\t\t\t<\/div>\n\n\t\t\t\t<div class=\"wd-meta-date\">\n\t\t\t\t\t11 D\u00e9c 2013\t\t\t\t<\/div>\n\t\t\t\t\t<\/div>\n\n\t\t\t\t\t<h3 class=\"wd-entities-title title post-title\">\n\t\t\t\t<a href=\"https:\/\/leguidedesmontres.com\/fr\/actualites\/piaget-reprend-ses-droits-sur-lextra-plat\/\" rel=\"bookmark\">\n\t\t\t\t\tPiaget reprend ses droits sur l\u2019extra-plat\t\t\t\t<\/a>\n\t\t\t<\/h3>\n\t\t\n\t\t\t\t\t<div class=\"wd-post-desc\">\n\t\t\t\t\t\t\t\t\tL\u2019extra-plat est un terrain que Piaget a pr\u00e9empt\u00e9 d\u00e8s l\u2019apr\u00e8s-guerre. Mais un terrain n\u2019est pas une ...\t\t\t\t\t\t\t<\/div>\n\t\t\n\t\t\t\t\t\t\t\t\t\t<div class=\"wd-read-more\">\n\t\t\t\t\t\t<a class=\"btn-read-more more-link\" href=\"https:\/\/leguidedesmontres.com\/fr\/actualites\/piaget-reprend-ses-droits-sur-lextra-plat\/\">En savoir plus<\/a>\t\t\t\t\t<\/div>\n\t\t\t\t\t\t\t<\/div>\n\n\t\t\t<\/div>\n\t<\/article>\n\t\t\t\t\t\t\t\t\t\t\t\n<article id=\"post-9044\" class=\"wd-post blog-design-meta-image blog-post-loop blog-style-bg wd-col post-9044 post type-post status-publish format-standard has-post-thumbnail hentry category-chaumet tag-au-fil-de-lactualite\">\n\t\t\t<div class=\"wd-post-inner\">\n\t\n\t<div class=\"wd-post-thumb color-scheme-light\">\n\t\t\t\t\t<div class=\"wd-post-img\">\n\t\t\t\t<img width=\"620\" height=\"689\" src=\"https:\/\/leguidedesmontres.com\/fr\/wp-content\/uploads\/2025\/06\/289_chaumet_liens_w23870_02a.jpg\" class=\"attachment-large size-large\" alt=\"\" decoding=\"async\" srcset=\"https:\/\/leguidedesmontres.com\/fr\/wp-content\/uploads\/2025\/06\/289_chaumet_liens_w23870_02a.jpg 620w, https:\/\/leguidedesmontres.com\/fr\/wp-content\/uploads\/2025\/06\/289_chaumet_liens_w23870_02a-270x300.jpg 270w, https:\/\/leguidedesmontres.com\/fr\/wp-content\/uploads\/2025\/06\/289_chaumet_liens_w23870_02a-150x167.jpg 150w\" sizes=\"(max-width: 620px) 100vw, 620px\" \/>\t\t\t<\/div>\n\t\t\n\t\t\t\t<a class=\"wd-post-link wd-fill\" href=\"https:\/\/leguidedesmontres.com\/fr\/actualites\/nouvelles-liens-de-chaumet\/\" rel=\"bookmark\" aria-label=\"Link on post Nouvelles Liens de Chaumet\"><\/a>\n\n\t\t\n\t<\/div>\n\n\t<div class=\"wd-post-content\">\n\t\t<div class=\"wd-post-entry-meta\">\n\t\t\t\n\n\t\t\t\t\t\t\t<div class=\"wd-modified-date\">\n\t\t\t\t\t\t\t<time class=\"updated\" datetime=\"2013-12-10T20:58:47+02:00\">\n\t\t\t10\/12\/2013\t\t<\/time>\n\t\t\t\t\t\t<\/div>\n\n\t\t\t\t<div class=\"wd-meta-date\">\n\t\t\t\t\t10 D\u00e9c 2013\t\t\t\t<\/div>\n\t\t\t\t\t<\/div>\n\n\t\t\t\t\t<h3 class=\"wd-entities-title title post-title\">\n\t\t\t\t<a href=\"https:\/\/leguidedesmontres.com\/fr\/actualites\/nouvelles-liens-de-chaumet\/\" rel=\"bookmark\">\n\t\t\t\t\tNouvelles Liens de Chaumet\t\t\t\t<\/a>\n\t\t\t<\/h3>\n\t\t\n\t\t\t\t\t<div class=\"wd-post-desc\">\n\t\t\t\t\t\t\t\t\tCela faisait un certain temps que Chaumet avait d\u00e9laiss\u00e9 l\u2019horlogerie d\u2019entr\u00e9e de gamme pour dames. ...\t\t\t\t\t\t\t<\/div>\n\t\t\n\t\t\t\t\t\t\t\t\t\t<div class=\"wd-read-more\">\n\t\t\t\t\t\t<a class=\"btn-read-more more-link\" href=\"https:\/\/leguidedesmontres.com\/fr\/actualites\/nouvelles-liens-de-chaumet\/\">En savoir plus<\/a>\t\t\t\t\t<\/div>\n\t\t\t\t\t\t\t<\/div>\n\n\t\t\t<\/div>\n\t<\/article>\n\t\t\t\t\t\t\t\t\t\t\t\n<article id=\"post-9046\" class=\"wd-post blog-design-meta-image blog-post-loop blog-style-bg wd-col post-9046 post type-post status-publish format-standard has-post-thumbnail hentry category-hublot tag-interview\">\n\t\t\t<div class=\"wd-post-inner\">\n\t\n\t<div class=\"wd-post-thumb color-scheme-light\">\n\t\t\t\t\t<div class=\"wd-post-img\">\n\t\t\t\t<img width=\"620\" height=\"618\" src=\"https:\/\/leguidedesmontres.com\/fr\/wp-content\/uploads\/2025\/06\/288_ricardo_guadalupe_ceo_hublot.jpg\" class=\"attachment-large size-large\" alt=\"\" decoding=\"async\" srcset=\"https:\/\/leguidedesmontres.com\/fr\/wp-content\/uploads\/2025\/06\/288_ricardo_guadalupe_ceo_hublot.jpg 620w, https:\/\/leguidedesmontres.com\/fr\/wp-content\/uploads\/2025\/06\/288_ricardo_guadalupe_ceo_hublot-300x300.jpg 300w, https:\/\/leguidedesmontres.com\/fr\/wp-content\/uploads\/2025\/06\/288_ricardo_guadalupe_ceo_hublot-150x150.jpg 150w\" sizes=\"(max-width: 620px) 100vw, 620px\" \/>\t\t\t<\/div>\n\t\t\n\t\t\t\t<a class=\"wd-post-link wd-fill\" href=\"https:\/\/leguidedesmontres.com\/fr\/actualites\/basket-et-horlogerie-la-dream-team\/\" rel=\"bookmark\" aria-label=\"Link on post Basket et Horlogerie : la Dream Team\"><\/a>\n\n\t\t\n\t<\/div>\n\n\t<div class=\"wd-post-content\">\n\t\t<div class=\"wd-post-entry-meta\">\n\t\t\t\n\n\t\t\t\t\t\t\t<div class=\"wd-modified-date\">\n\t\t\t\t\t\t\t<time class=\"updated\" datetime=\"2013-12-06T17:51:26+02:00\">\n\t\t\t06\/12\/2013\t\t<\/time>\n\t\t\t\t\t\t<\/div>\n\n\t\t\t\t<div class=\"wd-meta-date\">\n\t\t\t\t\t06 D\u00e9c 2013\t\t\t\t<\/div>\n\t\t\t\t\t<\/div>\n\n\t\t\t\t\t<h3 class=\"wd-entities-title title post-title\">\n\t\t\t\t<a href=\"https:\/\/leguidedesmontres.com\/fr\/actualites\/basket-et-horlogerie-la-dream-team\/\" rel=\"bookmark\">\n\t\t\t\t\tBasket et Horlogerie : la Dream Team\t\t\t\t<\/a>\n\t\t\t<\/h3>\n\t\t\n\t\t\t\t\t<div class=\"wd-post-desc\">\n\t\t\t\t\t\t\t\t\tIl y a dix ans encore, les manufactures se pin\u00e7aient le nez quand on leur parlait de sports populair...\t\t\t\t\t\t\t<\/div>\n\t\t\n\t\t\t\t\t\t\t\t\t\t<div class=\"wd-read-more\">\n\t\t\t\t\t\t<a class=\"btn-read-more more-link\" href=\"https:\/\/leguidedesmontres.com\/fr\/actualites\/basket-et-horlogerie-la-dream-team\/\">En savoir plus<\/a>\t\t\t\t\t<\/div>\n\t\t\t\t\t\t\t<\/div>\n\n\t\t\t<\/div>\n\t<\/article>\n\t\t\t\t\t\t\t\t\t\t\t\n<article id=\"post-9048\" class=\"wd-post blog-design-meta-image blog-post-loop blog-style-bg wd-col post-9048 post type-post status-publish format-standard has-post-thumbnail hentry category-autre tag-au-fil-de-lactualite\">\n\t\t\t<div class=\"wd-post-inner\">\n\t\n\t<div class=\"wd-post-thumb color-scheme-light\">\n\t\t\t\t\t<div class=\"wd-post-img\">\n\t\t\t\t<img width=\"620\" height=\"410\" src=\"https:\/\/leguidedesmontres.com\/fr\/wp-content\/uploads\/2025\/06\/287_greubel_forsey_t24_titane.jpg\" class=\"attachment-large size-large\" alt=\"\" decoding=\"async\" srcset=\"https:\/\/leguidedesmontres.com\/fr\/wp-content\/uploads\/2025\/06\/287_greubel_forsey_t24_titane.jpg 620w, https:\/\/leguidedesmontres.com\/fr\/wp-content\/uploads\/2025\/06\/287_greubel_forsey_t24_titane-300x198.jpg 300w, https:\/\/leguidedesmontres.com\/fr\/wp-content\/uploads\/2025\/06\/287_greubel_forsey_t24_titane-150x99.jpg 150w\" sizes=\"(max-width: 620px) 100vw, 620px\" \/>\t\t\t<\/div>\n\t\t\n\t\t\t\t<a class=\"wd-post-link wd-fill\" href=\"https:\/\/leguidedesmontres.com\/fr\/actualites\/greubel-forsey-titanisee\/\" rel=\"bookmark\" aria-label=\"Link on post Greubel Forsey titanis\u00e9e\"><\/a>\n\n\t\t\n\t<\/div>\n\n\t<div class=\"wd-post-content\">\n\t\t<div class=\"wd-post-entry-meta\">\n\t\t\t\n\n\t\t\t\t\t\t\t<div class=\"wd-modified-date\">\n\t\t\t\t\t\t\t<time class=\"updated\" datetime=\"2013-12-05T20:51:25+02:00\">\n\t\t\t05\/12\/2013\t\t<\/time>\n\t\t\t\t\t\t<\/div>\n\n\t\t\t\t<div class=\"wd-meta-date\">\n\t\t\t\t\t05 D\u00e9c 2013\t\t\t\t<\/div>\n\t\t\t\t\t<\/div>\n\n\t\t\t\t\t<h3 class=\"wd-entities-title title post-title\">\n\t\t\t\t<a href=\"https:\/\/leguidedesmontres.com\/fr\/actualites\/greubel-forsey-titanisee\/\" rel=\"bookmark\">\n\t\t\t\t\tGreubel Forsey titanis\u00e9e\t\t\t\t<\/a>\n\t\t\t<\/h3>\n\t\t\n\t\t\t\t\t<div class=\"wd-post-desc\">\n\t\t\t\t\t\t\t\t\tFinition PVD, mouvement en titane, etc. : Greubel Forsey serait-elle en train de s\u2019encanailler ? Tou...\t\t\t\t\t\t\t<\/div>\n\t\t\n\t\t\t\t\t\t\t\t\t\t<div class=\"wd-read-more\">\n\t\t\t\t\t\t<a class=\"btn-read-more more-link\" href=\"https:\/\/leguidedesmontres.com\/fr\/actualites\/greubel-forsey-titanisee\/\">En savoir plus<\/a>\t\t\t\t\t<\/div>\n\t\t\t\t\t\t\t<\/div>\n\n\t\t\t<\/div>\n\t<\/article>\n\t\t\t\t\t\n\t\t\t\t\t","status":"have-posts","nextPage":"https:\/\/leguidedesmontres.com\/fr\/actualites\/page\/26\/?woo_ajax=1","currentPage":"https:\/\/leguidedesmontres.com\/fr\/actualites\/page\/25"}