
			
				

					
				

			
		{"items":"\n\t\t\t\t\t\t\t\t\t\t\t\n<article id=\"post-8590\" class=\"wd-post blog-design-meta-image blog-post-loop blog-style-bg wd-col post-8590 post type-post status-publish format-standard has-post-thumbnail hentry category-tudor tag-coup-de-coeur\">\n\t\t\t<div class=\"wd-post-inner\">\n\t\n\t<div class=\"wd-post-thumb color-scheme-light\">\n\t\t\t\t\t<div class=\"wd-post-img\">\n\t\t\t\t<img width=\"800\" height=\"600\" src=\"https:\/\/leguidedesmontres.com\/fr\/wp-content\/uploads\/2025\/06\/521_tudor_black_bay_noir.jpg\" class=\"attachment-large size-large\" alt=\"\" decoding=\"async\" srcset=\"https:\/\/leguidedesmontres.com\/fr\/wp-content\/uploads\/2025\/06\/521_tudor_black_bay_noir.jpg 800w, https:\/\/leguidedesmontres.com\/fr\/wp-content\/uploads\/2025\/06\/521_tudor_black_bay_noir-300x225.jpg 300w, https:\/\/leguidedesmontres.com\/fr\/wp-content\/uploads\/2025\/06\/521_tudor_black_bay_noir-768x576.jpg 768w, https:\/\/leguidedesmontres.com\/fr\/wp-content\/uploads\/2025\/06\/521_tudor_black_bay_noir-150x113.jpg 150w\" sizes=\"(max-width: 800px) 100vw, 800px\" \/>\t\t\t<\/div>\n\t\t\n\t\t\t\t<a class=\"wd-post-link wd-fill\" href=\"https:\/\/leguidedesmontres.com\/fr\/actualites\/tudor-black-bay-black-retro-mais-pas-trop\/\" rel=\"bookmark\" aria-label=\"Link on post Tudor Black Bay Black : Retro mais pas trop !\"><\/a>\n\n\t\t\n\t<\/div>\n\n\t<div class=\"wd-post-content\">\n\t\t<div class=\"wd-post-entry-meta\">\n\t\t\t\n\n\t\t\t\t\t\t\t<div class=\"wd-modified-date\">\n\t\t\t\t\t\t\t<time class=\"updated\" datetime=\"2015-12-22T14:04:46+02:00\">\n\t\t\t22\/12\/2015\t\t<\/time>\n\t\t\t\t\t\t<\/div>\n\n\t\t\t\t<div class=\"wd-meta-date\">\n\t\t\t\t\t22 D\u00e9c 2015\t\t\t\t<\/div>\n\t\t\t\t\t<\/div>\n\n\t\t\t\t\t<h3 class=\"wd-entities-title title post-title\">\n\t\t\t\t<a href=\"https:\/\/leguidedesmontres.com\/fr\/actualites\/tudor-black-bay-black-retro-mais-pas-trop\/\" rel=\"bookmark\">\n\t\t\t\t\tTudor Black Bay Black : Retro mais pas trop !\t\t\t\t<\/a>\n\t\t\t<\/h3>\n\t\t\n\t\t\t\t\t<div class=\"wd-post-desc\">\n\t\t\t\t\t\t\t\t\tTudor r\u00e9v\u00e8le une belle variante noire de sa montre de plong\u00e9e Heritage Black Bay. Un mod\u00e8le typ\u00e9 vin...\t\t\t\t\t\t\t<\/div>\n\t\t\n\t\t\t\t\t\t\t\t\t\t<div class=\"wd-read-more\">\n\t\t\t\t\t\t<a class=\"btn-read-more more-link\" href=\"https:\/\/leguidedesmontres.com\/fr\/actualites\/tudor-black-bay-black-retro-mais-pas-trop\/\">En savoir plus<\/a>\t\t\t\t\t<\/div>\n\t\t\t\t\t\t\t<\/div>\n\n\t\t\t<\/div>\n\t<\/article>\n\t\t\t\t\t\t\t\t\t\t\t\n<article id=\"post-8592\" class=\"wd-post blog-design-meta-image blog-post-loop blog-style-bg wd-col post-8592 post type-post status-publish format-standard has-post-thumbnail hentry category-bell-ross category-iwc category-jaeger-lecoultre category-rolex tag-coup-de-coeur\">\n\t\t\t<div class=\"wd-post-inner\">\n\t\n\t<div class=\"wd-post-thumb color-scheme-light\">\n\t\t\t\t\t<div class=\"wd-post-img\">\n\t\t\t\t<img width=\"800\" height=\"529\" src=\"https:\/\/leguidedesmontres.com\/fr\/wp-content\/uploads\/2025\/06\/520_bell_ross_argentium_ww1.jpeg\" class=\"attachment-large size-large\" alt=\"\" decoding=\"async\" srcset=\"https:\/\/leguidedesmontres.com\/fr\/wp-content\/uploads\/2025\/06\/520_bell_ross_argentium_ww1.jpeg 800w, https:\/\/leguidedesmontres.com\/fr\/wp-content\/uploads\/2025\/06\/520_bell_ross_argentium_ww1-300x198.jpeg 300w, https:\/\/leguidedesmontres.com\/fr\/wp-content\/uploads\/2025\/06\/520_bell_ross_argentium_ww1-768x508.jpeg 768w, https:\/\/leguidedesmontres.com\/fr\/wp-content\/uploads\/2025\/06\/520_bell_ross_argentium_ww1-150x99.jpeg 150w\" sizes=\"(max-width: 800px) 100vw, 800px\" \/>\t\t\t<\/div>\n\t\t\n\t\t\t\t<a class=\"wd-post-link wd-fill\" href=\"https:\/\/leguidedesmontres.com\/fr\/actualites\/cresus-la-selection-de-montres-pour-tout-le-monde\/\" rel=\"bookmark\" aria-label=\"Link on post Cr\u00e9sus : la s\u00e9lection de montres pour tout le monde !\"><\/a>\n\n\t\t\n\t<\/div>\n\n\t<div class=\"wd-post-content\">\n\t\t<div class=\"wd-post-entry-meta\">\n\t\t\t\n\n\t\t\t\t\t\t\t<div class=\"wd-modified-date\">\n\t\t\t\t\t\t\t<time class=\"updated\" datetime=\"2015-12-17T14:01:49+02:00\">\n\t\t\t17\/12\/2015\t\t<\/time>\n\t\t\t\t\t\t<\/div>\n\n\t\t\t\t<div class=\"wd-meta-date\">\n\t\t\t\t\t17 D\u00e9c 2015\t\t\t\t<\/div>\n\t\t\t\t\t<\/div>\n\n\t\t\t\t\t<h3 class=\"wd-entities-title title post-title\">\n\t\t\t\t<a href=\"https:\/\/leguidedesmontres.com\/fr\/actualites\/cresus-la-selection-de-montres-pour-tout-le-monde\/\" rel=\"bookmark\">\n\t\t\t\t\tCr\u00e9sus : la s\u00e9lection de montres pour tout le monde !\t\t\t\t<\/a>\n\t\t\t<\/h3>\n\t\t\n\t\t\t\t\t<div class=\"wd-post-desc\">\n\t\t\t\t\t\t\t\t\tComme une liste de cadeaux que l\u2019on pourrait faire, voici notre wishlist de pi\u00e8ces toutes diff\u00e9rente...\t\t\t\t\t\t\t<\/div>\n\t\t\n\t\t\t\t\t\t\t\t\t\t<div class=\"wd-read-more\">\n\t\t\t\t\t\t<a class=\"btn-read-more more-link\" href=\"https:\/\/leguidedesmontres.com\/fr\/actualites\/cresus-la-selection-de-montres-pour-tout-le-monde\/\">En savoir plus<\/a>\t\t\t\t\t<\/div>\n\t\t\t\t\t\t\t<\/div>\n\n\t\t\t<\/div>\n\t<\/article>\n\t\t\t\t\t\t\t\t\t\t\t\n<article id=\"post-8594\" class=\"wd-post blog-design-meta-image blog-post-loop blog-style-bg wd-col post-8594 post type-post status-publish format-standard has-post-thumbnail hentry category-a-lange-sohne category-breguet category-patek-philippe category-rolex tag-au-fil-de-lactualite\">\n\t\t\t<div class=\"wd-post-inner\">\n\t\n\t<div class=\"wd-post-thumb color-scheme-light\">\n\t\t\t\t\t<div class=\"wd-post-img\">\n\t\t\t\t<img width=\"800\" height=\"802\" src=\"https:\/\/leguidedesmontres.com\/fr\/wp-content\/uploads\/2025\/06\/519_rolex_daytona_6263_big_red.jpg\" class=\"attachment-large size-large\" alt=\"\" decoding=\"async\" srcset=\"https:\/\/leguidedesmontres.com\/fr\/wp-content\/uploads\/2025\/06\/519_rolex_daytona_6263_big_red.jpg 800w, https:\/\/leguidedesmontres.com\/fr\/wp-content\/uploads\/2025\/06\/519_rolex_daytona_6263_big_red-300x300.jpg 300w, https:\/\/leguidedesmontres.com\/fr\/wp-content\/uploads\/2025\/06\/519_rolex_daytona_6263_big_red-150x150.jpg 150w, https:\/\/leguidedesmontres.com\/fr\/wp-content\/uploads\/2025\/06\/519_rolex_daytona_6263_big_red-768x770.jpg 768w\" sizes=\"(max-width: 800px) 100vw, 800px\" \/>\t\t\t<\/div>\n\t\t\n\t\t\t\t<a class=\"wd-post-link wd-fill\" href=\"https:\/\/leguidedesmontres.com\/fr\/actualites\/vente-prestige-de-noel-chez-tajan\/\" rel=\"bookmark\" aria-label=\"Link on post Vente prestige de no\u00ebl chez Tajan\"><\/a>\n\n\t\t\n\t<\/div>\n\n\t<div class=\"wd-post-content\">\n\t\t<div class=\"wd-post-entry-meta\">\n\t\t\t\n\n\t\t\t\t\t\t\t<div class=\"wd-modified-date\">\n\t\t\t\t\t\t\t<time class=\"updated\" datetime=\"2015-12-12T12:14:50+02:00\">\n\t\t\t12\/12\/2015\t\t<\/time>\n\t\t\t\t\t\t<\/div>\n\n\t\t\t\t<div class=\"wd-meta-date\">\n\t\t\t\t\t12 D\u00e9c 2015\t\t\t\t<\/div>\n\t\t\t\t\t<\/div>\n\n\t\t\t\t\t<h3 class=\"wd-entities-title title post-title\">\n\t\t\t\t<a href=\"https:\/\/leguidedesmontres.com\/fr\/actualites\/vente-prestige-de-noel-chez-tajan\/\" rel=\"bookmark\">\n\t\t\t\t\tVente prestige de no\u00ebl chez Tajan\t\t\t\t<\/a>\n\t\t\t<\/h3>\n\t\t\n\t\t\t\t\t<div class=\"wd-post-desc\">\n\t\t\t\t\t\t\t\t\tLa Maison Tajan, situ\u00e9e dans le 8\u00e8me arrondissement \u00e0 Paris, dispersera mardi prochain, le 15 d\u00e9cemb...\t\t\t\t\t\t\t<\/div>\n\t\t\n\t\t\t\t\t\t\t\t\t\t<div class=\"wd-read-more\">\n\t\t\t\t\t\t<a class=\"btn-read-more more-link\" href=\"https:\/\/leguidedesmontres.com\/fr\/actualites\/vente-prestige-de-noel-chez-tajan\/\">En savoir plus<\/a>\t\t\t\t\t<\/div>\n\t\t\t\t\t\t\t<\/div>\n\n\t\t\t<\/div>\n\t<\/article>\n\t\t\t\t\t\t\t\t\t\t\t\n<article id=\"post-8596\" class=\"wd-post blog-design-meta-image blog-post-loop blog-style-bg wd-col post-8596 post type-post status-publish format-standard has-post-thumbnail hentry category-tudor tag-au-fil-de-lactualite\">\n\t\t\t<div class=\"wd-post-inner\">\n\t\n\t<div class=\"wd-post-thumb color-scheme-light\">\n\t\t\t\t\t<div class=\"wd-post-img\">\n\t\t\t\t<img width=\"800\" height=\"710\" src=\"https:\/\/leguidedesmontres.com\/fr\/wp-content\/uploads\/2025\/06\/518_tudor_fastrider_blackshield.jpg\" class=\"attachment-large size-large\" alt=\"\" decoding=\"async\" srcset=\"https:\/\/leguidedesmontres.com\/fr\/wp-content\/uploads\/2025\/06\/518_tudor_fastrider_blackshield.jpg 800w, https:\/\/leguidedesmontres.com\/fr\/wp-content\/uploads\/2025\/06\/518_tudor_fastrider_blackshield-300x266.jpg 300w, https:\/\/leguidedesmontres.com\/fr\/wp-content\/uploads\/2025\/06\/518_tudor_fastrider_blackshield-768x682.jpg 768w, https:\/\/leguidedesmontres.com\/fr\/wp-content\/uploads\/2025\/06\/518_tudor_fastrider_blackshield-150x133.jpg 150w\" sizes=\"(max-width: 800px) 100vw, 800px\" \/>\t\t\t<\/div>\n\t\t\n\t\t\t\t<a class=\"wd-post-link wd-fill\" href=\"https:\/\/leguidedesmontres.com\/fr\/actualites\/black-white-nouvelle-tudor-black-shield\/\" rel=\"bookmark\" aria-label=\"Link on post Black &amp; White : nouvelle Tudor Black Shield\"><\/a>\n\n\t\t\n\t<\/div>\n\n\t<div class=\"wd-post-content\">\n\t\t<div class=\"wd-post-entry-meta\">\n\t\t\t\n\n\t\t\t\t\t\t\t<div class=\"wd-modified-date\">\n\t\t\t\t\t\t\t<time class=\"updated\" datetime=\"2015-12-09T18:08:50+02:00\">\n\t\t\t09\/12\/2015\t\t<\/time>\n\t\t\t\t\t\t<\/div>\n\n\t\t\t\t<div class=\"wd-meta-date\">\n\t\t\t\t\t09 D\u00e9c 2015\t\t\t\t<\/div>\n\t\t\t\t\t<\/div>\n\n\t\t\t\t\t<h3 class=\"wd-entities-title title post-title\">\n\t\t\t\t<a href=\"https:\/\/leguidedesmontres.com\/fr\/actualites\/black-white-nouvelle-tudor-black-shield\/\" rel=\"bookmark\">\n\t\t\t\t\tBlack &amp; White : nouvelle Tudor Black Shield\t\t\t\t<\/a>\n\t\t\t<\/h3>\n\t\t\n\t\t\t\t\t<div class=\"wd-post-desc\">\n\t\t\t\t\t\t\t\t\tRetour en 2013 \u00e0 Baselworld, \u00e0 la surprise g\u00e9n\u00e9rale, Tudor a cr\u00e9\u00e9 l\u2019\u00e9v\u00e8nement un chronographe radica...\t\t\t\t\t\t\t<\/div>\n\t\t\n\t\t\t\t\t\t\t\t\t\t<div class=\"wd-read-more\">\n\t\t\t\t\t\t<a class=\"btn-read-more more-link\" href=\"https:\/\/leguidedesmontres.com\/fr\/actualites\/black-white-nouvelle-tudor-black-shield\/\">En savoir plus<\/a>\t\t\t\t\t<\/div>\n\t\t\t\t\t\t\t<\/div>\n\n\t\t\t<\/div>\n\t<\/article>\n\t\t\t\t\t\t\t\t\t\t\t\n<article id=\"post-8598\" class=\"wd-post blog-design-meta-image blog-post-loop blog-style-bg wd-col post-8598 post type-post status-publish format-standard has-post-thumbnail hentry category-autre tag-au-fil-de-lactualite\">\n\t\t\t<div class=\"wd-post-inner\">\n\t\n\t<div class=\"wd-post-thumb color-scheme-light\">\n\t\t\t\t\t<div class=\"wd-post-img\">\n\t\t\t\t<img width=\"800\" height=\"599\" src=\"https:\/\/leguidedesmontres.com\/fr\/wp-content\/uploads\/2025\/06\/517_mtg_g1000_casio_gshock.jpg\" class=\"attachment-large size-large\" alt=\"\" decoding=\"async\" srcset=\"https:\/\/leguidedesmontres.com\/fr\/wp-content\/uploads\/2025\/06\/517_mtg_g1000_casio_gshock.jpg 800w, https:\/\/leguidedesmontres.com\/fr\/wp-content\/uploads\/2025\/06\/517_mtg_g1000_casio_gshock-300x225.jpg 300w, https:\/\/leguidedesmontres.com\/fr\/wp-content\/uploads\/2025\/06\/517_mtg_g1000_casio_gshock-768x575.jpg 768w, https:\/\/leguidedesmontres.com\/fr\/wp-content\/uploads\/2025\/06\/517_mtg_g1000_casio_gshock-150x112.jpg 150w\" sizes=\"(max-width: 800px) 100vw, 800px\" \/>\t\t\t<\/div>\n\t\t\n\t\t\t\t<a class=\"wd-post-link wd-fill\" href=\"https:\/\/leguidedesmontres.com\/fr\/actualites\/essai-casio-mtg-gps-1000-lincassable\/\" rel=\"bookmark\" aria-label=\"Link on post Essai: Casio MTG GPS 1000, l&rsquo;incassable !\"><\/a>\n\n\t\t\n\t<\/div>\n\n\t<div class=\"wd-post-content\">\n\t\t<div class=\"wd-post-entry-meta\">\n\t\t\t\n\n\t\t\t\t\t\t\t<div class=\"wd-modified-date\">\n\t\t\t\t\t\t\t<time class=\"updated\" datetime=\"2015-11-17T19:28:18+02:00\">\n\t\t\t17\/11\/2015\t\t<\/time>\n\t\t\t\t\t\t<\/div>\n\n\t\t\t\t<div class=\"wd-meta-date\">\n\t\t\t\t\t17 Nov 2015\t\t\t\t<\/div>\n\t\t\t\t\t<\/div>\n\n\t\t\t\t\t<h3 class=\"wd-entities-title title post-title\">\n\t\t\t\t<a href=\"https:\/\/leguidedesmontres.com\/fr\/actualites\/essai-casio-mtg-gps-1000-lincassable\/\" rel=\"bookmark\">\n\t\t\t\t\tEssai: Casio MTG GPS 1000, l&rsquo;incassable !\t\t\t\t<\/a>\n\t\t\t<\/h3>\n\t\t\n\t\t\t\t\t<div class=\"wd-post-desc\">\n\t\t\t\t\t\t\t\t\tEt si on sortait un peu des sentiers battus, et si on quittait le domaine du tout m\u00e9canique et du fr...\t\t\t\t\t\t\t<\/div>\n\t\t\n\t\t\t\t\t\t\t\t\t\t<div class=\"wd-read-more\">\n\t\t\t\t\t\t<a class=\"btn-read-more more-link\" href=\"https:\/\/leguidedesmontres.com\/fr\/actualites\/essai-casio-mtg-gps-1000-lincassable\/\">En savoir plus<\/a>\t\t\t\t\t<\/div>\n\t\t\t\t\t\t\t<\/div>\n\n\t\t\t<\/div>\n\t<\/article>\n\t\t\t\t\t\t\t\t\t\t\t\n<article id=\"post-8600\" class=\"wd-post blog-design-meta-image blog-post-loop blog-style-bg wd-col post-8600 post type-post status-publish format-standard has-post-thumbnail hentry category-panerai tag-essais\">\n\t\t\t<div class=\"wd-post-inner\">\n\t\n\t<div class=\"wd-post-thumb color-scheme-light\">\n\t\t\t\t\t<div class=\"wd-post-img\">\n\t\t\t\t<img width=\"800\" height=\"603\" src=\"https:\/\/leguidedesmontres.com\/fr\/wp-content\/uploads\/2025\/06\/516_pam_449_slc_3_days.jpg\" class=\"attachment-large size-large\" alt=\"\" decoding=\"async\" srcset=\"https:\/\/leguidedesmontres.com\/fr\/wp-content\/uploads\/2025\/06\/516_pam_449_slc_3_days.jpg 800w, https:\/\/leguidedesmontres.com\/fr\/wp-content\/uploads\/2025\/06\/516_pam_449_slc_3_days-300x226.jpg 300w, https:\/\/leguidedesmontres.com\/fr\/wp-content\/uploads\/2025\/06\/516_pam_449_slc_3_days-768x579.jpg 768w, https:\/\/leguidedesmontres.com\/fr\/wp-content\/uploads\/2025\/06\/516_pam_449_slc_3_days-150x113.jpg 150w\" sizes=\"(max-width: 800px) 100vw, 800px\" \/>\t\t\t<\/div>\n\t\t\n\t\t\t\t<a class=\"wd-post-link wd-fill\" href=\"https:\/\/leguidedesmontres.com\/fr\/actualites\/panerai-radiomir-s-l-c-3-days-pam449\/\" rel=\"bookmark\" aria-label=\"Link on post Panerai Radiomir S.L.C 3 Days PAM449\"><\/a>\n\n\t\t\n\t<\/div>\n\n\t<div class=\"wd-post-content\">\n\t\t<div class=\"wd-post-entry-meta\">\n\t\t\t\n\n\t\t\t\t\t\t\t<div class=\"wd-modified-date\">\n\t\t\t\t\t\t\t<time class=\"updated\" datetime=\"2015-10-20T14:04:08+02:00\">\n\t\t\t20\/10\/2015\t\t<\/time>\n\t\t\t\t\t\t<\/div>\n\n\t\t\t\t<div class=\"wd-meta-date\">\n\t\t\t\t\t20 Oct 2015\t\t\t\t<\/div>\n\t\t\t\t\t<\/div>\n\n\t\t\t\t\t<h3 class=\"wd-entities-title title post-title\">\n\t\t\t\t<a href=\"https:\/\/leguidedesmontres.com\/fr\/actualites\/panerai-radiomir-s-l-c-3-days-pam449\/\" rel=\"bookmark\">\n\t\t\t\t\tPanerai Radiomir S.L.C 3 Days PAM449\t\t\t\t<\/a>\n\t\t\t<\/h3>\n\t\t\n\t\t\t\t\t<div class=\"wd-post-desc\">\n\t\t\t\t\t\t\t\t\tParmi les SL faisant un clin d\u2019\u0153il aux glorieuses vintage de l\u2019officine, les mod\u00e8les Radiomir ne son...\t\t\t\t\t\t\t<\/div>\n\t\t\n\t\t\t\t\t\t\t\t\t\t<div class=\"wd-read-more\">\n\t\t\t\t\t\t<a class=\"btn-read-more more-link\" href=\"https:\/\/leguidedesmontres.com\/fr\/actualites\/panerai-radiomir-s-l-c-3-days-pam449\/\">En savoir plus<\/a>\t\t\t\t\t<\/div>\n\t\t\t\t\t\t\t<\/div>\n\n\t\t\t<\/div>\n\t<\/article>\n\t\t\t\t\t\t\t\t\t\t\t\n<article id=\"post-8602\" class=\"wd-post blog-design-meta-image blog-post-loop blog-style-bg wd-col post-8602 post type-post status-publish format-standard has-post-thumbnail hentry category-vacheron-constantin tag-a-voir\">\n\t\t\t<div class=\"wd-post-inner\">\n\t\n\t<div class=\"wd-post-thumb color-scheme-light\">\n\t\t\t\t\t<div class=\"wd-post-img\">\n\t\t\t\t<img width=\"800\" height=\"649\" src=\"https:\/\/leguidedesmontres.com\/fr\/wp-content\/uploads\/2025\/06\/515_vacheron_constantin_american_1921.jpg\" class=\"attachment-large size-large\" alt=\"\" decoding=\"async\" srcset=\"https:\/\/leguidedesmontres.com\/fr\/wp-content\/uploads\/2025\/06\/515_vacheron_constantin_american_1921.jpg 800w, https:\/\/leguidedesmontres.com\/fr\/wp-content\/uploads\/2025\/06\/515_vacheron_constantin_american_1921-300x243.jpg 300w, https:\/\/leguidedesmontres.com\/fr\/wp-content\/uploads\/2025\/06\/515_vacheron_constantin_american_1921-768x623.jpg 768w, https:\/\/leguidedesmontres.com\/fr\/wp-content\/uploads\/2025\/06\/515_vacheron_constantin_american_1921-150x122.jpg 150w\" sizes=\"(max-width: 800px) 100vw, 800px\" \/>\t\t\t<\/div>\n\t\t\n\t\t\t\t<a class=\"wd-post-link wd-fill\" href=\"https:\/\/leguidedesmontres.com\/fr\/actualites\/la-vacheron-constantin-american-1921-en-details\/\" rel=\"bookmark\" aria-label=\"Link on post La Vacheron Constantin American 1921 en d\u00e9tails\"><\/a>\n\n\t\t\n\t<\/div>\n\n\t<div class=\"wd-post-content\">\n\t\t<div class=\"wd-post-entry-meta\">\n\t\t\t\n\n\t\t\t\t\t\t\t<div class=\"wd-modified-date\">\n\t\t\t\t\t\t\t<time class=\"updated\" datetime=\"2015-10-01T11:19:27+02:00\">\n\t\t\t01\/10\/2015\t\t<\/time>\n\t\t\t\t\t\t<\/div>\n\n\t\t\t\t<div class=\"wd-meta-date\">\n\t\t\t\t\t01 Oct 2015\t\t\t\t<\/div>\n\t\t\t\t\t<\/div>\n\n\t\t\t\t\t<h3 class=\"wd-entities-title title post-title\">\n\t\t\t\t<a href=\"https:\/\/leguidedesmontres.com\/fr\/actualites\/la-vacheron-constantin-american-1921-en-details\/\" rel=\"bookmark\">\n\t\t\t\t\tLa Vacheron Constantin American 1921 en d\u00e9tails\t\t\t\t<\/a>\n\t\t\t<\/h3>\n\t\t\n\t\t\t\t\t<div class=\"wd-post-desc\">\n\t\t\t\t\t\t\t\t\tApr\u00e8s la Toledo 1951 et le Chronom\u00e8tre Royal 1907, la Vacheron Constantin American 1921 (r\u00e9f.82035\/0...\t\t\t\t\t\t\t<\/div>\n\t\t\n\t\t\t\t\t\t\t\t\t\t<div class=\"wd-read-more\">\n\t\t\t\t\t\t<a class=\"btn-read-more more-link\" href=\"https:\/\/leguidedesmontres.com\/fr\/actualites\/la-vacheron-constantin-american-1921-en-details\/\">En savoir plus<\/a>\t\t\t\t\t<\/div>\n\t\t\t\t\t\t\t<\/div>\n\n\t\t\t<\/div>\n\t<\/article>\n\t\t\t\t\t\t\t\t\t\t\t\n<article id=\"post-8604\" class=\"wd-post blog-design-meta-image blog-post-loop blog-style-bg wd-col post-8604 post type-post status-publish format-standard has-post-thumbnail hentry category-richard-mille tag-vintage\">\n\t\t\t<div class=\"wd-post-inner\">\n\t\n\t<div class=\"wd-post-thumb color-scheme-light\">\n\t\t\t\t\t<div class=\"wd-post-img\">\n\t\t\t\t<img width=\"800\" height=\"800\" src=\"https:\/\/leguidedesmontres.com\/fr\/wp-content\/uploads\/2025\/06\/514_ferrari_250gt_california.jpeg\" class=\"attachment-large size-large\" alt=\"\" decoding=\"async\" srcset=\"https:\/\/leguidedesmontres.com\/fr\/wp-content\/uploads\/2025\/06\/514_ferrari_250gt_california.jpeg 800w, https:\/\/leguidedesmontres.com\/fr\/wp-content\/uploads\/2025\/06\/514_ferrari_250gt_california-300x300.jpeg 300w, https:\/\/leguidedesmontres.com\/fr\/wp-content\/uploads\/2025\/06\/514_ferrari_250gt_california-150x150.jpeg 150w, https:\/\/leguidedesmontres.com\/fr\/wp-content\/uploads\/2025\/06\/514_ferrari_250gt_california-768x768.jpeg 768w, https:\/\/leguidedesmontres.com\/fr\/wp-content\/uploads\/2025\/06\/514_ferrari_250gt_california-600x600.jpeg 600w\" sizes=\"(max-width: 800px) 100vw, 800px\" \/>\t\t\t<\/div>\n\t\t\n\t\t\t\t<a class=\"wd-post-link wd-fill\" href=\"https:\/\/leguidedesmontres.com\/fr\/actualites\/chantilly-arts-elegance-retour-en-images-sur-le-plus-bel-evenement-de-lannee\/\" rel=\"bookmark\" aria-label=\"Link on post Chantilly Arts &amp; Elegance : retour en images sur le plus bel \u00e9v\u00e8nement de l&rsquo;ann\u00e9e\"><\/a>\n\n\t\t\n\t<\/div>\n\n\t<div class=\"wd-post-content\">\n\t\t<div class=\"wd-post-entry-meta\">\n\t\t\t\n\n\t\t\t\t\t\t\t<div class=\"wd-modified-date\">\n\t\t\t\t\t\t\t<time class=\"updated\" datetime=\"2015-09-25T18:00:47+02:00\">\n\t\t\t25\/09\/2015\t\t<\/time>\n\t\t\t\t\t\t<\/div>\n\n\t\t\t\t<div class=\"wd-meta-date\">\n\t\t\t\t\t25 Sep 2015\t\t\t\t<\/div>\n\t\t\t\t\t<\/div>\n\n\t\t\t\t\t<h3 class=\"wd-entities-title title post-title\">\n\t\t\t\t<a href=\"https:\/\/leguidedesmontres.com\/fr\/actualites\/chantilly-arts-elegance-retour-en-images-sur-le-plus-bel-evenement-de-lannee\/\" rel=\"bookmark\">\n\t\t\t\t\tChantilly Arts &amp; Elegance : retour en images sur le plus bel \u00e9v\u00e8nement de l&rsquo;ann\u00e9e\t\t\t\t<\/a>\n\t\t\t<\/h3>\n\t\t\n\t\t\t\t\t<div class=\"wd-post-desc\">\n\t\t\t\t\t\t\t\t\tSi comme nous, vous avez pass\u00e9 une journ\u00e9e inoubliable le dimanche 6 septembre dernier \u00e0 Chantilly, ...\t\t\t\t\t\t\t<\/div>\n\t\t\n\t\t\t\t\t\t\t\t\t\t<div class=\"wd-read-more\">\n\t\t\t\t\t\t<a class=\"btn-read-more more-link\" href=\"https:\/\/leguidedesmontres.com\/fr\/actualites\/chantilly-arts-elegance-retour-en-images-sur-le-plus-bel-evenement-de-lannee\/\">En savoir plus<\/a>\t\t\t\t\t<\/div>\n\t\t\t\t\t\t\t<\/div>\n\n\t\t\t<\/div>\n\t<\/article>\n\t\t\t\t\t\t\t\t\t\t\t\n<article id=\"post-8606\" class=\"wd-post blog-design-meta-image blog-post-loop blog-style-bg wd-col post-8606 post type-post status-publish format-standard has-post-thumbnail hentry category-tudor tag-coup-de-coeur\">\n\t\t\t<div class=\"wd-post-inner\">\n\t\n\t<div class=\"wd-post-thumb color-scheme-light\">\n\t\t\t\t\t<div class=\"wd-post-img\">\n\t\t\t\t<img width=\"800\" height=\"600\" src=\"https:\/\/leguidedesmontres.com\/fr\/wp-content\/uploads\/2025\/06\/513_tudor_fastrider_rouge.jpg\" class=\"attachment-large size-large\" alt=\"\" decoding=\"async\" srcset=\"https:\/\/leguidedesmontres.com\/fr\/wp-content\/uploads\/2025\/06\/513_tudor_fastrider_rouge.jpg 800w, https:\/\/leguidedesmontres.com\/fr\/wp-content\/uploads\/2025\/06\/513_tudor_fastrider_rouge-300x225.jpg 300w, https:\/\/leguidedesmontres.com\/fr\/wp-content\/uploads\/2025\/06\/513_tudor_fastrider_rouge-768x576.jpg 768w, https:\/\/leguidedesmontres.com\/fr\/wp-content\/uploads\/2025\/06\/513_tudor_fastrider_rouge-150x113.jpg 150w\" sizes=\"(max-width: 800px) 100vw, 800px\" \/>\t\t\t<\/div>\n\t\t\n\t\t\t\t<a class=\"wd-post-link wd-fill\" href=\"https:\/\/leguidedesmontres.com\/fr\/actualites\/tudor-fastrider-chrono-lultime-combo\/\" rel=\"bookmark\" aria-label=\"Link on post Tudor Fastrider Chrono, l\u2019ultime combo\"><\/a>\n\n\t\t\n\t<\/div>\n\n\t<div class=\"wd-post-content\">\n\t\t<div class=\"wd-post-entry-meta\">\n\t\t\t\n\n\t\t\t\t\t\t\t<div class=\"wd-modified-date\">\n\t\t\t\t\t\t\t<time class=\"updated\" datetime=\"2015-09-24T16:16:42+02:00\">\n\t\t\t24\/09\/2015\t\t<\/time>\n\t\t\t\t\t\t<\/div>\n\n\t\t\t\t<div class=\"wd-meta-date\">\n\t\t\t\t\t24 Sep 2015\t\t\t\t<\/div>\n\t\t\t\t\t<\/div>\n\n\t\t\t\t\t<h3 class=\"wd-entities-title title post-title\">\n\t\t\t\t<a href=\"https:\/\/leguidedesmontres.com\/fr\/actualites\/tudor-fastrider-chrono-lultime-combo\/\" rel=\"bookmark\">\n\t\t\t\t\tTudor Fastrider Chrono, l\u2019ultime combo\t\t\t\t<\/a>\n\t\t\t<\/h3>\n\t\t\n\t\t\t\t\t<div class=\"wd-post-desc\">\n\t\t\t\t\t\t\t\t\tL\u2019horlogerie, c\u2019est la seule industrie majeure qui regarde autant vers son pass\u00e9 que vers son futur....\t\t\t\t\t\t\t<\/div>\n\t\t\n\t\t\t\t\t\t\t\t\t\t<div class=\"wd-read-more\">\n\t\t\t\t\t\t<a class=\"btn-read-more more-link\" href=\"https:\/\/leguidedesmontres.com\/fr\/actualites\/tudor-fastrider-chrono-lultime-combo\/\">En savoir plus<\/a>\t\t\t\t\t<\/div>\n\t\t\t\t\t\t\t<\/div>\n\n\t\t\t<\/div>\n\t<\/article>\n\t\t\t\t\t\t\t\t\t\t\t\n<article id=\"post-8608\" class=\"wd-post blog-design-meta-image blog-post-loop blog-style-bg wd-col post-8608 post type-post status-publish format-standard has-post-thumbnail hentry category-richard-mille tag-coup-de-coeur\">\n\t\t\t<div class=\"wd-post-inner\">\n\t\n\t<div class=\"wd-post-thumb color-scheme-light\">\n\t\t\t\t\t<div class=\"wd-post-img\">\n\t\t\t\t<img width=\"800\" height=\"783\" src=\"https:\/\/leguidedesmontres.com\/fr\/wp-content\/uploads\/2025\/06\/512_richard_mille_tourbillon_rm_69.jpg\" class=\"attachment-large size-large\" alt=\"\" decoding=\"async\" srcset=\"https:\/\/leguidedesmontres.com\/fr\/wp-content\/uploads\/2025\/06\/512_richard_mille_tourbillon_rm_69.jpg 800w, https:\/\/leguidedesmontres.com\/fr\/wp-content\/uploads\/2025\/06\/512_richard_mille_tourbillon_rm_69-300x294.jpg 300w, https:\/\/leguidedesmontres.com\/fr\/wp-content\/uploads\/2025\/06\/512_richard_mille_tourbillon_rm_69-768x752.jpg 768w, https:\/\/leguidedesmontres.com\/fr\/wp-content\/uploads\/2025\/06\/512_richard_mille_tourbillon_rm_69-150x147.jpg 150w\" sizes=\"(max-width: 800px) 100vw, 800px\" \/>\t\t\t<\/div>\n\t\t\n\t\t\t\t<a class=\"wd-post-link wd-fill\" href=\"https:\/\/leguidedesmontres.com\/fr\/actualites\/2015-annee-erotique-pour-richard-mille\/\" rel=\"bookmark\" aria-label=\"Link on post 2015 : ann\u00e9e \u00e9rotique pour Richard Mille !\"><\/a>\n\n\t\t\n\t<\/div>\n\n\t<div class=\"wd-post-content\">\n\t\t<div class=\"wd-post-entry-meta\">\n\t\t\t\n\n\t\t\t\t\t\t\t<div class=\"wd-modified-date\">\n\t\t\t\t\t\t\t<time class=\"updated\" datetime=\"2015-09-18T12:37:05+02:00\">\n\t\t\t18\/09\/2015\t\t<\/time>\n\t\t\t\t\t\t<\/div>\n\n\t\t\t\t<div class=\"wd-meta-date\">\n\t\t\t\t\t18 Sep 2015\t\t\t\t<\/div>\n\t\t\t\t\t<\/div>\n\n\t\t\t\t\t<h3 class=\"wd-entities-title title post-title\">\n\t\t\t\t<a href=\"https:\/\/leguidedesmontres.com\/fr\/actualites\/2015-annee-erotique-pour-richard-mille\/\" rel=\"bookmark\">\n\t\t\t\t\t2015 : ann\u00e9e \u00e9rotique pour Richard Mille !\t\t\t\t<\/a>\n\t\t\t<\/h3>\n\t\t\n\t\t\t\t\t<div class=\"wd-post-desc\">\n\t\t\t\t\t\t\t\t\tRichard Mille fait une nouvelle fois parler de lui ! Cette fois-ci, le sp\u00e9cialiste de la haute volti...\t\t\t\t\t\t\t<\/div>\n\t\t\n\t\t\t\t\t\t\t\t\t\t<div class=\"wd-read-more\">\n\t\t\t\t\t\t<a class=\"btn-read-more more-link\" href=\"https:\/\/leguidedesmontres.com\/fr\/actualites\/2015-annee-erotique-pour-richard-mille\/\">En savoir plus<\/a>\t\t\t\t\t<\/div>\n\t\t\t\t\t\t\t<\/div>\n\n\t\t\t<\/div>\n\t<\/article>\n\t\t\t\t\t\n\t\t\t\t\t","status":"have-posts","nextPage":"https:\/\/leguidedesmontres.com\/fr\/actualites\/page\/4\/?woo_ajax=1","currentPage":"https:\/\/leguidedesmontres.com\/fr\/actualites\/page\/3"}