
			
				

					
				

			
		{"items":"\n\t\t\t\t\t\t\t\t\t\t\t\n<article id=\"post-8610\" class=\"wd-post blog-design-meta-image blog-post-loop blog-style-bg wd-col post-8610 post type-post status-publish format-standard has-post-thumbnail hentry category-autre tag-au-fil-de-lactualite\">\n\t\t\t<div class=\"wd-post-inner\">\n\t\n\t<div class=\"wd-post-thumb color-scheme-light\">\n\t\t\t\t\t<div class=\"wd-post-img\">\n\t\t\t\t<img width=\"800\" height=\"800\" src=\"https:\/\/leguidedesmontres.com\/fr\/wp-content\/uploads\/2025\/06\/511_ralph_lauren_automotive_squelette_45mm.jpg\" class=\"attachment-large size-large\" alt=\"\" decoding=\"async\" srcset=\"https:\/\/leguidedesmontres.com\/fr\/wp-content\/uploads\/2025\/06\/511_ralph_lauren_automotive_squelette_45mm.jpg 800w, https:\/\/leguidedesmontres.com\/fr\/wp-content\/uploads\/2025\/06\/511_ralph_lauren_automotive_squelette_45mm-300x300.jpg 300w, https:\/\/leguidedesmontres.com\/fr\/wp-content\/uploads\/2025\/06\/511_ralph_lauren_automotive_squelette_45mm-150x150.jpg 150w, https:\/\/leguidedesmontres.com\/fr\/wp-content\/uploads\/2025\/06\/511_ralph_lauren_automotive_squelette_45mm-768x768.jpg 768w, https:\/\/leguidedesmontres.com\/fr\/wp-content\/uploads\/2025\/06\/511_ralph_lauren_automotive_squelette_45mm-600x600.jpg 600w\" sizes=\"(max-width: 800px) 100vw, 800px\" \/>\t\t\t<\/div>\n\t\t\n\t\t\t\t<a class=\"wd-post-link wd-fill\" href=\"https:\/\/leguidedesmontres.com\/fr\/actualites\/essai-ralph-lauren-automotive-squelette-45-mm\/\" rel=\"bookmark\" aria-label=\"Link on post Essai : Ralph Lauren Automotive Squelette 45 mm\"><\/a>\n\n\t\t\n\t<\/div>\n\n\t<div class=\"wd-post-content\">\n\t\t<div class=\"wd-post-entry-meta\">\n\t\t\t\n\n\t\t\t\t\t\t\t<div class=\"wd-modified-date\">\n\t\t\t\t\t\t\t<time class=\"updated\" datetime=\"2015-09-10T12:12:57+02:00\">\n\t\t\t10\/09\/2015\t\t<\/time>\n\t\t\t\t\t\t<\/div>\n\n\t\t\t\t<div class=\"wd-meta-date\">\n\t\t\t\t\t10 Sep 2015\t\t\t\t<\/div>\n\t\t\t\t\t<\/div>\n\n\t\t\t\t\t<h3 class=\"wd-entities-title title post-title\">\n\t\t\t\t<a href=\"https:\/\/leguidedesmontres.com\/fr\/actualites\/essai-ralph-lauren-automotive-squelette-45-mm\/\" rel=\"bookmark\">\n\t\t\t\t\tEssai : Ralph Lauren Automotive Squelette 45 mm\t\t\t\t<\/a>\n\t\t\t<\/h3>\n\t\t\n\t\t\t\t\t<div class=\"wd-post-desc\">\n\t\t\t\t\t\t\t\t\tOriginale est le superlatif qui pourrait qualifier cette Ralph Lauren Automotive Squelette. Le mod\u00e8l...\t\t\t\t\t\t\t<\/div>\n\t\t\n\t\t\t\t\t\t\t\t\t\t<div class=\"wd-read-more\">\n\t\t\t\t\t\t<a class=\"btn-read-more more-link\" href=\"https:\/\/leguidedesmontres.com\/fr\/actualites\/essai-ralph-lauren-automotive-squelette-45-mm\/\">En savoir plus<\/a>\t\t\t\t\t<\/div>\n\t\t\t\t\t\t\t<\/div>\n\n\t\t\t<\/div>\n\t<\/article>\n\t\t\t\t\t\t\t\t\t\t\t\n<article id=\"post-8612\" class=\"wd-post blog-design-meta-image blog-post-loop blog-style-bg wd-col post-8612 post type-post status-publish format-standard has-post-thumbnail hentry category-richard-mille tag-coup-de-coeur\">\n\t\t\t<div class=\"wd-post-inner\">\n\t\n\t<div class=\"wd-post-thumb color-scheme-light\">\n\t\t\t\t\t<div class=\"wd-post-img\">\n\t\t\t\t<img width=\"800\" height=\"755\" src=\"https:\/\/leguidedesmontres.com\/fr\/wp-content\/uploads\/2025\/06\/510_chantilly_arts_elegance.jpg\" class=\"attachment-large size-large\" alt=\"\" decoding=\"async\" srcset=\"https:\/\/leguidedesmontres.com\/fr\/wp-content\/uploads\/2025\/06\/510_chantilly_arts_elegance.jpg 800w, https:\/\/leguidedesmontres.com\/fr\/wp-content\/uploads\/2025\/06\/510_chantilly_arts_elegance-300x283.jpg 300w, https:\/\/leguidedesmontres.com\/fr\/wp-content\/uploads\/2025\/06\/510_chantilly_arts_elegance-768x725.jpg 768w, https:\/\/leguidedesmontres.com\/fr\/wp-content\/uploads\/2025\/06\/510_chantilly_arts_elegance-150x142.jpg 150w\" sizes=\"(max-width: 800px) 100vw, 800px\" \/>\t\t\t<\/div>\n\t\t\n\t\t\t\t<a class=\"wd-post-link wd-fill\" href=\"https:\/\/leguidedesmontres.com\/fr\/actualites\/chantilly-arts-elegance-richard-mille-2015\/\" rel=\"bookmark\" aria-label=\"Link on post Chantilly Arts &amp; Elegance Richard Mille 2015\"><\/a>\n\n\t\t\n\t<\/div>\n\n\t<div class=\"wd-post-content\">\n\t\t<div class=\"wd-post-entry-meta\">\n\t\t\t\n\n\t\t\t\t\t\t\t<div class=\"wd-modified-date\">\n\t\t\t\t\t\t\t<time class=\"updated\" datetime=\"2015-09-05T21:05:32+02:00\">\n\t\t\t05\/09\/2015\t\t<\/time>\n\t\t\t\t\t\t<\/div>\n\n\t\t\t\t<div class=\"wd-meta-date\">\n\t\t\t\t\t05 Sep 2015\t\t\t\t<\/div>\n\t\t\t\t\t<\/div>\n\n\t\t\t\t\t<h3 class=\"wd-entities-title title post-title\">\n\t\t\t\t<a href=\"https:\/\/leguidedesmontres.com\/fr\/actualites\/chantilly-arts-elegance-richard-mille-2015\/\" rel=\"bookmark\">\n\t\t\t\t\tChantilly Arts &amp; Elegance Richard Mille 2015\t\t\t\t<\/a>\n\t\t\t<\/h3>\n\t\t\n\t\t\t\t\t<div class=\"wd-post-desc\">\n\t\t\t\t\t\t\t\t\tApr\u00e8s un succ\u00e8s sans pr\u00e9c\u00e9dent, c\u2019est avec grande impatience que nous attendions l\u2019\u00e9dition 2015 de l...\t\t\t\t\t\t\t<\/div>\n\t\t\n\t\t\t\t\t\t\t\t\t\t<div class=\"wd-read-more\">\n\t\t\t\t\t\t<a class=\"btn-read-more more-link\" href=\"https:\/\/leguidedesmontres.com\/fr\/actualites\/chantilly-arts-elegance-richard-mille-2015\/\">En savoir plus<\/a>\t\t\t\t\t<\/div>\n\t\t\t\t\t\t\t<\/div>\n\n\t\t\t<\/div>\n\t<\/article>\n\t\t\t\t\t\t\t\t\t\t\t\n<article id=\"post-8614\" class=\"wd-post blog-design-meta-image blog-post-loop blog-style-bg wd-col post-8614 post type-post status-publish format-standard has-post-thumbnail hentry category-breitling tag-a-voir\">\n\t\t\t<div class=\"wd-post-inner\">\n\t\n\t<div class=\"wd-post-thumb color-scheme-light\">\n\t\t\t\t\t<div class=\"wd-post-img\">\n\t\t\t\t<img width=\"800\" height=\"805\" src=\"https:\/\/leguidedesmontres.com\/fr\/wp-content\/uploads\/2025\/06\/509_breitling_navtimer_7806.jpg\" class=\"attachment-large size-large\" alt=\"\" decoding=\"async\" srcset=\"https:\/\/leguidedesmontres.com\/fr\/wp-content\/uploads\/2025\/06\/509_breitling_navtimer_7806.jpg 800w, https:\/\/leguidedesmontres.com\/fr\/wp-content\/uploads\/2025\/06\/509_breitling_navtimer_7806-298x300.jpg 298w, https:\/\/leguidedesmontres.com\/fr\/wp-content\/uploads\/2025\/06\/509_breitling_navtimer_7806-150x151.jpg 150w, https:\/\/leguidedesmontres.com\/fr\/wp-content\/uploads\/2025\/06\/509_breitling_navtimer_7806-768x773.jpg 768w\" sizes=\"(max-width: 800px) 100vw, 800px\" \/>\t\t\t<\/div>\n\t\t\n\t\t\t\t<a class=\"wd-post-link wd-fill\" href=\"https:\/\/leguidedesmontres.com\/fr\/actualites\/breitling-130-ans-en-12-dates-cles\/\" rel=\"bookmark\" aria-label=\"Link on post Breitling : 130 ans en 12 dates cl\u00e9s\"><\/a>\n\n\t\t\n\t<\/div>\n\n\t<div class=\"wd-post-content\">\n\t\t<div class=\"wd-post-entry-meta\">\n\t\t\t\n\n\t\t\t\t\t\t\t<div class=\"wd-modified-date\">\n\t\t\t\t\t\t\t<time class=\"updated\" datetime=\"2015-07-14T19:33:34+02:00\">\n\t\t\t14\/07\/2015\t\t<\/time>\n\t\t\t\t\t\t<\/div>\n\n\t\t\t\t<div class=\"wd-meta-date\">\n\t\t\t\t\t14 Juil 2015\t\t\t\t<\/div>\n\t\t\t\t\t<\/div>\n\n\t\t\t\t\t<h3 class=\"wd-entities-title title post-title\">\n\t\t\t\t<a href=\"https:\/\/leguidedesmontres.com\/fr\/actualites\/breitling-130-ans-en-12-dates-cles\/\" rel=\"bookmark\">\n\t\t\t\t\tBreitling : 130 ans en 12 dates cl\u00e9s\t\t\t\t<\/a>\n\t\t\t<\/h3>\n\t\t\n\t\t\t\t\t<div class=\"wd-post-desc\">\n\t\t\t\t\t\t\t\t\tBreitling a f\u00eat\u00e9 cette ann\u00e9e ses 130 ans. La marque au B ail\u00e9 a pr\u00e9sent\u00e9 un certain nombre de pi\u00e8ces...\t\t\t\t\t\t\t<\/div>\n\t\t\n\t\t\t\t\t\t\t\t\t\t<div class=\"wd-read-more\">\n\t\t\t\t\t\t<a class=\"btn-read-more more-link\" href=\"https:\/\/leguidedesmontres.com\/fr\/actualites\/breitling-130-ans-en-12-dates-cles\/\">En savoir plus<\/a>\t\t\t\t\t<\/div>\n\t\t\t\t\t\t\t<\/div>\n\n\t\t\t<\/div>\n\t<\/article>\n\t\t\t\t\t\t\t\t\t\t\t\n<article id=\"post-8616\" class=\"wd-post blog-design-meta-image blog-post-loop blog-style-bg wd-col post-8616 post type-post status-publish format-standard has-post-thumbnail hentry category-breguet tag-coup-de-coeur\">\n\t\t\t<div class=\"wd-post-inner\">\n\t\n\t<div class=\"wd-post-thumb color-scheme-light\">\n\t\t\t\t\t<div class=\"wd-post-img\">\n\t\t\t\t<img width=\"800\" height=\"634\" src=\"https:\/\/leguidedesmontres.com\/fr\/wp-content\/uploads\/2025\/06\/508_breguet_7097.jpg\" class=\"attachment-large size-large\" alt=\"\" decoding=\"async\" srcset=\"https:\/\/leguidedesmontres.com\/fr\/wp-content\/uploads\/2025\/06\/508_breguet_7097.jpg 800w, https:\/\/leguidedesmontres.com\/fr\/wp-content\/uploads\/2025\/06\/508_breguet_7097-300x238.jpg 300w, https:\/\/leguidedesmontres.com\/fr\/wp-content\/uploads\/2025\/06\/508_breguet_7097-768x609.jpg 768w, https:\/\/leguidedesmontres.com\/fr\/wp-content\/uploads\/2025\/06\/508_breguet_7097-150x119.jpg 150w\" sizes=\"(max-width: 800px) 100vw, 800px\" \/>\t\t\t<\/div>\n\t\t\n\t\t\t\t<a class=\"wd-post-link wd-fill\" href=\"https:\/\/leguidedesmontres.com\/fr\/actualites\/breguet-des-traditions-tres-modernes\/\" rel=\"bookmark\" aria-label=\"Link on post Breguet : des Traditions tr\u00e8s modernes\"><\/a>\n\n\t\t\n\t<\/div>\n\n\t<div class=\"wd-post-content\">\n\t\t<div class=\"wd-post-entry-meta\">\n\t\t\t\n\n\t\t\t\t\t\t\t<div class=\"wd-modified-date\">\n\t\t\t\t\t\t\t<time class=\"updated\" datetime=\"2015-07-09T16:20:01+02:00\">\n\t\t\t09\/07\/2015\t\t<\/time>\n\t\t\t\t\t\t<\/div>\n\n\t\t\t\t<div class=\"wd-meta-date\">\n\t\t\t\t\t09 Juil 2015\t\t\t\t<\/div>\n\t\t\t\t\t<\/div>\n\n\t\t\t\t\t<h3 class=\"wd-entities-title title post-title\">\n\t\t\t\t<a href=\"https:\/\/leguidedesmontres.com\/fr\/actualites\/breguet-des-traditions-tres-modernes\/\" rel=\"bookmark\">\n\t\t\t\t\tBreguet : des Traditions tr\u00e8s modernes\t\t\t\t<\/a>\n\t\t\t<\/h3>\n\t\t\n\t\t\t\t\t<div class=\"wd-post-desc\">\n\t\t\t\t\t\t\t\t\tA Baselworld, les deux stands se font presque face. D\u2019un c\u00f4t\u00e9, Patek Philippe, l\u2019\u00e9minente manufactur...\t\t\t\t\t\t\t<\/div>\n\t\t\n\t\t\t\t\t\t\t\t\t\t<div class=\"wd-read-more\">\n\t\t\t\t\t\t<a class=\"btn-read-more more-link\" href=\"https:\/\/leguidedesmontres.com\/fr\/actualites\/breguet-des-traditions-tres-modernes\/\">En savoir plus<\/a>\t\t\t\t\t<\/div>\n\t\t\t\t\t\t\t<\/div>\n\n\t\t\t<\/div>\n\t<\/article>\n\t\t\t\t\t\t\t\t\t\t\t\n<article id=\"post-8618\" class=\"wd-post blog-design-meta-image blog-post-loop blog-style-bg wd-col post-8618 post type-post status-publish format-standard has-post-thumbnail hentry category-jaquet-droz tag-au-fil-de-lactualite\">\n\t\t\t<div class=\"wd-post-inner\">\n\t\n\t<div class=\"wd-post-thumb color-scheme-light\">\n\t\t\t\t\t<div class=\"wd-post-img\">\n\t\t\t\t<img width=\"800\" height=\"684\" src=\"https:\/\/leguidedesmontres.com\/fr\/wp-content\/uploads\/2025\/06\/507_jaquet_droz_grande_seconde_quantieme_dead_beat.jpg\" class=\"attachment-large size-large\" alt=\"\" decoding=\"async\" srcset=\"https:\/\/leguidedesmontres.com\/fr\/wp-content\/uploads\/2025\/06\/507_jaquet_droz_grande_seconde_quantieme_dead_beat.jpg 800w, https:\/\/leguidedesmontres.com\/fr\/wp-content\/uploads\/2025\/06\/507_jaquet_droz_grande_seconde_quantieme_dead_beat-300x257.jpg 300w, https:\/\/leguidedesmontres.com\/fr\/wp-content\/uploads\/2025\/06\/507_jaquet_droz_grande_seconde_quantieme_dead_beat-768x657.jpg 768w, https:\/\/leguidedesmontres.com\/fr\/wp-content\/uploads\/2025\/06\/507_jaquet_droz_grande_seconde_quantieme_dead_beat-150x128.jpg 150w\" sizes=\"(max-width: 800px) 100vw, 800px\" \/>\t\t\t<\/div>\n\t\t\n\t\t\t\t<a class=\"wd-post-link wd-fill\" href=\"https:\/\/leguidedesmontres.com\/fr\/actualites\/jaquet-droz-met-a-mort-sa-grande-seconde\/\" rel=\"bookmark\" aria-label=\"Link on post Jaquet Droz met \u00e0 mort sa Grande Seconde\"><\/a>\n\n\t\t\n\t<\/div>\n\n\t<div class=\"wd-post-content\">\n\t\t<div class=\"wd-post-entry-meta\">\n\t\t\t\n\n\t\t\t\t\t\t\t<div class=\"wd-modified-date\">\n\t\t\t\t\t\t\t<time class=\"updated\" datetime=\"2015-07-07T17:08:49+02:00\">\n\t\t\t07\/07\/2015\t\t<\/time>\n\t\t\t\t\t\t<\/div>\n\n\t\t\t\t<div class=\"wd-meta-date\">\n\t\t\t\t\t07 Juil 2015\t\t\t\t<\/div>\n\t\t\t\t\t<\/div>\n\n\t\t\t\t\t<h3 class=\"wd-entities-title title post-title\">\n\t\t\t\t<a href=\"https:\/\/leguidedesmontres.com\/fr\/actualites\/jaquet-droz-met-a-mort-sa-grande-seconde\/\" rel=\"bookmark\">\n\t\t\t\t\tJaquet Droz met \u00e0 mort sa Grande Seconde\t\t\t\t<\/a>\n\t\t\t<\/h3>\n\t\t\n\t\t\t\t\t<div class=\"wd-post-desc\">\n\t\t\t\t\t\t\t\t\tIl ne s\u2019agissait que d\u2019une annonce pr\u00e9alable \u00e0 la foire de B\u00e2le et, pourtant, c\u2019est bien elle qui po...\t\t\t\t\t\t\t<\/div>\n\t\t\n\t\t\t\t\t\t\t\t\t\t<div class=\"wd-read-more\">\n\t\t\t\t\t\t<a class=\"btn-read-more more-link\" href=\"https:\/\/leguidedesmontres.com\/fr\/actualites\/jaquet-droz-met-a-mort-sa-grande-seconde\/\">En savoir plus<\/a>\t\t\t\t\t<\/div>\n\t\t\t\t\t\t\t<\/div>\n\n\t\t\t<\/div>\n\t<\/article>\n\t\t\t\t\t\t\t\t\t\t\t\n<article id=\"post-8620\" class=\"wd-post blog-design-meta-image blog-post-loop blog-style-bg wd-col post-8620 post type-post status-publish format-standard has-post-thumbnail hentry category-tudor tag-coup-de-coeur\">\n\t\t\t<div class=\"wd-post-inner\">\n\t\n\t<div class=\"wd-post-thumb color-scheme-light\">\n\t\t\t\t\t<div class=\"wd-post-img\">\n\t\t\t\t<img width=\"800\" height=\"746\" src=\"https:\/\/leguidedesmontres.com\/fr\/wp-content\/uploads\/2025\/06\/506_tudor_black_bay_one.jpg\" class=\"attachment-large size-large\" alt=\"\" decoding=\"async\" srcset=\"https:\/\/leguidedesmontres.com\/fr\/wp-content\/uploads\/2025\/06\/506_tudor_black_bay_one.jpg 800w, https:\/\/leguidedesmontres.com\/fr\/wp-content\/uploads\/2025\/06\/506_tudor_black_bay_one-300x280.jpg 300w, https:\/\/leguidedesmontres.com\/fr\/wp-content\/uploads\/2025\/06\/506_tudor_black_bay_one-768x716.jpg 768w, https:\/\/leguidedesmontres.com\/fr\/wp-content\/uploads\/2025\/06\/506_tudor_black_bay_one-150x140.jpg 150w\" sizes=\"(max-width: 800px) 100vw, 800px\" \/>\t\t\t<\/div>\n\t\t\n\t\t\t\t<a class=\"wd-post-link wd-fill\" href=\"https:\/\/leguidedesmontres.com\/fr\/actualites\/tudor-black-bay-one-le-modele-unique-pour-only-watch-2015\/\" rel=\"bookmark\" aria-label=\"Link on post Tudor Black Bay One, le mod\u00e8le unique pour Only Watch 2015\"><\/a>\n\n\t\t\n\t<\/div>\n\n\t<div class=\"wd-post-content\">\n\t\t<div class=\"wd-post-entry-meta\">\n\t\t\t\n\n\t\t\t\t\t\t\t<div class=\"wd-modified-date\">\n\t\t\t\t\t\t\t<time class=\"updated\" datetime=\"2026-01-28T17:28:50+02:00\">\n\t\t\t28\/01\/2026\t\t<\/time>\n\t\t\t\t\t\t<\/div>\n\n\t\t\t\t<div class=\"wd-meta-date\">\n\t\t\t\t\t30 Juin 2015\t\t\t\t<\/div>\n\t\t\t\t\t<\/div>\n\n\t\t\t\t\t<h3 class=\"wd-entities-title title post-title\">\n\t\t\t\t<a href=\"https:\/\/leguidedesmontres.com\/fr\/actualites\/tudor-black-bay-one-le-modele-unique-pour-only-watch-2015\/\" rel=\"bookmark\">\n\t\t\t\t\tTudor Black Bay One, le mod\u00e8le unique pour Only Watch 2015\t\t\t\t<\/a>\n\t\t\t<\/h3>\n\t\t\n\t\t\t\t\t<div class=\"wd-post-desc\">\n\t\t\t\t\t\t\t\t\tAttention : chronique d\u2019un buzz sur la plan\u00e8te horlog\u00e8re et pour les fans de Rolex et Tudor. En effe...\t\t\t\t\t\t\t<\/div>\n\t\t\n\t\t\t\t\t\t\t\t\t\t<div class=\"wd-read-more\">\n\t\t\t\t\t\t<a class=\"btn-read-more more-link\" href=\"https:\/\/leguidedesmontres.com\/fr\/actualites\/tudor-black-bay-one-le-modele-unique-pour-only-watch-2015\/\">En savoir plus<\/a>\t\t\t\t\t<\/div>\n\t\t\t\t\t\t\t<\/div>\n\n\t\t\t<\/div>\n\t<\/article>\n\t\t\t\t\t\t\t\t\t\t\t\n<article id=\"post-8622\" class=\"wd-post blog-design-meta-image blog-post-loop blog-style-bg wd-col post-8622 post type-post status-publish format-standard has-post-thumbnail hentry category-baume-et-mercier tag-au-fil-de-lactualite\">\n\t\t\t<div class=\"wd-post-inner\">\n\t\n\t<div class=\"wd-post-thumb color-scheme-light\">\n\t\t\t\t\t<div class=\"wd-post-img\">\n\t\t\t\t<img width=\"776\" height=\"1000\" src=\"https:\/\/leguidedesmontres.com\/fr\/wp-content\/uploads\/2025\/06\/505_baume_et_mercier_capeland_cobra.jpg\" class=\"attachment-large size-large\" alt=\"\" decoding=\"async\" srcset=\"https:\/\/leguidedesmontres.com\/fr\/wp-content\/uploads\/2025\/06\/505_baume_et_mercier_capeland_cobra.jpg 776w, https:\/\/leguidedesmontres.com\/fr\/wp-content\/uploads\/2025\/06\/505_baume_et_mercier_capeland_cobra-233x300.jpg 233w, https:\/\/leguidedesmontres.com\/fr\/wp-content\/uploads\/2025\/06\/505_baume_et_mercier_capeland_cobra-768x990.jpg 768w, https:\/\/leguidedesmontres.com\/fr\/wp-content\/uploads\/2025\/06\/505_baume_et_mercier_capeland_cobra-150x193.jpg 150w\" sizes=\"(max-width: 776px) 100vw, 776px\" \/>\t\t\t<\/div>\n\t\t\n\t\t\t\t<a class=\"wd-post-link wd-fill\" href=\"https:\/\/leguidedesmontres.com\/fr\/actualites\/baume-mercier-mordue-par-un-cobra\/\" rel=\"bookmark\" aria-label=\"Link on post Baume &amp; Mercier mordue par un Cobra\"><\/a>\n\n\t\t\n\t<\/div>\n\n\t<div class=\"wd-post-content\">\n\t\t<div class=\"wd-post-entry-meta\">\n\t\t\t\n\n\t\t\t\t\t\t\t<div class=\"wd-modified-date\">\n\t\t\t\t\t\t\t<time class=\"updated\" datetime=\"2015-06-24T20:43:55+02:00\">\n\t\t\t24\/06\/2015\t\t<\/time>\n\t\t\t\t\t\t<\/div>\n\n\t\t\t\t<div class=\"wd-meta-date\">\n\t\t\t\t\t24 Juin 2015\t\t\t\t<\/div>\n\t\t\t\t\t<\/div>\n\n\t\t\t\t\t<h3 class=\"wd-entities-title title post-title\">\n\t\t\t\t<a href=\"https:\/\/leguidedesmontres.com\/fr\/actualites\/baume-mercier-mordue-par-un-cobra\/\" rel=\"bookmark\">\n\t\t\t\t\tBaume &amp; Mercier mordue par un Cobra\t\t\t\t<\/a>\n\t\t\t<\/h3>\n\t\t\n\t\t\t\t\t<div class=\"wd-post-desc\">\n\t\t\t\t\t\t\t\t\tL\u2019anneau de vitesse de Montlh\u00e9ry n\u2019est pas vraiment le lieu o\u00f9 l\u2019on s\u2019attend \u00e0 \u00eatre convi\u00e9 pour Baum...\t\t\t\t\t\t\t<\/div>\n\t\t\n\t\t\t\t\t\t\t\t\t\t<div class=\"wd-read-more\">\n\t\t\t\t\t\t<a class=\"btn-read-more more-link\" href=\"https:\/\/leguidedesmontres.com\/fr\/actualites\/baume-mercier-mordue-par-un-cobra\/\">En savoir plus<\/a>\t\t\t\t\t<\/div>\n\t\t\t\t\t\t\t<\/div>\n\n\t\t\t<\/div>\n\t<\/article>\n\t\t\t\t\t\t\t\t\t\t\t\n<article id=\"post-8624\" class=\"wd-post blog-design-meta-image blog-post-loop blog-style-bg wd-col post-8624 post type-post status-publish format-standard has-post-thumbnail hentry category-autre tag-coup-de-coeur\">\n\t\t\t<div class=\"wd-post-inner\">\n\t\n\t<div class=\"wd-post-thumb color-scheme-light\">\n\t\t\t\t\t<div class=\"wd-post-img\">\n\t\t\t\t<img width=\"800\" height=\"684\" src=\"https:\/\/leguidedesmontres.com\/fr\/wp-content\/uploads\/2025\/06\/504_hyt_h3.jpg\" class=\"attachment-large size-large\" alt=\"\" decoding=\"async\" srcset=\"https:\/\/leguidedesmontres.com\/fr\/wp-content\/uploads\/2025\/06\/504_hyt_h3.jpg 800w, https:\/\/leguidedesmontres.com\/fr\/wp-content\/uploads\/2025\/06\/504_hyt_h3-300x257.jpg 300w, https:\/\/leguidedesmontres.com\/fr\/wp-content\/uploads\/2025\/06\/504_hyt_h3-768x657.jpg 768w, https:\/\/leguidedesmontres.com\/fr\/wp-content\/uploads\/2025\/06\/504_hyt_h3-150x128.jpg 150w\" sizes=\"(max-width: 800px) 100vw, 800px\" \/>\t\t\t<\/div>\n\t\t\n\t\t\t\t<a class=\"wd-post-link wd-fill\" href=\"https:\/\/leguidedesmontres.com\/fr\/actualites\/hyt-h3-et-h1-skull\/\" rel=\"bookmark\" aria-label=\"Link on post HYT H3 et H1 Skull\"><\/a>\n\n\t\t\n\t<\/div>\n\n\t<div class=\"wd-post-content\">\n\t\t<div class=\"wd-post-entry-meta\">\n\t\t\t\n\n\t\t\t\t\t\t\t<div class=\"wd-modified-date\">\n\t\t\t\t\t\t\t<time class=\"updated\" datetime=\"2015-06-23T20:16:15+02:00\">\n\t\t\t23\/06\/2015\t\t<\/time>\n\t\t\t\t\t\t<\/div>\n\n\t\t\t\t<div class=\"wd-meta-date\">\n\t\t\t\t\t23 Juin 2015\t\t\t\t<\/div>\n\t\t\t\t\t<\/div>\n\n\t\t\t\t\t<h3 class=\"wd-entities-title title post-title\">\n\t\t\t\t<a href=\"https:\/\/leguidedesmontres.com\/fr\/actualites\/hyt-h3-et-h1-skull\/\" rel=\"bookmark\">\n\t\t\t\t\tHYT H3 et H1 Skull\t\t\t\t<\/a>\n\t\t\t<\/h3>\n\t\t\n\t\t\t\t\t<div class=\"wd-post-desc\">\n\t\t\t\t\t\t\t\t\tPour tout amateur d\u2019horlogerie ind\u00e9pendante et fonci\u00e8rement d\u00e9cal\u00e9e, HYT est un passage oblig\u00e9 lors ...\t\t\t\t\t\t\t<\/div>\n\t\t\n\t\t\t\t\t\t\t\t\t\t<div class=\"wd-read-more\">\n\t\t\t\t\t\t<a class=\"btn-read-more more-link\" href=\"https:\/\/leguidedesmontres.com\/fr\/actualites\/hyt-h3-et-h1-skull\/\">En savoir plus<\/a>\t\t\t\t\t<\/div>\n\t\t\t\t\t\t\t<\/div>\n\n\t\t\t<\/div>\n\t<\/article>\n\t\t\t\t\t\t\t\t\t\t\t\n<article id=\"post-8626\" class=\"wd-post blog-design-meta-image blog-post-loop blog-style-bg wd-col post-8626 post type-post status-publish format-standard has-post-thumbnail hentry category-piaget category-richard-mille tag-au-fil-de-lactualite\">\n\t\t\t<div class=\"wd-post-inner\">\n\t\n\t<div class=\"wd-post-thumb color-scheme-light\">\n\t\t\t\t\t<div class=\"wd-post-img\">\n\t\t\t\t<img width=\"800\" height=\"533\" src=\"https:\/\/leguidedesmontres.com\/fr\/wp-content\/uploads\/2025\/06\/503_boutique_piaget_paris.jpg\" class=\"attachment-large size-large\" alt=\"\" decoding=\"async\" srcset=\"https:\/\/leguidedesmontres.com\/fr\/wp-content\/uploads\/2025\/06\/503_boutique_piaget_paris.jpg 800w, https:\/\/leguidedesmontres.com\/fr\/wp-content\/uploads\/2025\/06\/503_boutique_piaget_paris-300x200.jpg 300w, https:\/\/leguidedesmontres.com\/fr\/wp-content\/uploads\/2025\/06\/503_boutique_piaget_paris-768x512.jpg 768w, https:\/\/leguidedesmontres.com\/fr\/wp-content\/uploads\/2025\/06\/503_boutique_piaget_paris-150x100.jpg 150w\" sizes=\"(max-width: 800px) 100vw, 800px\" \/>\t\t\t<\/div>\n\t\t\n\t\t\t\t<a class=\"wd-post-link wd-fill\" href=\"https:\/\/leguidedesmontres.com\/fr\/actualites\/piaget-et-richard-mille-se-refont-une-beaute-la-lecon-comparative\/\" rel=\"bookmark\" aria-label=\"Link on post Piaget et Richard Mille se refont une beaut\u00e9 :  la le\u00e7on comparative\"><\/a>\n\n\t\t\n\t<\/div>\n\n\t<div class=\"wd-post-content\">\n\t\t<div class=\"wd-post-entry-meta\">\n\t\t\t\n\n\t\t\t\t\t\t\t<div class=\"wd-modified-date\">\n\t\t\t\t\t\t\t<time class=\"updated\" datetime=\"2015-06-19T19:28:36+02:00\">\n\t\t\t19\/06\/2015\t\t<\/time>\n\t\t\t\t\t\t<\/div>\n\n\t\t\t\t<div class=\"wd-meta-date\">\n\t\t\t\t\t19 Juin 2015\t\t\t\t<\/div>\n\t\t\t\t\t<\/div>\n\n\t\t\t\t\t<h3 class=\"wd-entities-title title post-title\">\n\t\t\t\t<a href=\"https:\/\/leguidedesmontres.com\/fr\/actualites\/piaget-et-richard-mille-se-refont-une-beaute-la-lecon-comparative\/\" rel=\"bookmark\">\n\t\t\t\t\tPiaget et Richard Mille se refont une beaut\u00e9 :  la le\u00e7on comparative\t\t\t\t<\/a>\n\t\t\t<\/h3>\n\t\t\n\t\t\t\t\t<div class=\"wd-post-desc\">\n\t\t\t\t\t\t\t\t\tDeux \u00e9coles, deux approches pour deux poids lourds tr\u00e8s diff\u00e9rents de l\u2019industrie horlog\u00e8re : Piaget...\t\t\t\t\t\t\t<\/div>\n\t\t\n\t\t\t\t\t\t\t\t\t\t<div class=\"wd-read-more\">\n\t\t\t\t\t\t<a class=\"btn-read-more more-link\" href=\"https:\/\/leguidedesmontres.com\/fr\/actualites\/piaget-et-richard-mille-se-refont-une-beaute-la-lecon-comparative\/\">En savoir plus<\/a>\t\t\t\t\t<\/div>\n\t\t\t\t\t\t\t<\/div>\n\n\t\t\t<\/div>\n\t<\/article>\n\t\t\t\t\t\t\t\t\t\t\t\n<article id=\"post-8628\" class=\"wd-post blog-design-meta-image blog-post-loop blog-style-bg wd-col post-8628 post type-post status-publish format-standard has-post-thumbnail hentry category-autre tag-essais\">\n\t\t\t<div class=\"wd-post-inner\">\n\t\n\t<div class=\"wd-post-thumb color-scheme-light\">\n\t\t\t\t\t<div class=\"wd-post-img\">\n\t\t\t\t<img width=\"800\" height=\"530\" src=\"https:\/\/leguidedesmontres.com\/fr\/wp-content\/uploads\/2025\/06\/502_tissot_t_complication_chronometre.jpg\" class=\"attachment-large size-large\" alt=\"\" decoding=\"async\" srcset=\"https:\/\/leguidedesmontres.com\/fr\/wp-content\/uploads\/2025\/06\/502_tissot_t_complication_chronometre.jpg 800w, https:\/\/leguidedesmontres.com\/fr\/wp-content\/uploads\/2025\/06\/502_tissot_t_complication_chronometre-300x199.jpg 300w, https:\/\/leguidedesmontres.com\/fr\/wp-content\/uploads\/2025\/06\/502_tissot_t_complication_chronometre-768x509.jpg 768w, https:\/\/leguidedesmontres.com\/fr\/wp-content\/uploads\/2025\/06\/502_tissot_t_complication_chronometre-150x99.jpg 150w\" sizes=\"(max-width: 800px) 100vw, 800px\" \/>\t\t\t<\/div>\n\t\t\n\t\t\t\t<a class=\"wd-post-link wd-fill\" href=\"https:\/\/leguidedesmontres.com\/fr\/actualites\/tissot-t-complication-chronometre\/\" rel=\"bookmark\" aria-label=\"Link on post Tissot T-Complication Chronom\u00e8tre\"><\/a>\n\n\t\t\n\t<\/div>\n\n\t<div class=\"wd-post-content\">\n\t\t<div class=\"wd-post-entry-meta\">\n\t\t\t\n\n\t\t\t\t\t\t\t<div class=\"wd-modified-date\">\n\t\t\t\t\t\t\t<time class=\"updated\" datetime=\"2015-06-17T20:12:16+02:00\">\n\t\t\t17\/06\/2015\t\t<\/time>\n\t\t\t\t\t\t<\/div>\n\n\t\t\t\t<div class=\"wd-meta-date\">\n\t\t\t\t\t17 Juin 2015\t\t\t\t<\/div>\n\t\t\t\t\t<\/div>\n\n\t\t\t\t\t<h3 class=\"wd-entities-title title post-title\">\n\t\t\t\t<a href=\"https:\/\/leguidedesmontres.com\/fr\/actualites\/tissot-t-complication-chronometre\/\" rel=\"bookmark\">\n\t\t\t\t\tTissot T-Complication Chronom\u00e8tre\t\t\t\t<\/a>\n\t\t\t<\/h3>\n\t\t\n\t\t\t\t\t<div class=\"wd-post-desc\">\n\t\t\t\t\t\t\t\t\tLa pr\u00e9cision ultime peut-elle \u00eatre belle ? Voil\u00e0 probablement la question que s\u2019est pos\u00e9e Tissot en ...\t\t\t\t\t\t\t<\/div>\n\t\t\n\t\t\t\t\t\t\t\t\t\t<div class=\"wd-read-more\">\n\t\t\t\t\t\t<a class=\"btn-read-more more-link\" href=\"https:\/\/leguidedesmontres.com\/fr\/actualites\/tissot-t-complication-chronometre\/\">En savoir plus<\/a>\t\t\t\t\t<\/div>\n\t\t\t\t\t\t\t<\/div>\n\n\t\t\t<\/div>\n\t<\/article>\n\t\t\t\t\t\n\t\t\t\t\t","status":"have-posts","nextPage":"https:\/\/leguidedesmontres.com\/fr\/actualites\/page\/5\/?woo_ajax=1","currentPage":"https:\/\/leguidedesmontres.com\/fr\/actualites\/page\/4"}