
			
				

					
				

			
		{"items":"\n\t\t\t\t\t\t\t\t\t\t\t\n<article id=\"post-8630\" class=\"wd-post blog-design-meta-image blog-post-loop blog-style-bg wd-col post-8630 post type-post status-publish format-standard has-post-thumbnail hentry category-corum tag-essais\">\n\t\t\t<div class=\"wd-post-inner\">\n\t\n\t<div class=\"wd-post-thumb color-scheme-light\">\n\t\t\t\t\t<div class=\"wd-post-img\">\n\t\t\t\t<img width=\"800\" height=\"636\" src=\"https:\/\/leguidedesmontres.com\/fr\/wp-content\/uploads\/2025\/06\/501_corum_bubble_2015.jpg\" class=\"attachment-large size-large\" alt=\"\" decoding=\"async\" srcset=\"https:\/\/leguidedesmontres.com\/fr\/wp-content\/uploads\/2025\/06\/501_corum_bubble_2015.jpg 800w, https:\/\/leguidedesmontres.com\/fr\/wp-content\/uploads\/2025\/06\/501_corum_bubble_2015-300x239.jpg 300w, https:\/\/leguidedesmontres.com\/fr\/wp-content\/uploads\/2025\/06\/501_corum_bubble_2015-768x611.jpg 768w, https:\/\/leguidedesmontres.com\/fr\/wp-content\/uploads\/2025\/06\/501_corum_bubble_2015-150x119.jpg 150w\" sizes=\"(max-width: 800px) 100vw, 800px\" \/>\t\t\t<\/div>\n\t\t\n\t\t\t\t<a class=\"wd-post-link wd-fill\" href=\"https:\/\/leguidedesmontres.com\/fr\/actualites\/corum-retour-de-la-bubble\/\" rel=\"bookmark\" aria-label=\"Link on post Corum : retour de la Bubble\"><\/a>\n\n\t\t\n\t<\/div>\n\n\t<div class=\"wd-post-content\">\n\t\t<div class=\"wd-post-entry-meta\">\n\t\t\t\n\n\t\t\t\t\t\t\t<div class=\"wd-modified-date\">\n\t\t\t\t\t\t\t<time class=\"updated\" datetime=\"2015-06-13T18:21:29+02:00\">\n\t\t\t13\/06\/2015\t\t<\/time>\n\t\t\t\t\t\t<\/div>\n\n\t\t\t\t<div class=\"wd-meta-date\">\n\t\t\t\t\t13 Juin 2015\t\t\t\t<\/div>\n\t\t\t\t\t<\/div>\n\n\t\t\t\t\t<h3 class=\"wd-entities-title title post-title\">\n\t\t\t\t<a href=\"https:\/\/leguidedesmontres.com\/fr\/actualites\/corum-retour-de-la-bubble\/\" rel=\"bookmark\">\n\t\t\t\t\tCorum : retour de la Bubble\t\t\t\t<\/a>\n\t\t\t<\/h3>\n\t\t\n\t\t\t\t\t<div class=\"wd-post-desc\">\n\t\t\t\t\t\t\t\t\tC\u2019est le grand retour de la Bubble by Corum ! Cette pi\u00e8ce si atypique, \u00e0 la fois dans l\u2019horlogerie e...\t\t\t\t\t\t\t<\/div>\n\t\t\n\t\t\t\t\t\t\t\t\t\t<div class=\"wd-read-more\">\n\t\t\t\t\t\t<a class=\"btn-read-more more-link\" href=\"https:\/\/leguidedesmontres.com\/fr\/actualites\/corum-retour-de-la-bubble\/\">En savoir plus<\/a>\t\t\t\t\t<\/div>\n\t\t\t\t\t\t\t<\/div>\n\n\t\t\t<\/div>\n\t<\/article>\n\t\t\t\t\t\t\t\t\t\t\t\n<article id=\"post-8632\" class=\"wd-post blog-design-meta-image blog-post-loop blog-style-bg wd-col post-8632 post type-post status-publish format-standard has-post-thumbnail hentry category-jaeger-lecoultre category-rolex tag-a-voir\">\n\t\t\t<div class=\"wd-post-inner\">\n\t\n\t<div class=\"wd-post-thumb color-scheme-light\">\n\t\t\t\t\t<div class=\"wd-post-img\">\n\t\t\t\t<img width=\"800\" height=\"832\" src=\"https:\/\/leguidedesmontres.com\/fr\/wp-content\/uploads\/2025\/06\/500_montre_de_mariage_jlc_grande_reverso_ultra_thin.jpg\" class=\"attachment-large size-large\" alt=\"\" decoding=\"async\" srcset=\"https:\/\/leguidedesmontres.com\/fr\/wp-content\/uploads\/2025\/06\/500_montre_de_mariage_jlc_grande_reverso_ultra_thin.jpg 800w, https:\/\/leguidedesmontres.com\/fr\/wp-content\/uploads\/2025\/06\/500_montre_de_mariage_jlc_grande_reverso_ultra_thin-288x300.jpg 288w, https:\/\/leguidedesmontres.com\/fr\/wp-content\/uploads\/2025\/06\/500_montre_de_mariage_jlc_grande_reverso_ultra_thin-768x799.jpg 768w, https:\/\/leguidedesmontres.com\/fr\/wp-content\/uploads\/2025\/06\/500_montre_de_mariage_jlc_grande_reverso_ultra_thin-150x156.jpg 150w\" sizes=\"(max-width: 800px) 100vw, 800px\" \/>\t\t\t<\/div>\n\t\t\n\t\t\t\t<a class=\"wd-post-link wd-fill\" href=\"https:\/\/leguidedesmontres.com\/fr\/actualites\/mariage-fiancailles-les-montres-du-jour-j\/\" rel=\"bookmark\" aria-label=\"Link on post Mariage, fian\u00e7ailles : les montres du jour J\"><\/a>\n\n\t\t\n\t<\/div>\n\n\t<div class=\"wd-post-content\">\n\t\t<div class=\"wd-post-entry-meta\">\n\t\t\t\n\n\t\t\t\t\t\t\t<div class=\"wd-modified-date\">\n\t\t\t\t\t\t\t<time class=\"updated\" datetime=\"2015-06-11T21:43:20+02:00\">\n\t\t\t11\/06\/2015\t\t<\/time>\n\t\t\t\t\t\t<\/div>\n\n\t\t\t\t<div class=\"wd-meta-date\">\n\t\t\t\t\t11 Juin 2015\t\t\t\t<\/div>\n\t\t\t\t\t<\/div>\n\n\t\t\t\t\t<h3 class=\"wd-entities-title title post-title\">\n\t\t\t\t<a href=\"https:\/\/leguidedesmontres.com\/fr\/actualites\/mariage-fiancailles-les-montres-du-jour-j\/\" rel=\"bookmark\">\n\t\t\t\t\tMariage, fian\u00e7ailles : les montres du jour J\t\t\t\t<\/a>\n\t\t\t<\/h3>\n\t\t\n\t\t\t\t\t<div class=\"wd-post-desc\">\n\t\t\t\t\t\t\t\t\tMai, juin, juillet : premi\u00e8res lueurs estivales, mais aussi mois d\u2019unions par excellence. Que vous f...\t\t\t\t\t\t\t<\/div>\n\t\t\n\t\t\t\t\t\t\t\t\t\t<div class=\"wd-read-more\">\n\t\t\t\t\t\t<a class=\"btn-read-more more-link\" href=\"https:\/\/leguidedesmontres.com\/fr\/actualites\/mariage-fiancailles-les-montres-du-jour-j\/\">En savoir plus<\/a>\t\t\t\t\t<\/div>\n\t\t\t\t\t\t\t<\/div>\n\n\t\t\t<\/div>\n\t<\/article>\n\t\t\t\t\t\t\t\t\t\t\t\n<article id=\"post-8634\" class=\"wd-post blog-design-meta-image blog-post-loop blog-style-bg wd-col post-8634 post type-post status-publish format-standard has-post-thumbnail hentry category-richard-mille tag-coup-de-coeur\">\n\t\t\t<div class=\"wd-post-inner\">\n\t\n\t<div class=\"wd-post-thumb color-scheme-light\">\n\t\t\t\t\t<div class=\"wd-post-img\">\n\t\t\t\t<img width=\"800\" height=\"664\" src=\"https:\/\/leguidedesmontres.com\/fr\/wp-content\/uploads\/2025\/06\/499_rm2702_nadal.jpg\" class=\"attachment-large size-large\" alt=\"\" decoding=\"async\" srcset=\"https:\/\/leguidedesmontres.com\/fr\/wp-content\/uploads\/2025\/06\/499_rm2702_nadal.jpg 800w, https:\/\/leguidedesmontres.com\/fr\/wp-content\/uploads\/2025\/06\/499_rm2702_nadal-300x249.jpg 300w, https:\/\/leguidedesmontres.com\/fr\/wp-content\/uploads\/2025\/06\/499_rm2702_nadal-768x637.jpg 768w, https:\/\/leguidedesmontres.com\/fr\/wp-content\/uploads\/2025\/06\/499_rm2702_nadal-150x125.jpg 150w\" sizes=\"(max-width: 800px) 100vw, 800px\" \/>\t\t\t<\/div>\n\t\t\n\t\t\t\t<a class=\"wd-post-link wd-fill\" href=\"https:\/\/leguidedesmontres.com\/fr\/actualites\/richard-mille-rm-27-02-rafael-nadal-5eme-set\/\" rel=\"bookmark\" aria-label=\"Link on post Richard Mille RM 27-02 Rafael Nadal : 5\u00e8me set\"><\/a>\n\n\t\t\n\t<\/div>\n\n\t<div class=\"wd-post-content\">\n\t\t<div class=\"wd-post-entry-meta\">\n\t\t\t\n\n\t\t\t\t\t\t\t<div class=\"wd-modified-date\">\n\t\t\t\t\t\t\t<time class=\"updated\" datetime=\"2015-06-06T17:37:24+02:00\">\n\t\t\t06\/06\/2015\t\t<\/time>\n\t\t\t\t\t\t<\/div>\n\n\t\t\t\t<div class=\"wd-meta-date\">\n\t\t\t\t\t06 Juin 2015\t\t\t\t<\/div>\n\t\t\t\t\t<\/div>\n\n\t\t\t\t\t<h3 class=\"wd-entities-title title post-title\">\n\t\t\t\t<a href=\"https:\/\/leguidedesmontres.com\/fr\/actualites\/richard-mille-rm-27-02-rafael-nadal-5eme-set\/\" rel=\"bookmark\">\n\t\t\t\t\tRichard Mille RM 27-02 Rafael Nadal : 5\u00e8me set\t\t\t\t<\/a>\n\t\t\t<\/h3>\n\t\t\n\t\t\t\t\t<div class=\"wd-post-desc\">\n\t\t\t\t\t\t\t\t\tLe rendez-vous \u00e9tait donn\u00e9 dans un grand h\u00f4tel parisien, par deux hommes parfaitement rod\u00e9s \u00e0 l\u2019exer...\t\t\t\t\t\t\t<\/div>\n\t\t\n\t\t\t\t\t\t\t\t\t\t<div class=\"wd-read-more\">\n\t\t\t\t\t\t<a class=\"btn-read-more more-link\" href=\"https:\/\/leguidedesmontres.com\/fr\/actualites\/richard-mille-rm-27-02-rafael-nadal-5eme-set\/\">En savoir plus<\/a>\t\t\t\t\t<\/div>\n\t\t\t\t\t\t\t<\/div>\n\n\t\t\t<\/div>\n\t<\/article>\n\t\t\t\t\t\t\t\t\t\t\t\n<article id=\"post-8636\" class=\"wd-post blog-design-meta-image blog-post-loop blog-style-bg wd-col post-8636 post type-post status-publish format-standard has-post-thumbnail hentry category-omega tag-wrist-shots\">\n\t\t\t<div class=\"wd-post-inner\">\n\t\n\t<div class=\"wd-post-thumb color-scheme-light\">\n\t\t\t\t\t<div class=\"wd-post-img\">\n\t\t\t\t<img width=\"800\" height=\"800\" src=\"https:\/\/leguidedesmontres.com\/fr\/wp-content\/uploads\/2025\/06\/498_omega_speedmaster_gold.jpg\" class=\"attachment-large size-large\" alt=\"\" decoding=\"async\" srcset=\"https:\/\/leguidedesmontres.com\/fr\/wp-content\/uploads\/2025\/06\/498_omega_speedmaster_gold.jpg 800w, https:\/\/leguidedesmontres.com\/fr\/wp-content\/uploads\/2025\/06\/498_omega_speedmaster_gold-300x300.jpg 300w, https:\/\/leguidedesmontres.com\/fr\/wp-content\/uploads\/2025\/06\/498_omega_speedmaster_gold-150x150.jpg 150w, https:\/\/leguidedesmontres.com\/fr\/wp-content\/uploads\/2025\/06\/498_omega_speedmaster_gold-768x768.jpg 768w, https:\/\/leguidedesmontres.com\/fr\/wp-content\/uploads\/2025\/06\/498_omega_speedmaster_gold-600x600.jpg 600w\" sizes=\"(max-width: 800px) 100vw, 800px\" \/>\t\t\t<\/div>\n\t\t\n\t\t\t\t<a class=\"wd-post-link wd-fill\" href=\"https:\/\/leguidedesmontres.com\/fr\/actualites\/omega-notre-selection-2015\/\" rel=\"bookmark\" aria-label=\"Link on post Omega : notre s\u00e9lection 2015\"><\/a>\n\n\t\t\n\t<\/div>\n\n\t<div class=\"wd-post-content\">\n\t\t<div class=\"wd-post-entry-meta\">\n\t\t\t\n\n\t\t\t\t\t\t\t<div class=\"wd-modified-date\">\n\t\t\t\t\t\t\t<time class=\"updated\" datetime=\"2015-06-03T21:49:40+02:00\">\n\t\t\t03\/06\/2015\t\t<\/time>\n\t\t\t\t\t\t<\/div>\n\n\t\t\t\t<div class=\"wd-meta-date\">\n\t\t\t\t\t03 Juin 2015\t\t\t\t<\/div>\n\t\t\t\t\t<\/div>\n\n\t\t\t\t\t<h3 class=\"wd-entities-title title post-title\">\n\t\t\t\t<a href=\"https:\/\/leguidedesmontres.com\/fr\/actualites\/omega-notre-selection-2015\/\" rel=\"bookmark\">\n\t\t\t\t\tOmega : notre s\u00e9lection 2015\t\t\t\t<\/a>\n\t\t\t<\/h3>\n\t\t\n\t\t\t\t\t<div class=\"wd-post-desc\">\n\t\t\t\t\t\t\t\t\tNous vous avons s\u00e9lectionn\u00e9 nos coups de coeur des nouveaut\u00e9s Omega pr\u00e9sent\u00e9es au salon Baselworld 2...\t\t\t\t\t\t\t<\/div>\n\t\t\n\t\t\t\t\t\t\t\t\t\t<div class=\"wd-read-more\">\n\t\t\t\t\t\t<a class=\"btn-read-more more-link\" href=\"https:\/\/leguidedesmontres.com\/fr\/actualites\/omega-notre-selection-2015\/\">En savoir plus<\/a>\t\t\t\t\t<\/div>\n\t\t\t\t\t\t\t<\/div>\n\n\t\t\t<\/div>\n\t<\/article>\n\t\t\t\t\t\t\t\t\t\t\t\n<article id=\"post-8638\" class=\"wd-post blog-design-meta-image blog-post-loop blog-style-bg wd-col post-8638 post type-post status-publish format-standard has-post-thumbnail hentry category-breitling tag-essais\">\n\t\t\t<div class=\"wd-post-inner\">\n\t\n\t<div class=\"wd-post-thumb color-scheme-light\">\n\t\t\t\t\t<div class=\"wd-post-img\">\n\t\t\t\t<img width=\"800\" height=\"692\" src=\"https:\/\/leguidedesmontres.com\/fr\/wp-content\/uploads\/2025\/06\/496_breitling_navitimer_aopa.jpg\" class=\"attachment-large size-large\" alt=\"\" decoding=\"async\" srcset=\"https:\/\/leguidedesmontres.com\/fr\/wp-content\/uploads\/2025\/06\/496_breitling_navitimer_aopa.jpg 800w, https:\/\/leguidedesmontres.com\/fr\/wp-content\/uploads\/2025\/06\/496_breitling_navitimer_aopa-300x260.jpg 300w, https:\/\/leguidedesmontres.com\/fr\/wp-content\/uploads\/2025\/06\/496_breitling_navitimer_aopa-768x664.jpg 768w, https:\/\/leguidedesmontres.com\/fr\/wp-content\/uploads\/2025\/06\/496_breitling_navitimer_aopa-150x130.jpg 150w\" sizes=\"(max-width: 800px) 100vw, 800px\" \/>\t\t\t<\/div>\n\t\t\n\t\t\t\t<a class=\"wd-post-link wd-fill\" href=\"https:\/\/leguidedesmontres.com\/fr\/actualites\/breitling-navitimer-aopa\/\" rel=\"bookmark\" aria-label=\"Link on post Breitling Navitimer AOPA\"><\/a>\n\n\t\t\n\t<\/div>\n\n\t<div class=\"wd-post-content\">\n\t\t<div class=\"wd-post-entry-meta\">\n\t\t\t\n\n\t\t\t\t\t\t\t<div class=\"wd-modified-date\">\n\t\t\t\t\t\t\t<time class=\"updated\" datetime=\"2015-06-01T23:20:19+02:00\">\n\t\t\t01\/06\/2015\t\t<\/time>\n\t\t\t\t\t\t<\/div>\n\n\t\t\t\t<div class=\"wd-meta-date\">\n\t\t\t\t\t01 Juin 2015\t\t\t\t<\/div>\n\t\t\t\t\t<\/div>\n\n\t\t\t\t\t<h3 class=\"wd-entities-title title post-title\">\n\t\t\t\t<a href=\"https:\/\/leguidedesmontres.com\/fr\/actualites\/breitling-navitimer-aopa\/\" rel=\"bookmark\">\n\t\t\t\t\tBreitling Navitimer AOPA\t\t\t\t<\/a>\n\t\t\t<\/h3>\n\t\t\n\t\t\t\t\t<div class=\"wd-post-desc\">\n\t\t\t\t\t\t\t\t\tUn double mythe revoit le jour : la Navitimer d\u2019une part, et l\u2019illustre blason de l\u2019AOPA d\u2019autre par...\t\t\t\t\t\t\t<\/div>\n\t\t\n\t\t\t\t\t\t\t\t\t\t<div class=\"wd-read-more\">\n\t\t\t\t\t\t<a class=\"btn-read-more more-link\" href=\"https:\/\/leguidedesmontres.com\/fr\/actualites\/breitling-navitimer-aopa\/\">En savoir plus<\/a>\t\t\t\t\t<\/div>\n\t\t\t\t\t\t\t<\/div>\n\n\t\t\t<\/div>\n\t<\/article>\n\t\t\t\t\t\t\t\t\t\t\t\n<article id=\"post-8640\" class=\"wd-post blog-design-meta-image blog-post-loop blog-style-bg wd-col post-8640 post type-post status-publish format-standard has-post-thumbnail hentry category-richard-mille tag-a-voir\">\n\t\t\t<div class=\"wd-post-inner\">\n\t\n\t<div class=\"wd-post-thumb color-scheme-light\">\n\t\t\t\t\t<div class=\"wd-post-img\">\n\t\t\t\t<img width=\"800\" height=\"721\" src=\"https:\/\/leguidedesmontres.com\/fr\/wp-content\/uploads\/2025\/06\/495_richard_mille_rm011_yellow_flash.jpg\" class=\"attachment-large size-large\" alt=\"\" decoding=\"async\" srcset=\"https:\/\/leguidedesmontres.com\/fr\/wp-content\/uploads\/2025\/06\/495_richard_mille_rm011_yellow_flash.jpg 800w, https:\/\/leguidedesmontres.com\/fr\/wp-content\/uploads\/2025\/06\/495_richard_mille_rm011_yellow_flash-300x270.jpg 300w, https:\/\/leguidedesmontres.com\/fr\/wp-content\/uploads\/2025\/06\/495_richard_mille_rm011_yellow_flash-768x692.jpg 768w, https:\/\/leguidedesmontres.com\/fr\/wp-content\/uploads\/2025\/06\/495_richard_mille_rm011_yellow_flash-150x135.jpg 150w\" sizes=\"(max-width: 800px) 100vw, 800px\" \/>\t\t\t<\/div>\n\t\t\n\t\t\t\t<a class=\"wd-post-link wd-fill\" href=\"https:\/\/leguidedesmontres.com\/fr\/actualites\/richard-mille-rm-011-yellow-flash\/\" rel=\"bookmark\" aria-label=\"Link on post Richard Mille RM 011 Yellow Flash\"><\/a>\n\n\t\t\n\t<\/div>\n\n\t<div class=\"wd-post-content\">\n\t\t<div class=\"wd-post-entry-meta\">\n\t\t\t\n\n\t\t\t\t\t\t\t<div class=\"wd-modified-date\">\n\t\t\t\t\t\t\t<time class=\"updated\" datetime=\"2015-05-23T17:36:19+02:00\">\n\t\t\t23\/05\/2015\t\t<\/time>\n\t\t\t\t\t\t<\/div>\n\n\t\t\t\t<div class=\"wd-meta-date\">\n\t\t\t\t\t23 Mai 2015\t\t\t\t<\/div>\n\t\t\t\t\t<\/div>\n\n\t\t\t\t\t<h3 class=\"wd-entities-title title post-title\">\n\t\t\t\t<a href=\"https:\/\/leguidedesmontres.com\/fr\/actualites\/richard-mille-rm-011-yellow-flash\/\" rel=\"bookmark\">\n\t\t\t\t\tRichard Mille RM 011 Yellow Flash\t\t\t\t<\/a>\n\t\t\t<\/h3>\n\t\t\n\t\t\t\t\t<div class=\"wd-post-desc\">\n\t\t\t\t\t\t\t\t\tC\u2019est l\u2019\u00e9t\u00e9, l\u2019on ose \u2013 enfin \u2013 les couleurs plus vives au poignet. Comme chaque ann\u00e9e, le bleu, le ...\t\t\t\t\t\t\t<\/div>\n\t\t\n\t\t\t\t\t\t\t\t\t\t<div class=\"wd-read-more\">\n\t\t\t\t\t\t<a class=\"btn-read-more more-link\" href=\"https:\/\/leguidedesmontres.com\/fr\/actualites\/richard-mille-rm-011-yellow-flash\/\">En savoir plus<\/a>\t\t\t\t\t<\/div>\n\t\t\t\t\t\t\t<\/div>\n\n\t\t\t<\/div>\n\t<\/article>\n\t\t\t\t\t\t\t\t\t\t\t\n<article id=\"post-8642\" class=\"wd-post blog-design-meta-image blog-post-loop blog-style-bg wd-col post-8642 post type-post status-publish format-standard has-post-thumbnail hentry category-panerai tag-au-fil-de-lactualite\">\n\t\t\t<div class=\"wd-post-inner\">\n\t\n\t<div class=\"wd-post-thumb color-scheme-light\">\n\t\t\t\t\t<div class=\"wd-post-img\">\n\t\t\t\t<img width=\"800\" height=\"578\" src=\"https:\/\/leguidedesmontres.com\/fr\/wp-content\/uploads\/2025\/06\/494_panerai_pam00590.jpg\" class=\"attachment-large size-large\" alt=\"\" decoding=\"async\" srcset=\"https:\/\/leguidedesmontres.com\/fr\/wp-content\/uploads\/2025\/06\/494_panerai_pam00590.jpg 800w, https:\/\/leguidedesmontres.com\/fr\/wp-content\/uploads\/2025\/06\/494_panerai_pam00590-300x217.jpg 300w, https:\/\/leguidedesmontres.com\/fr\/wp-content\/uploads\/2025\/06\/494_panerai_pam00590-768x555.jpg 768w, https:\/\/leguidedesmontres.com\/fr\/wp-content\/uploads\/2025\/06\/494_panerai_pam00590-150x108.jpg 150w\" sizes=\"(max-width: 800px) 100vw, 800px\" \/>\t\t\t<\/div>\n\t\t\n\t\t\t\t<a class=\"wd-post-link wd-fill\" href=\"https:\/\/leguidedesmontres.com\/fr\/actualites\/4-nouvelles-panerai-pour-lete\/\" rel=\"bookmark\" aria-label=\"Link on post 4 nouvelles Panerai pour l\u2019\u00e9t\u00e9\"><\/a>\n\n\t\t\n\t<\/div>\n\n\t<div class=\"wd-post-content\">\n\t\t<div class=\"wd-post-entry-meta\">\n\t\t\t\n\n\t\t\t\t\t\t\t<div class=\"wd-modified-date\">\n\t\t\t\t\t\t\t<time class=\"updated\" datetime=\"2015-05-22T21:02:00+02:00\">\n\t\t\t22\/05\/2015\t\t<\/time>\n\t\t\t\t\t\t<\/div>\n\n\t\t\t\t<div class=\"wd-meta-date\">\n\t\t\t\t\t22 Mai 2015\t\t\t\t<\/div>\n\t\t\t\t\t<\/div>\n\n\t\t\t\t\t<h3 class=\"wd-entities-title title post-title\">\n\t\t\t\t<a href=\"https:\/\/leguidedesmontres.com\/fr\/actualites\/4-nouvelles-panerai-pour-lete\/\" rel=\"bookmark\">\n\t\t\t\t\t4 nouvelles Panerai pour l\u2019\u00e9t\u00e9\t\t\t\t<\/a>\n\t\t\t<\/h3>\n\t\t\n\t\t\t\t\t<div class=\"wd-post-desc\">\n\t\t\t\t\t\t\t\t\tNon, Panerai n\u2019a pas tir\u00e9 toutes ses cartouches au SIHH en janvier dernier. La marque r\u00e9cemment inst...\t\t\t\t\t\t\t<\/div>\n\t\t\n\t\t\t\t\t\t\t\t\t\t<div class=\"wd-read-more\">\n\t\t\t\t\t\t<a class=\"btn-read-more more-link\" href=\"https:\/\/leguidedesmontres.com\/fr\/actualites\/4-nouvelles-panerai-pour-lete\/\">En savoir plus<\/a>\t\t\t\t\t<\/div>\n\t\t\t\t\t\t\t<\/div>\n\n\t\t\t<\/div>\n\t<\/article>\n\t\t\t\t\t\t\t\t\t\t\t\n<article id=\"post-8644\" class=\"wd-post blog-design-meta-image blog-post-loop blog-style-bg wd-col post-8644 post type-post status-publish format-standard has-post-thumbnail hentry category-tudor tag-coup-de-coeur\">\n\t\t\t<div class=\"wd-post-inner\">\n\t\n\t<div class=\"wd-post-thumb color-scheme-light\">\n\t\t\t\t\t<div class=\"wd-post-img\">\n\t\t\t\t<img width=\"800\" height=\"659\" src=\"https:\/\/leguidedesmontres.com\/fr\/wp-content\/uploads\/2025\/06\/493_tudor_north_flag.jpg\" class=\"attachment-large size-large\" alt=\"\" decoding=\"async\" srcset=\"https:\/\/leguidedesmontres.com\/fr\/wp-content\/uploads\/2025\/06\/493_tudor_north_flag.jpg 800w, https:\/\/leguidedesmontres.com\/fr\/wp-content\/uploads\/2025\/06\/493_tudor_north_flag-300x247.jpg 300w, https:\/\/leguidedesmontres.com\/fr\/wp-content\/uploads\/2025\/06\/493_tudor_north_flag-768x633.jpg 768w, https:\/\/leguidedesmontres.com\/fr\/wp-content\/uploads\/2025\/06\/493_tudor_north_flag-150x124.jpg 150w\" sizes=\"(max-width: 800px) 100vw, 800px\" \/>\t\t\t<\/div>\n\t\t\n\t\t\t\t<a class=\"wd-post-link wd-fill\" href=\"https:\/\/leguidedesmontres.com\/fr\/actualites\/essai-tudor-north-flag\/\" rel=\"bookmark\" aria-label=\"Link on post Essai : Tudor North Flag\"><\/a>\n\n\t\t\n\t<\/div>\n\n\t<div class=\"wd-post-content\">\n\t\t<div class=\"wd-post-entry-meta\">\n\t\t\t\n\n\t\t\t\t\t\t\t<div class=\"wd-modified-date\">\n\t\t\t\t\t\t\t<time class=\"updated\" datetime=\"2015-05-11T13:40:38+02:00\">\n\t\t\t11\/05\/2015\t\t<\/time>\n\t\t\t\t\t\t<\/div>\n\n\t\t\t\t<div class=\"wd-meta-date\">\n\t\t\t\t\t11 Mai 2015\t\t\t\t<\/div>\n\t\t\t\t\t<\/div>\n\n\t\t\t\t\t<h3 class=\"wd-entities-title title post-title\">\n\t\t\t\t<a href=\"https:\/\/leguidedesmontres.com\/fr\/actualites\/essai-tudor-north-flag\/\" rel=\"bookmark\">\n\t\t\t\t\tEssai : Tudor North Flag\t\t\t\t<\/a>\n\t\t\t<\/h3>\n\t\t\n\t\t\t\t\t<div class=\"wd-post-desc\">\n\t\t\t\t\t\t\t\t\tDepuis quelques ann\u00e9es, la pr\u00e9sentation des nouveaut\u00e9s Tudor \u00e0 Baselworld nous surprend et leurs nou...\t\t\t\t\t\t\t<\/div>\n\t\t\n\t\t\t\t\t\t\t\t\t\t<div class=\"wd-read-more\">\n\t\t\t\t\t\t<a class=\"btn-read-more more-link\" href=\"https:\/\/leguidedesmontres.com\/fr\/actualites\/essai-tudor-north-flag\/\">En savoir plus<\/a>\t\t\t\t\t<\/div>\n\t\t\t\t\t\t\t<\/div>\n\n\t\t\t<\/div>\n\t<\/article>\n\t\t\t\t\t\t\t\t\t\t\t\n<article id=\"post-8646\" class=\"wd-post blog-design-meta-image blog-post-loop blog-style-bg wd-col post-8646 post type-post status-publish format-standard has-post-thumbnail hentry category-zenith tag-au-fil-de-lactualite\">\n\t\t\t<div class=\"wd-post-inner\">\n\t\n\t<div class=\"wd-post-thumb color-scheme-light\">\n\t\t\t\t\t<div class=\"wd-post-img\">\n\t\t\t\t<img width=\"800\" height=\"732\" src=\"https:\/\/leguidedesmontres.com\/fr\/wp-content\/uploads\/2025\/06\/492_zenith_chrono_en_or.jpg\" class=\"attachment-large size-large\" alt=\"\" decoding=\"async\" srcset=\"https:\/\/leguidedesmontres.com\/fr\/wp-content\/uploads\/2025\/06\/492_zenith_chrono_en_or.jpg 800w, https:\/\/leguidedesmontres.com\/fr\/wp-content\/uploads\/2025\/06\/492_zenith_chrono_en_or-300x275.jpg 300w, https:\/\/leguidedesmontres.com\/fr\/wp-content\/uploads\/2025\/06\/492_zenith_chrono_en_or-768x703.jpg 768w, https:\/\/leguidedesmontres.com\/fr\/wp-content\/uploads\/2025\/06\/492_zenith_chrono_en_or-150x137.jpg 150w\" sizes=\"(max-width: 800px) 100vw, 800px\" \/>\t\t\t<\/div>\n\t\t\n\t\t\t\t<a class=\"wd-post-link wd-fill\" href=\"https:\/\/leguidedesmontres.com\/fr\/actualites\/zenith-millesime-strategique-a-defaut-detre-sexy\/\" rel=\"bookmark\" aria-label=\"Link on post Zenith : mill\u00e9sime strat\u00e9gique&#8230;\u00e0 d\u00e9faut d\u2019\u00eatre sexy\"><\/a>\n\n\t\t\n\t<\/div>\n\n\t<div class=\"wd-post-content\">\n\t\t<div class=\"wd-post-entry-meta\">\n\t\t\t\n\n\t\t\t\t\t\t\t<div class=\"wd-modified-date\">\n\t\t\t\t\t\t\t<time class=\"updated\" datetime=\"2015-05-08T11:17:24+02:00\">\n\t\t\t08\/05\/2015\t\t<\/time>\n\t\t\t\t\t\t<\/div>\n\n\t\t\t\t<div class=\"wd-meta-date\">\n\t\t\t\t\t08 Mai 2015\t\t\t\t<\/div>\n\t\t\t\t\t<\/div>\n\n\t\t\t\t\t<h3 class=\"wd-entities-title title post-title\">\n\t\t\t\t<a href=\"https:\/\/leguidedesmontres.com\/fr\/actualites\/zenith-millesime-strategique-a-defaut-detre-sexy\/\" rel=\"bookmark\">\n\t\t\t\t\tZenith : mill\u00e9sime strat\u00e9gique&#8230;\u00e0 d\u00e9faut d\u2019\u00eatre sexy\t\t\t\t<\/a>\n\t\t\t<\/h3>\n\t\t\n\t\t\t\t\t<div class=\"wd-post-desc\">\n\t\t\t\t\t\t\t\t\tOn attendait beaucoup de Zenith durant cette foire de B\u00e2le. Pourquoi ? Parce que la manufacture, qui...\t\t\t\t\t\t\t<\/div>\n\t\t\n\t\t\t\t\t\t\t\t\t\t<div class=\"wd-read-more\">\n\t\t\t\t\t\t<a class=\"btn-read-more more-link\" href=\"https:\/\/leguidedesmontres.com\/fr\/actualites\/zenith-millesime-strategique-a-defaut-detre-sexy\/\">En savoir plus<\/a>\t\t\t\t\t<\/div>\n\t\t\t\t\t\t\t<\/div>\n\n\t\t\t<\/div>\n\t<\/article>\n\t\t\t\t\t\t\t\t\t\t\t\n<article id=\"post-8648\" class=\"wd-post blog-design-meta-image blog-post-loop blog-style-bg wd-col post-8648 post type-post status-publish format-standard has-post-thumbnail hentry category-autre tag-interview\">\n\t\t\t<div class=\"wd-post-inner\">\n\t\n\t<div class=\"wd-post-thumb color-scheme-light\">\n\t\t\t\t\t<div class=\"wd-post-img\">\n\t\t\t\t<img width=\"800\" height=\"781\" src=\"https:\/\/leguidedesmontres.com\/fr\/wp-content\/uploads\/2025\/06\/491_baselworld_2015.jpg\" class=\"attachment-large size-large\" alt=\"\" decoding=\"async\" srcset=\"https:\/\/leguidedesmontres.com\/fr\/wp-content\/uploads\/2025\/06\/491_baselworld_2015.jpg 800w, https:\/\/leguidedesmontres.com\/fr\/wp-content\/uploads\/2025\/06\/491_baselworld_2015-300x293.jpg 300w, https:\/\/leguidedesmontres.com\/fr\/wp-content\/uploads\/2025\/06\/491_baselworld_2015-768x750.jpg 768w, https:\/\/leguidedesmontres.com\/fr\/wp-content\/uploads\/2025\/06\/491_baselworld_2015-150x146.jpg 150w\" sizes=\"(max-width: 800px) 100vw, 800px\" \/>\t\t\t<\/div>\n\t\t\n\t\t\t\t<a class=\"wd-post-link wd-fill\" href=\"https:\/\/leguidedesmontres.com\/fr\/actualites\/baselworld-2015-selon-gregory-pons\/\" rel=\"bookmark\" aria-label=\"Link on post Baselworld 2015 selon Gr\u00e9gory Pons\"><\/a>\n\n\t\t\n\t<\/div>\n\n\t<div class=\"wd-post-content\">\n\t\t<div class=\"wd-post-entry-meta\">\n\t\t\t\n\n\t\t\t\t\t\t\t<div class=\"wd-modified-date\">\n\t\t\t\t\t\t\t<time class=\"updated\" datetime=\"2015-04-29T18:56:11+02:00\">\n\t\t\t29\/04\/2015\t\t<\/time>\n\t\t\t\t\t\t<\/div>\n\n\t\t\t\t<div class=\"wd-meta-date\">\n\t\t\t\t\t29 Avr 2015\t\t\t\t<\/div>\n\t\t\t\t\t<\/div>\n\n\t\t\t\t\t<h3 class=\"wd-entities-title title post-title\">\n\t\t\t\t<a href=\"https:\/\/leguidedesmontres.com\/fr\/actualites\/baselworld-2015-selon-gregory-pons\/\" rel=\"bookmark\">\n\t\t\t\t\tBaselworld 2015 selon Gr\u00e9gory Pons\t\t\t\t<\/a>\n\t\t\t<\/h3>\n\t\t\n\t\t\t\t\t<div class=\"wd-post-desc\">\n\t\t\t\t\t\t\t\t\tQuel est ton sentiment sur cette \u00e9dition 2015 de Baselworld 1 mois et demi apr\u00e8s ?\nC\u2019\u00e9tait un salon ...\t\t\t\t\t\t\t<\/div>\n\t\t\n\t\t\t\t\t\t\t\t\t\t<div class=\"wd-read-more\">\n\t\t\t\t\t\t<a class=\"btn-read-more more-link\" href=\"https:\/\/leguidedesmontres.com\/fr\/actualites\/baselworld-2015-selon-gregory-pons\/\">En savoir plus<\/a>\t\t\t\t\t<\/div>\n\t\t\t\t\t\t\t<\/div>\n\n\t\t\t<\/div>\n\t<\/article>\n\t\t\t\t\t\n\t\t\t\t\t","status":"have-posts","nextPage":"https:\/\/leguidedesmontres.com\/fr\/actualites\/page\/6\/?woo_ajax=1","currentPage":"https:\/\/leguidedesmontres.com\/fr\/actualites\/page\/5"}