
			
				

					
				

			
		{"items":"\n\t\t\t\t\t\t\t\t\t\t\t\n<article id=\"post-9323\" class=\"wd-post blog-design-meta-image blog-post-loop blog-style-bg wd-col post-9323 post type-post status-publish format-standard has-post-thumbnail hentry category-autre tag-au-fil-de-lactualite\">\n\t\t\t<div class=\"wd-post-inner\">\n\t\n\t<div class=\"wd-post-thumb color-scheme-light\">\n\t\t\t\t\t<div class=\"wd-post-img\">\n\t\t\t\t<img width=\"620\" height=\"541\" src=\"https:\/\/leguidedesmontres.com\/fr\/wp-content\/uploads\/2025\/06\/141_tajan_vente_aux_encheres_25_mars_2013.jpg\" class=\"attachment-large size-large\" alt=\"\" decoding=\"async\" srcset=\"https:\/\/leguidedesmontres.com\/fr\/wp-content\/uploads\/2025\/06\/141_tajan_vente_aux_encheres_25_mars_2013.jpg 620w, https:\/\/leguidedesmontres.com\/fr\/wp-content\/uploads\/2025\/06\/141_tajan_vente_aux_encheres_25_mars_2013-300x262.jpg 300w, https:\/\/leguidedesmontres.com\/fr\/wp-content\/uploads\/2025\/06\/141_tajan_vente_aux_encheres_25_mars_2013-150x131.jpg 150w\" sizes=\"(max-width: 620px) 100vw, 620px\" \/>\t\t\t<\/div>\n\t\t\n\t\t\t\t<a class=\"wd-post-link wd-fill\" href=\"https:\/\/leguidedesmontres.com\/fr\/actualites\/tajan-la-vente-aux-encheres-du-25-mars-2013\/\" rel=\"bookmark\" aria-label=\"Link on post Tajan : La vente aux ench\u00e8res du 25 mars 2013\"><\/a>\n\n\t\t\n\t<\/div>\n\n\t<div class=\"wd-post-content\">\n\t\t<div class=\"wd-post-entry-meta\">\n\t\t\t\n\n\t\t\t\t\t\t\t<div class=\"wd-modified-date\">\n\t\t\t\t\t\t\t<time class=\"updated\" datetime=\"2013-03-14T18:57:34+02:00\">\n\t\t\t14\/03\/2013\t\t<\/time>\n\t\t\t\t\t\t<\/div>\n\n\t\t\t\t<div class=\"wd-meta-date\">\n\t\t\t\t\t14 Mar 2013\t\t\t\t<\/div>\n\t\t\t\t\t<\/div>\n\n\t\t\t\t\t<h3 class=\"wd-entities-title title post-title\">\n\t\t\t\t<a href=\"https:\/\/leguidedesmontres.com\/fr\/actualites\/tajan-la-vente-aux-encheres-du-25-mars-2013\/\" rel=\"bookmark\">\n\t\t\t\t\tTajan : La vente aux ench\u00e8res du 25 mars 2013\t\t\t\t<\/a>\n\t\t\t<\/h3>\n\t\t\n\t\t\t\t\t<div class=\"wd-post-desc\">\n\t\t\t\t\t\t\t\t\tVente Tajan de 250 Montres &amp; Stylos de collection\nApr\u00e8s les ventes prestiges de No\u00ebl \u00e0 Paris et ...\t\t\t\t\t\t\t<\/div>\n\t\t\n\t\t\t\t\t\t\t\t\t\t<div class=\"wd-read-more\">\n\t\t\t\t\t\t<a class=\"btn-read-more more-link\" href=\"https:\/\/leguidedesmontres.com\/fr\/actualites\/tajan-la-vente-aux-encheres-du-25-mars-2013\/\">En savoir plus<\/a>\t\t\t\t\t<\/div>\n\t\t\t\t\t\t\t<\/div>\n\n\t\t\t<\/div>\n\t<\/article>\n\t\t\t\t\t\t\t\t\t\t\t\n<article id=\"post-9335\" class=\"wd-post blog-design-meta-image blog-post-loop blog-style-bg wd-col post-9335 post type-post status-publish format-standard has-post-thumbnail hentry category-a-lange-sohne tag-au-fil-de-lactualite\">\n\t\t\t<div class=\"wd-post-inner\">\n\t\n\t<div class=\"wd-post-thumb color-scheme-light\">\n\t\t\t\t\t<div class=\"wd-post-img\">\n\t\t\t\t<img width=\"620\" height=\"545\" src=\"https:\/\/leguidedesmontres.com\/fr\/wp-content\/uploads\/2025\/06\/135_boutique_lange_paris.jpg\" class=\"attachment-large size-large\" alt=\"\" decoding=\"async\" srcset=\"https:\/\/leguidedesmontres.com\/fr\/wp-content\/uploads\/2025\/06\/135_boutique_lange_paris.jpg 620w, https:\/\/leguidedesmontres.com\/fr\/wp-content\/uploads\/2025\/06\/135_boutique_lange_paris-300x264.jpg 300w, https:\/\/leguidedesmontres.com\/fr\/wp-content\/uploads\/2025\/06\/135_boutique_lange_paris-150x132.jpg 150w\" sizes=\"(max-width: 620px) 100vw, 620px\" \/>\t\t\t<\/div>\n\t\t\n\t\t\t\t<a class=\"wd-post-link wd-fill\" href=\"https:\/\/leguidedesmontres.com\/fr\/actualites\/a-lange-sohne-soffre-la-rue-de-la-paix\/\" rel=\"bookmark\" aria-label=\"Link on post A.Lange &amp; S\u00f6hne s\u2019offre la rue de la Paix !\"><\/a>\n\n\t\t\n\t<\/div>\n\n\t<div class=\"wd-post-content\">\n\t\t<div class=\"wd-post-entry-meta\">\n\t\t\t\n\n\t\t\t\t\t\t\t<div class=\"wd-modified-date\">\n\t\t\t\t\t\t\t<time class=\"updated\" datetime=\"2013-02-28T18:50:43+02:00\">\n\t\t\t28\/02\/2013\t\t<\/time>\n\t\t\t\t\t\t<\/div>\n\n\t\t\t\t<div class=\"wd-meta-date\">\n\t\t\t\t\t28 F\u00e9v 2013\t\t\t\t<\/div>\n\t\t\t\t\t<\/div>\n\n\t\t\t\t\t<h3 class=\"wd-entities-title title post-title\">\n\t\t\t\t<a href=\"https:\/\/leguidedesmontres.com\/fr\/actualites\/a-lange-sohne-soffre-la-rue-de-la-paix\/\" rel=\"bookmark\">\n\t\t\t\t\tA.Lange &amp; S\u00f6hne s\u2019offre la rue de la Paix !\t\t\t\t<\/a>\n\t\t\t<\/h3>\n\t\t\n\t\t\t\t\t<div class=\"wd-post-desc\">\n\t\t\t\t\t\t\t\t\tLa c\u00e9l\u00e8bre maison saxonne ouvre sa premi\u00e8re boutique en France, dans le quartier le plus pris\u00e9 par l...\t\t\t\t\t\t\t<\/div>\n\t\t\n\t\t\t\t\t\t\t\t\t\t<div class=\"wd-read-more\">\n\t\t\t\t\t\t<a class=\"btn-read-more more-link\" href=\"https:\/\/leguidedesmontres.com\/fr\/actualites\/a-lange-sohne-soffre-la-rue-de-la-paix\/\">En savoir plus<\/a>\t\t\t\t\t<\/div>\n\t\t\t\t\t\t\t<\/div>\n\n\t\t\t<\/div>\n\t<\/article>\n\t\t\t\t\t\t\t\t\t\t\t\n<article id=\"post-9349\" class=\"wd-post blog-design-meta-image blog-post-loop blog-style-bg wd-col post-9349 post type-post status-publish format-standard has-post-thumbnail hentry category-jaquet-droz tag-au-fil-de-lactualite\">\n\t\t\t<div class=\"wd-post-inner\">\n\t\n\t<div class=\"wd-post-thumb color-scheme-light\">\n\t\t\t\t\t<div class=\"wd-post-img\">\n\t\t\t\t<img width=\"620\" height=\"760\" src=\"https:\/\/leguidedesmontres.com\/fr\/wp-content\/uploads\/2025\/06\/127_j005000170_petite_heure_minute_35_amb_hr.jpg\" class=\"attachment-large size-large\" alt=\"\" decoding=\"async\" srcset=\"https:\/\/leguidedesmontres.com\/fr\/wp-content\/uploads\/2025\/06\/127_j005000170_petite_heure_minute_35_amb_hr.jpg 620w, https:\/\/leguidedesmontres.com\/fr\/wp-content\/uploads\/2025\/06\/127_j005000170_petite_heure_minute_35_amb_hr-245x300.jpg 245w, https:\/\/leguidedesmontres.com\/fr\/wp-content\/uploads\/2025\/06\/127_j005000170_petite_heure_minute_35_amb_hr-150x184.jpg 150w\" sizes=\"(max-width: 620px) 100vw, 620px\" \/>\t\t\t<\/div>\n\t\t\n\t\t\t\t<a class=\"wd-post-link wd-fill\" href=\"https:\/\/leguidedesmontres.com\/fr\/actualites\/jaquet-droz-ouvre-les-portes-de-baselworld\/\" rel=\"bookmark\" aria-label=\"Link on post Jaquet Droz ouvre les portes de BaselWorld\"><\/a>\n\n\t\t\n\t<\/div>\n\n\t<div class=\"wd-post-content\">\n\t\t<div class=\"wd-post-entry-meta\">\n\t\t\t\n\n\t\t\t\t\t\t\t<div class=\"wd-modified-date\">\n\t\t\t\t\t\t\t<time class=\"updated\" datetime=\"2013-02-15T18:37:56+02:00\">\n\t\t\t15\/02\/2013\t\t<\/time>\n\t\t\t\t\t\t<\/div>\n\n\t\t\t\t<div class=\"wd-meta-date\">\n\t\t\t\t\t15 F\u00e9v 2013\t\t\t\t<\/div>\n\t\t\t\t\t<\/div>\n\n\t\t\t\t\t<h3 class=\"wd-entities-title title post-title\">\n\t\t\t\t<a href=\"https:\/\/leguidedesmontres.com\/fr\/actualites\/jaquet-droz-ouvre-les-portes-de-baselworld\/\" rel=\"bookmark\">\n\t\t\t\t\tJaquet Droz ouvre les portes de BaselWorld\t\t\t\t<\/a>\n\t\t\t<\/h3>\n\t\t\n\t\t\t\t\t<div class=\"wd-post-desc\">\n\t\t\t\t\t\t\t\t\tLe SIHH et le GTE ont \u00e0 peine referm\u00e9 leurs portes que Jaquet Droz s\u2019empresse d\u2019ouvrir celles de Bas...\t\t\t\t\t\t\t<\/div>\n\t\t\n\t\t\t\t\t\t\t\t\t\t<div class=\"wd-read-more\">\n\t\t\t\t\t\t<a class=\"btn-read-more more-link\" href=\"https:\/\/leguidedesmontres.com\/fr\/actualites\/jaquet-droz-ouvre-les-portes-de-baselworld\/\">En savoir plus<\/a>\t\t\t\t\t<\/div>\n\t\t\t\t\t\t\t<\/div>\n\n\t\t\t<\/div>\n\t<\/article>\n\t\t\t\t\t\t\t\t\t\t\t\n<article id=\"post-9353\" class=\"wd-post blog-design-meta-image blog-post-loop blog-style-bg wd-col post-9353 post type-post status-publish format-standard has-post-thumbnail hentry category-autre tag-au-fil-de-lactualite\">\n\t\t\t<div class=\"wd-post-inner\">\n\t\n\t<div class=\"wd-post-thumb color-scheme-light\">\n\t\t\t\t\t<div class=\"wd-post-img\">\n\t\t\t\t<img width=\"620\" height=\"680\" src=\"https:\/\/leguidedesmontres.com\/fr\/wp-content\/uploads\/2025\/06\/125_crbst_gs9_20n_c2_b0_207.jpg\" class=\"attachment-large size-large\" alt=\"\" decoding=\"async\" srcset=\"https:\/\/leguidedesmontres.com\/fr\/wp-content\/uploads\/2025\/06\/125_crbst_gs9_20n_c2_b0_207.jpg 620w, https:\/\/leguidedesmontres.com\/fr\/wp-content\/uploads\/2025\/06\/125_crbst_gs9_20n_c2_b0_207-274x300.jpg 274w, https:\/\/leguidedesmontres.com\/fr\/wp-content\/uploads\/2025\/06\/125_crbst_gs9_20n_c2_b0_207-150x165.jpg 150w\" sizes=\"(max-width: 620px) 100vw, 620px\" \/>\t\t\t<\/div>\n\t\t\n\t\t\t\t<a class=\"wd-post-link wd-fill\" href=\"https:\/\/leguidedesmontres.com\/fr\/actualites\/gte-inside-pierre-thomas-nouveau-modele-de-1870\/\" rel=\"bookmark\" aria-label=\"Link on post GTE Inside \u2013 Pierre Thomas, nouveau mod\u00e8le de 1870\"><\/a>\n\n\t\t\n\t<\/div>\n\n\t<div class=\"wd-post-content\">\n\t\t<div class=\"wd-post-entry-meta\">\n\t\t\t\n\n\t\t\t\t\t\t\t<div class=\"wd-modified-date\">\n\t\t\t\t\t\t\t<time class=\"updated\" datetime=\"2013-02-06T19:55:27+02:00\">\n\t\t\t06\/02\/2013\t\t<\/time>\n\t\t\t\t\t\t<\/div>\n\n\t\t\t\t<div class=\"wd-meta-date\">\n\t\t\t\t\t06 F\u00e9v 2013\t\t\t\t<\/div>\n\t\t\t\t\t<\/div>\n\n\t\t\t\t\t<h3 class=\"wd-entities-title title post-title\">\n\t\t\t\t<a href=\"https:\/\/leguidedesmontres.com\/fr\/actualites\/gte-inside-pierre-thomas-nouveau-modele-de-1870\/\" rel=\"bookmark\">\n\t\t\t\t\tGTE Inside \u2013 Pierre Thomas, nouveau mod\u00e8le de 1870\t\t\t\t<\/a>\n\t\t\t<\/h3>\n\t\t\n\t\t\t\t\t<div class=\"wd-post-desc\">\n\t\t\t\t\t\t\t\t\tGerald Genta, Piaget, Patek Philippe puis De Grisogono : avec un tel bagage, peu \u00e9tonnant que Thomas...\t\t\t\t\t\t\t<\/div>\n\t\t\n\t\t\t\t\t\t\t\t\t\t<div class=\"wd-read-more\">\n\t\t\t\t\t\t<a class=\"btn-read-more more-link\" href=\"https:\/\/leguidedesmontres.com\/fr\/actualites\/gte-inside-pierre-thomas-nouveau-modele-de-1870\/\">En savoir plus<\/a>\t\t\t\t\t<\/div>\n\t\t\t\t\t\t\t<\/div>\n\n\t\t\t<\/div>\n\t<\/article>\n\t\t\t\t\t\t\t\t\t\t\t\n<article id=\"post-9357\" class=\"wd-post blog-design-meta-image blog-post-loop blog-style-bg wd-col post-9357 post type-post status-publish format-standard has-post-thumbnail hentry category-autre tag-au-fil-de-lactualite\">\n\t\t\t<div class=\"wd-post-inner\">\n\t\n\t<div class=\"wd-post-thumb color-scheme-light\">\n\t\t\t\t\t<div class=\"wd-post-img\">\n\t\t\t\t<img width=\"620\" height=\"464\" src=\"https:\/\/leguidedesmontres.com\/fr\/wp-content\/uploads\/2025\/06\/123_yvan_arpa_burning_freshness.jpg\" class=\"attachment-large size-large\" alt=\"\" decoding=\"async\" srcset=\"https:\/\/leguidedesmontres.com\/fr\/wp-content\/uploads\/2025\/06\/123_yvan_arpa_burning_freshness.jpg 620w, https:\/\/leguidedesmontres.com\/fr\/wp-content\/uploads\/2025\/06\/123_yvan_arpa_burning_freshness-300x225.jpg 300w, https:\/\/leguidedesmontres.com\/fr\/wp-content\/uploads\/2025\/06\/123_yvan_arpa_burning_freshness-150x112.jpg 150w\" sizes=\"(max-width: 620px) 100vw, 620px\" \/>\t\t\t<\/div>\n\t\t\n\t\t\t\t<a class=\"wd-post-link wd-fill\" href=\"https:\/\/leguidedesmontres.com\/fr\/actualites\/gte-inside-rien-narrete-yvan-arpa\/\" rel=\"bookmark\" aria-label=\"Link on post GTE Inside \u2013 Rien n\u2019arr\u00eate Yvan Arpa !\"><\/a>\n\n\t\t\n\t<\/div>\n\n\t<div class=\"wd-post-content\">\n\t\t<div class=\"wd-post-entry-meta\">\n\t\t\t\n\n\t\t\t\t\t\t\t<div class=\"wd-modified-date\">\n\t\t\t\t\t\t\t<time class=\"updated\" datetime=\"2013-02-02T19:06:11+02:00\">\n\t\t\t02\/02\/2013\t\t<\/time>\n\t\t\t\t\t\t<\/div>\n\n\t\t\t\t<div class=\"wd-meta-date\">\n\t\t\t\t\t02 F\u00e9v 2013\t\t\t\t<\/div>\n\t\t\t\t\t<\/div>\n\n\t\t\t\t\t<h3 class=\"wd-entities-title title post-title\">\n\t\t\t\t<a href=\"https:\/\/leguidedesmontres.com\/fr\/actualites\/gte-inside-rien-narrete-yvan-arpa\/\" rel=\"bookmark\">\n\t\t\t\t\tGTE Inside \u2013 Rien n\u2019arr\u00eate Yvan Arpa !\t\t\t\t<\/a>\n\t\t\t<\/h3>\n\t\t\n\t\t\t\t\t<div class=\"wd-post-desc\">\n\t\t\t\t\t\t\t\t\tIl semble difficile d\u2019arr\u00eater Yvan Arpa, le bouillonnant patron d\u2019ArtyA et de Black Belt Watch. L\u2019ho...\t\t\t\t\t\t\t<\/div>\n\t\t\n\t\t\t\t\t\t\t\t\t\t<div class=\"wd-read-more\">\n\t\t\t\t\t\t<a class=\"btn-read-more more-link\" href=\"https:\/\/leguidedesmontres.com\/fr\/actualites\/gte-inside-rien-narrete-yvan-arpa\/\">En savoir plus<\/a>\t\t\t\t\t<\/div>\n\t\t\t\t\t\t\t<\/div>\n\n\t\t\t<\/div>\n\t<\/article>\n\t\t\t\t\t\t\t\t\t\t\t\n<article id=\"post-9359\" class=\"wd-post blog-design-meta-image blog-post-loop blog-style-bg wd-col post-9359 post type-post status-publish format-standard has-post-thumbnail hentry category-a-lange-sohne category-audemars-piguet category-baume-et-mercier category-cartier category-richard-mille category-roger-dubuis category-vacheron-constantin tag-au-fil-de-lactualite\">\n\t\t\t<div class=\"wd-post-inner\">\n\t\n\t<div class=\"wd-post-thumb color-scheme-light\">\n\t\t\t\t\t<div class=\"wd-post-img\">\n\t\t\t\t<img width=\"568\" height=\"736\" src=\"https:\/\/leguidedesmontres.com\/fr\/wp-content\/uploads\/2025\/06\/122_richard_mille_blake.jpg\" class=\"attachment-large size-large\" alt=\"\" decoding=\"async\" srcset=\"https:\/\/leguidedesmontres.com\/fr\/wp-content\/uploads\/2025\/06\/122_richard_mille_blake.jpg 568w, https:\/\/leguidedesmontres.com\/fr\/wp-content\/uploads\/2025\/06\/122_richard_mille_blake-232x300.jpg 232w, https:\/\/leguidedesmontres.com\/fr\/wp-content\/uploads\/2025\/06\/122_richard_mille_blake-150x194.jpg 150w\" sizes=\"(max-width: 568px) 100vw, 568px\" \/>\t\t\t<\/div>\n\t\t\n\t\t\t\t<a class=\"wd-post-link wd-fill\" href=\"https:\/\/leguidedesmontres.com\/fr\/actualites\/sihh-2013-ce-quil-fallait-en-retenir\/\" rel=\"bookmark\" aria-label=\"Link on post SIHH 2013 : ce qu\u2019il fallait en retenir\"><\/a>\n\n\t\t\n\t<\/div>\n\n\t<div class=\"wd-post-content\">\n\t\t<div class=\"wd-post-entry-meta\">\n\t\t\t\n\n\t\t\t\t\t\t\t<div class=\"wd-modified-date\">\n\t\t\t\t\t\t\t<time class=\"updated\" datetime=\"2013-01-30T17:21:40+02:00\">\n\t\t\t30\/01\/2013\t\t<\/time>\n\t\t\t\t\t\t<\/div>\n\n\t\t\t\t<div class=\"wd-meta-date\">\n\t\t\t\t\t30 Jan 2013\t\t\t\t<\/div>\n\t\t\t\t\t<\/div>\n\n\t\t\t\t\t<h3 class=\"wd-entities-title title post-title\">\n\t\t\t\t<a href=\"https:\/\/leguidedesmontres.com\/fr\/actualites\/sihh-2013-ce-quil-fallait-en-retenir\/\" rel=\"bookmark\">\n\t\t\t\t\tSIHH 2013 : ce qu\u2019il fallait en retenir\t\t\t\t<\/a>\n\t\t\t<\/h3>\n\t\t\n\t\t\t\t\t<div class=\"wd-post-desc\">\n\t\t\t\t\t\t\t\t\tLe SIHH 2013 vient de fermer ses portes au centre Palexpo de Gen\u00e8ve. L'industrie horlog\u00e8re, c'est un...\t\t\t\t\t\t\t<\/div>\n\t\t\n\t\t\t\t\t\t\t\t\t\t<div class=\"wd-read-more\">\n\t\t\t\t\t\t<a class=\"btn-read-more more-link\" href=\"https:\/\/leguidedesmontres.com\/fr\/actualites\/sihh-2013-ce-quil-fallait-en-retenir\/\">En savoir plus<\/a>\t\t\t\t\t<\/div>\n\t\t\t\t\t\t\t<\/div>\n\n\t\t\t<\/div>\n\t<\/article>\n\t\t\t\t\t\t\t\t\t\t\t\n<article id=\"post-9369\" class=\"wd-post blog-design-meta-image blog-post-loop blog-style-bg wd-col post-9369 post type-post status-publish format-standard has-post-thumbnail hentry category-autre tag-au-fil-de-lactualite\">\n\t\t\t<div class=\"wd-post-inner\">\n\t\n\t<div class=\"wd-post-thumb color-scheme-light\">\n\t\t\t\t\t<div class=\"wd-post-img\">\n\t\t\t\t<img width=\"620\" height=\"413\" src=\"https:\/\/leguidedesmontres.com\/fr\/wp-content\/uploads\/2025\/06\/117_sihh.jpg\" class=\"attachment-large size-large\" alt=\"\" decoding=\"async\" srcset=\"https:\/\/leguidedesmontres.com\/fr\/wp-content\/uploads\/2025\/06\/117_sihh.jpg 620w, https:\/\/leguidedesmontres.com\/fr\/wp-content\/uploads\/2025\/06\/117_sihh-300x200.jpg 300w, https:\/\/leguidedesmontres.com\/fr\/wp-content\/uploads\/2025\/06\/117_sihh-150x100.jpg 150w\" sizes=\"(max-width: 620px) 100vw, 620px\" \/>\t\t\t<\/div>\n\t\t\n\t\t\t\t<a class=\"wd-post-link wd-fill\" href=\"https:\/\/leguidedesmontres.com\/fr\/actualites\/sihh-gte-bw13-les-acronymes-a-comprendre\/\" rel=\"bookmark\" aria-label=\"Link on post SIHH, GTE, BW13 : les acronymes \u00e0 comprendre\"><\/a>\n\n\t\t\n\t<\/div>\n\n\t<div class=\"wd-post-content\">\n\t\t<div class=\"wd-post-entry-meta\">\n\t\t\t\n\n\t\t\t\t\t\t\t<div class=\"wd-modified-date\">\n\t\t\t\t\t\t\t<time class=\"updated\" datetime=\"2013-01-11T18:21:45+02:00\">\n\t\t\t11\/01\/2013\t\t<\/time>\n\t\t\t\t\t\t<\/div>\n\n\t\t\t\t<div class=\"wd-meta-date\">\n\t\t\t\t\t11 Jan 2013\t\t\t\t<\/div>\n\t\t\t\t\t<\/div>\n\n\t\t\t\t\t<h3 class=\"wd-entities-title title post-title\">\n\t\t\t\t<a href=\"https:\/\/leguidedesmontres.com\/fr\/actualites\/sihh-gte-bw13-les-acronymes-a-comprendre\/\" rel=\"bookmark\">\n\t\t\t\t\tSIHH, GTE, BW13 : les acronymes \u00e0 comprendre\t\t\t\t<\/a>\n\t\t\t<\/h3>\n\t\t\n\t\t\t\t\t<div class=\"wd-post-desc\">\n\t\t\t\t\t\t\t\t\tSIHH, GTE, BW13 : dans quelques semaines, le landernau horloger ne devrait plus raisonner que par ce...\t\t\t\t\t\t\t<\/div>\n\t\t\n\t\t\t\t\t\t\t\t\t\t<div class=\"wd-read-more\">\n\t\t\t\t\t\t<a class=\"btn-read-more more-link\" href=\"https:\/\/leguidedesmontres.com\/fr\/actualites\/sihh-gte-bw13-les-acronymes-a-comprendre\/\">En savoir plus<\/a>\t\t\t\t\t<\/div>\n\t\t\t\t\t\t\t<\/div>\n\n\t\t\t<\/div>\n\t<\/article>\n\t\t\t\t\t\t\t\t\t\t\t\n<article id=\"post-9397\" class=\"wd-post blog-design-meta-image blog-post-loop blog-style-bg wd-col post-9397 post type-post status-publish format-standard has-post-thumbnail hentry category-vacheron-constantin tag-au-fil-de-lactualite\">\n\t\t\t<div class=\"wd-post-inner\">\n\t\n\t<div class=\"wd-post-thumb color-scheme-light\">\n\t\t\t\t\t<div class=\"wd-post-img\">\n\t\t\t\t<img width=\"620\" height=\"364\" src=\"https:\/\/leguidedesmontres.com\/fr\/wp-content\/uploads\/2025\/06\/101_vacheron_constantin_2_rue_de_la_paix.jpg\" class=\"attachment-large size-large\" alt=\"\" decoding=\"async\" srcset=\"https:\/\/leguidedesmontres.com\/fr\/wp-content\/uploads\/2025\/06\/101_vacheron_constantin_2_rue_de_la_paix.jpg 620w, https:\/\/leguidedesmontres.com\/fr\/wp-content\/uploads\/2025\/06\/101_vacheron_constantin_2_rue_de_la_paix-300x176.jpg 300w, https:\/\/leguidedesmontres.com\/fr\/wp-content\/uploads\/2025\/06\/101_vacheron_constantin_2_rue_de_la_paix-150x88.jpg 150w\" sizes=\"(max-width: 620px) 100vw, 620px\" \/>\t\t\t<\/div>\n\t\t\n\t\t\t\t<a class=\"wd-post-link wd-fill\" href=\"https:\/\/leguidedesmontres.com\/fr\/actualites\/vacheron-constantin-sinstalle-rue-de-la-paix\/\" rel=\"bookmark\" aria-label=\"Link on post Vacheron Constantin s\u2019installe Rue de la Paix\"><\/a>\n\n\t\t\n\t<\/div>\n\n\t<div class=\"wd-post-content\">\n\t\t<div class=\"wd-post-entry-meta\">\n\t\t\t\n\n\t\t\t\t\t\t\t<div class=\"wd-modified-date\">\n\t\t\t\t\t\t\t<time class=\"updated\" datetime=\"2012-12-04T21:45:22+02:00\">\n\t\t\t04\/12\/2012\t\t<\/time>\n\t\t\t\t\t\t<\/div>\n\n\t\t\t\t<div class=\"wd-meta-date\">\n\t\t\t\t\t04 D\u00e9c 2012\t\t\t\t<\/div>\n\t\t\t\t\t<\/div>\n\n\t\t\t\t\t<h3 class=\"wd-entities-title title post-title\">\n\t\t\t\t<a href=\"https:\/\/leguidedesmontres.com\/fr\/actualites\/vacheron-constantin-sinstalle-rue-de-la-paix\/\" rel=\"bookmark\">\n\t\t\t\t\tVacheron Constantin s\u2019installe Rue de la Paix\t\t\t\t<\/a>\n\t\t\t<\/h3>\n\t\t\n\t\t\t\t\t<div class=\"wd-post-desc\">\n\t\t\t\t\t\t\t\t\tLa place Vendome et ses environs imm\u00e9diats n'en finissent plus de fleurir de boutiques horlog\u00e8res. S...\t\t\t\t\t\t\t<\/div>\n\t\t\n\t\t\t\t\t\t\t\t\t\t<div class=\"wd-read-more\">\n\t\t\t\t\t\t<a class=\"btn-read-more more-link\" href=\"https:\/\/leguidedesmontres.com\/fr\/actualites\/vacheron-constantin-sinstalle-rue-de-la-paix\/\">En savoir plus<\/a>\t\t\t\t\t<\/div>\n\t\t\t\t\t\t\t<\/div>\n\n\t\t\t<\/div>\n\t<\/article>\n\t\t\t\t\t\t\t\t\t\t\t\n<article id=\"post-9399\" class=\"wd-post blog-design-meta-image blog-post-loop blog-style-bg wd-col post-9399 post type-post status-publish format-standard has-post-thumbnail hentry category-baume-et-mercier tag-au-fil-de-lactualite\">\n\t\t\t<div class=\"wd-post-inner\">\n\t\n\t<div class=\"wd-post-thumb color-scheme-light\">\n\t\t\t\t\t<div class=\"wd-post-img\">\n\t\t\t\t<img width=\"620\" height=\"852\" src=\"https:\/\/leguidedesmontres.com\/fr\/wp-content\/uploads\/2025\/06\/100_baume_et_mercier_clifton_10060_soldat_copie.jpg\" class=\"attachment-large size-large\" alt=\"\" decoding=\"async\" srcset=\"https:\/\/leguidedesmontres.com\/fr\/wp-content\/uploads\/2025\/06\/100_baume_et_mercier_clifton_10060_soldat_copie.jpg 620w, https:\/\/leguidedesmontres.com\/fr\/wp-content\/uploads\/2025\/06\/100_baume_et_mercier_clifton_10060_soldat_copie-218x300.jpg 218w, https:\/\/leguidedesmontres.com\/fr\/wp-content\/uploads\/2025\/06\/100_baume_et_mercier_clifton_10060_soldat_copie-150x206.jpg 150w\" sizes=\"(max-width: 620px) 100vw, 620px\" \/>\t\t\t<\/div>\n\t\t\n\t\t\t\t<a class=\"wd-post-link wd-fill\" href=\"https:\/\/leguidedesmontres.com\/fr\/actualites\/baume-mercier-clifton-retour-en-grace-de-la-petite-seconde\/\" rel=\"bookmark\" aria-label=\"Link on post Baume &amp; Mercier Clifton :  retour en gr\u00e2ce de la petite seconde\"><\/a>\n\n\t\t\n\t<\/div>\n\n\t<div class=\"wd-post-content\">\n\t\t<div class=\"wd-post-entry-meta\">\n\t\t\t\n\n\t\t\t\t\t\t\t<div class=\"wd-modified-date\">\n\t\t\t\t\t\t\t<time class=\"updated\" datetime=\"2012-11-30T21:19:23+02:00\">\n\t\t\t30\/11\/2012\t\t<\/time>\n\t\t\t\t\t\t<\/div>\n\n\t\t\t\t<div class=\"wd-meta-date\">\n\t\t\t\t\t30 Nov 2012\t\t\t\t<\/div>\n\t\t\t\t\t<\/div>\n\n\t\t\t\t\t<h3 class=\"wd-entities-title title post-title\">\n\t\t\t\t<a href=\"https:\/\/leguidedesmontres.com\/fr\/actualites\/baume-mercier-clifton-retour-en-grace-de-la-petite-seconde\/\" rel=\"bookmark\">\n\t\t\t\t\tBaume &amp; Mercier Clifton :  retour en gr\u00e2ce de la petite seconde\t\t\t\t<\/a>\n\t\t\t<\/h3>\n\t\t\n\t\t\t\t\t<div class=\"wd-post-desc\">\n\t\t\t\t\t\t\t\t\tBaume &amp; Mercier va pr\u00e9senter au SIHH deux nouvelles collections, dont l\u2019une des plus int\u00e9ressant...\t\t\t\t\t\t\t<\/div>\n\t\t\n\t\t\t\t\t\t\t\t\t\t<div class=\"wd-read-more\">\n\t\t\t\t\t\t<a class=\"btn-read-more more-link\" href=\"https:\/\/leguidedesmontres.com\/fr\/actualites\/baume-mercier-clifton-retour-en-grace-de-la-petite-seconde\/\">En savoir plus<\/a>\t\t\t\t\t<\/div>\n\t\t\t\t\t\t\t<\/div>\n\n\t\t\t<\/div>\n\t<\/article>\n\t\t\t\t\t\t\t\t\t\t\t\n<article id=\"post-9407\" class=\"wd-post blog-design-meta-image blog-post-loop blog-style-bg wd-col post-9407 post type-post status-publish format-standard has-post-thumbnail hentry category-jaeger-lecoultre tag-au-fil-de-lactualite\">\n\t\t\t<div class=\"wd-post-inner\">\n\t\n\t<div class=\"wd-post-thumb color-scheme-light\">\n\t\t\t\t\t<div class=\"wd-post-img\">\n\t\t\t\t<img width=\"470\" height=\"311\" src=\"https:\/\/leguidedesmontres.com\/fr\/wp-content\/uploads\/2025\/06\/96_6d833246_8261_4eb3_9731_b7acaf7b0ce2augure.jpg\" class=\"attachment-large size-large\" alt=\"\" decoding=\"async\" srcset=\"https:\/\/leguidedesmontres.com\/fr\/wp-content\/uploads\/2025\/06\/96_6d833246_8261_4eb3_9731_b7acaf7b0ce2augure.jpg 470w, https:\/\/leguidedesmontres.com\/fr\/wp-content\/uploads\/2025\/06\/96_6d833246_8261_4eb3_9731_b7acaf7b0ce2augure-300x199.jpg 300w, https:\/\/leguidedesmontres.com\/fr\/wp-content\/uploads\/2025\/06\/96_6d833246_8261_4eb3_9731_b7acaf7b0ce2augure-150x99.jpg 150w\" sizes=\"(max-width: 470px) 100vw, 470px\" \/>\t\t\t<\/div>\n\t\t\n\t\t\t\t<a class=\"wd-post-link wd-fill\" href=\"https:\/\/leguidedesmontres.com\/fr\/actualites\/jaeger-lecoultre-inaugure-sa-boutique-place-vendome\/\" rel=\"bookmark\" aria-label=\"Link on post Jaeger-LeCoultre inaugure sa boutique Place Vend\u00f4me\"><\/a>\n\n\t\t\n\t<\/div>\n\n\t<div class=\"wd-post-content\">\n\t\t<div class=\"wd-post-entry-meta\">\n\t\t\t\n\n\t\t\t\t\t\t\t<div class=\"wd-modified-date\">\n\t\t\t\t\t\t\t<time class=\"updated\" datetime=\"2012-11-21T19:59:18+02:00\">\n\t\t\t21\/11\/2012\t\t<\/time>\n\t\t\t\t\t\t<\/div>\n\n\t\t\t\t<div class=\"wd-meta-date\">\n\t\t\t\t\t21 Nov 2012\t\t\t\t<\/div>\n\t\t\t\t\t<\/div>\n\n\t\t\t\t\t<h3 class=\"wd-entities-title title post-title\">\n\t\t\t\t<a href=\"https:\/\/leguidedesmontres.com\/fr\/actualites\/jaeger-lecoultre-inaugure-sa-boutique-place-vendome\/\" rel=\"bookmark\">\n\t\t\t\t\tJaeger-LeCoultre inaugure sa boutique Place Vend\u00f4me\t\t\t\t<\/a>\n\t\t\t<\/h3>\n\t\t\n\t\t\t\t\t<div class=\"wd-post-desc\">\n\t\t\t\t\t\t\t\t\t20 novembre 2012, Paris \u2013 \u00c0 la veille de la c\u00e9l\u00e9bration du 180e anniversaire de sa Manufacture, Jaeg...\t\t\t\t\t\t\t<\/div>\n\t\t\n\t\t\t\t\t\t\t\t\t\t<div class=\"wd-read-more\">\n\t\t\t\t\t\t<a class=\"btn-read-more more-link\" href=\"https:\/\/leguidedesmontres.com\/fr\/actualites\/jaeger-lecoultre-inaugure-sa-boutique-place-vendome\/\">En savoir plus<\/a>\t\t\t\t\t<\/div>\n\t\t\t\t\t\t\t<\/div>\n\n\t\t\t<\/div>\n\t<\/article>\n\t\t\t\t\t\n\t\t\t\t\t","status":"have-posts","nextPage":"https:\/\/leguidedesmontres.com\/fr\/actualites\/tag\/au-fil-de-lactualite\/page\/15\/?woo_ajax=1","currentPage":"https:\/\/leguidedesmontres.com\/fr\/actualites\/tag\/au-fil-de-lactualite\/page\/14"}