
			
				

					
				

			
		{"items":"\n\t\t\t\t\t\t\t\t\t\t\t\n<article id=\"post-8822\" class=\"wd-post blog-design-meta-image blog-post-loop blog-style-bg wd-col post-8822 post type-post status-publish format-standard has-post-thumbnail hentry category-bell-ross category-breitling category-cartier category-jaeger-lecoultre category-omega category-piaget tag-au-fil-de-lactualite\">\n\t\t\t<div class=\"wd-post-inner\">\n\t\n\t<div class=\"wd-post-thumb color-scheme-light\">\n\t\t\t\t\t<div class=\"wd-post-img\">\n\t\t\t\t<img width=\"620\" height=\"495\" src=\"https:\/\/leguidedesmontres.com\/fr\/wp-content\/uploads\/2025\/06\/403_piaget_iphone.jpg\" class=\"attachment-large size-large\" alt=\"\" decoding=\"async\" srcset=\"https:\/\/leguidedesmontres.com\/fr\/wp-content\/uploads\/2025\/06\/403_piaget_iphone.jpg 620w, https:\/\/leguidedesmontres.com\/fr\/wp-content\/uploads\/2025\/06\/403_piaget_iphone-300x240.jpg 300w, https:\/\/leguidedesmontres.com\/fr\/wp-content\/uploads\/2025\/06\/403_piaget_iphone-150x120.jpg 150w\" sizes=\"(max-width: 620px) 100vw, 620px\" \/>\t\t\t<\/div>\n\t\t\n\t\t\t\t<a class=\"wd-post-link wd-fill\" href=\"https:\/\/leguidedesmontres.com\/fr\/actualites\/applications-horlogeres-les-meilleures-apps-et-les-pires\/\" rel=\"bookmark\" aria-label=\"Link on post Applications horlog\u00e8res : les meilleures apps&#8230;et les pires\"><\/a>\n\n\t\t\n\t<\/div>\n\n\t<div class=\"wd-post-content\">\n\t\t<div class=\"wd-post-entry-meta\">\n\t\t\t\n\n\t\t\t\t\t\t\t<div class=\"wd-modified-date\">\n\t\t\t\t\t\t\t<time class=\"updated\" datetime=\"2014-09-05T11:51:09+02:00\">\n\t\t\t05\/09\/2014\t\t<\/time>\n\t\t\t\t\t\t<\/div>\n\n\t\t\t\t<div class=\"wd-meta-date\">\n\t\t\t\t\t05 Sep 2014\t\t\t\t<\/div>\n\t\t\t\t\t<\/div>\n\n\t\t\t\t\t<h3 class=\"wd-entities-title title post-title\">\n\t\t\t\t<a href=\"https:\/\/leguidedesmontres.com\/fr\/actualites\/applications-horlogeres-les-meilleures-apps-et-les-pires\/\" rel=\"bookmark\">\n\t\t\t\t\tApplications horlog\u00e8res : les meilleures apps&#8230;et les pires\t\t\t\t<\/a>\n\t\t\t<\/h3>\n\t\t\n\t\t\t\t\t<div class=\"wd-post-desc\">\n\t\t\t\t\t\t\t\t\tL\u2019horlogerie connect\u00e9e, vous connaissez ? Ainsi se nomme l\u2019univers en forte expansion des applicatio...\t\t\t\t\t\t\t<\/div>\n\t\t\n\t\t\t\t\t\t\t\t\t\t<div class=\"wd-read-more\">\n\t\t\t\t\t\t<a class=\"btn-read-more more-link\" href=\"https:\/\/leguidedesmontres.com\/fr\/actualites\/applications-horlogeres-les-meilleures-apps-et-les-pires\/\">En savoir plus<\/a>\t\t\t\t\t<\/div>\n\t\t\t\t\t\t\t<\/div>\n\n\t\t\t<\/div>\n\t<\/article>\n\t\t\t\t\t\t\t\t\t\t\t\n<article id=\"post-8826\" class=\"wd-post blog-design-meta-image blog-post-loop blog-style-bg wd-col post-8826 post type-post status-publish format-standard has-post-thumbnail hentry category-tag-heuer tag-au-fil-de-lactualite\">\n\t\t\t<div class=\"wd-post-inner\">\n\t\n\t<div class=\"wd-post-thumb color-scheme-light\">\n\t\t\t\t\t<div class=\"wd-post-img\">\n\t\t\t\t<img width=\"620\" height=\"328\" src=\"https:\/\/leguidedesmontres.com\/fr\/wp-content\/uploads\/2025\/06\/401_tag_heuer_ch80_carrera.jpg\" class=\"attachment-large size-large\" alt=\"\" decoding=\"async\" srcset=\"https:\/\/leguidedesmontres.com\/fr\/wp-content\/uploads\/2025\/06\/401_tag_heuer_ch80_carrera.jpg 620w, https:\/\/leguidedesmontres.com\/fr\/wp-content\/uploads\/2025\/06\/401_tag_heuer_ch80_carrera-300x159.jpg 300w, https:\/\/leguidedesmontres.com\/fr\/wp-content\/uploads\/2025\/06\/401_tag_heuer_ch80_carrera-150x79.jpg 150w\" sizes=\"(max-width: 620px) 100vw, 620px\" \/>\t\t\t<\/div>\n\t\t\n\t\t\t\t<a class=\"wd-post-link wd-fill\" href=\"https:\/\/leguidedesmontres.com\/fr\/actualites\/tag-heuer-machine-arriere-sur-le-ch80\/\" rel=\"bookmark\" aria-label=\"Link on post TAG Heuer : machine arri\u00e8re sur le CH80\"><\/a>\n\n\t\t\n\t<\/div>\n\n\t<div class=\"wd-post-content\">\n\t\t<div class=\"wd-post-entry-meta\">\n\t\t\t\n\n\t\t\t\t\t\t\t<div class=\"wd-modified-date\">\n\t\t\t\t\t\t\t<time class=\"updated\" datetime=\"2014-09-01T19:16:52+02:00\">\n\t\t\t01\/09\/2014\t\t<\/time>\n\t\t\t\t\t\t<\/div>\n\n\t\t\t\t<div class=\"wd-meta-date\">\n\t\t\t\t\t01 Sep 2014\t\t\t\t<\/div>\n\t\t\t\t\t<\/div>\n\n\t\t\t\t\t<h3 class=\"wd-entities-title title post-title\">\n\t\t\t\t<a href=\"https:\/\/leguidedesmontres.com\/fr\/actualites\/tag-heuer-machine-arriere-sur-le-ch80\/\" rel=\"bookmark\">\n\t\t\t\t\tTAG Heuer : machine arri\u00e8re sur le CH80\t\t\t\t<\/a>\n\t\t\t<\/h3>\n\t\t\n\t\t\t\t\t<div class=\"wd-post-desc\">\n\t\t\t\t\t\t\t\t\tTAG Heuer vient d\u2019annoncer, sans (trop de) fard, le report de la mise en production de son tout nouv...\t\t\t\t\t\t\t<\/div>\n\t\t\n\t\t\t\t\t\t\t\t\t\t<div class=\"wd-read-more\">\n\t\t\t\t\t\t<a class=\"btn-read-more more-link\" href=\"https:\/\/leguidedesmontres.com\/fr\/actualites\/tag-heuer-machine-arriere-sur-le-ch80\/\">En savoir plus<\/a>\t\t\t\t\t<\/div>\n\t\t\t\t\t\t\t<\/div>\n\n\t\t\t<\/div>\n\t<\/article>\n\t\t\t\t\t\t\t\t\t\t\t\n<article id=\"post-8846\" class=\"wd-post blog-design-meta-image blog-post-loop blog-style-bg wd-col post-8846 post type-post status-publish format-standard has-post-thumbnail hentry category-ulysse-nardin tag-au-fil-de-lactualite\">\n\t\t\t<div class=\"wd-post-inner\">\n\t\n\t<div class=\"wd-post-thumb color-scheme-light\">\n\t\t\t\t\t<div class=\"wd-post-img\">\n\t\t\t\t<img width=\"620\" height=\"652\" src=\"https:\/\/leguidedesmontres.com\/fr\/wp-content\/uploads\/2025\/06\/391_ulysse_nardin_freak_phantom.jpg\" class=\"attachment-large size-large\" alt=\"\" decoding=\"async\" srcset=\"https:\/\/leguidedesmontres.com\/fr\/wp-content\/uploads\/2025\/06\/391_ulysse_nardin_freak_phantom.jpg 620w, https:\/\/leguidedesmontres.com\/fr\/wp-content\/uploads\/2025\/06\/391_ulysse_nardin_freak_phantom-285x300.jpg 285w, https:\/\/leguidedesmontres.com\/fr\/wp-content\/uploads\/2025\/06\/391_ulysse_nardin_freak_phantom-150x158.jpg 150w\" sizes=\"(max-width: 620px) 100vw, 620px\" \/>\t\t\t<\/div>\n\t\t\n\t\t\t\t<a class=\"wd-post-link wd-fill\" href=\"https:\/\/leguidedesmontres.com\/fr\/actualites\/ulysse-nardin-devient-francaise\/\" rel=\"bookmark\" aria-label=\"Link on post Ulysse Nardin devient fran\u00e7aise\"><\/a>\n\n\t\t\n\t<\/div>\n\n\t<div class=\"wd-post-content\">\n\t\t<div class=\"wd-post-entry-meta\">\n\t\t\t\n\n\t\t\t\t\t\t\t<div class=\"wd-modified-date\">\n\t\t\t\t\t\t\t<time class=\"updated\" datetime=\"2014-07-31T13:24:20+02:00\">\n\t\t\t31\/07\/2014\t\t<\/time>\n\t\t\t\t\t\t<\/div>\n\n\t\t\t\t<div class=\"wd-meta-date\">\n\t\t\t\t\t31 Juil 2014\t\t\t\t<\/div>\n\t\t\t\t\t<\/div>\n\n\t\t\t\t\t<h3 class=\"wd-entities-title title post-title\">\n\t\t\t\t<a href=\"https:\/\/leguidedesmontres.com\/fr\/actualites\/ulysse-nardin-devient-francaise\/\" rel=\"bookmark\">\n\t\t\t\t\tUlysse Nardin devient fran\u00e7aise\t\t\t\t<\/a>\n\t\t\t<\/h3>\n\t\t\n\t\t\t\t\t<div class=\"wd-post-desc\">\n\t\t\t\t\t\t\t\t\tL\u2019horlogerie hexagonale a peut-\u00eatre bien du mal \u00e0 se remettre en selle, mais le luxe \u00e0 la fran\u00e7aise,...\t\t\t\t\t\t\t<\/div>\n\t\t\n\t\t\t\t\t\t\t\t\t\t<div class=\"wd-read-more\">\n\t\t\t\t\t\t<a class=\"btn-read-more more-link\" href=\"https:\/\/leguidedesmontres.com\/fr\/actualites\/ulysse-nardin-devient-francaise\/\">En savoir plus<\/a>\t\t\t\t\t<\/div>\n\t\t\t\t\t\t\t<\/div>\n\n\t\t\t<\/div>\n\t<\/article>\n\t\t\t\t\t\t\t\t\t\t\t\n<article id=\"post-8850\" class=\"wd-post blog-design-meta-image blog-post-loop blog-style-bg wd-col post-8850 post type-post status-publish format-standard has-post-thumbnail hentry category-zenith tag-au-fil-de-lactualite\">\n\t\t\t<div class=\"wd-post-inner\">\n\t\n\t<div class=\"wd-post-thumb color-scheme-light\">\n\t\t\t\t\t<div class=\"wd-post-img\">\n\t\t\t\t<img width=\"620\" height=\"505\" src=\"https:\/\/leguidedesmontres.com\/fr\/wp-content\/uploads\/2025\/06\/389_aldo_magada_zenith.jpg\" class=\"attachment-large size-large\" alt=\"\" decoding=\"async\" srcset=\"https:\/\/leguidedesmontres.com\/fr\/wp-content\/uploads\/2025\/06\/389_aldo_magada_zenith.jpg 620w, https:\/\/leguidedesmontres.com\/fr\/wp-content\/uploads\/2025\/06\/389_aldo_magada_zenith-300x244.jpg 300w, https:\/\/leguidedesmontres.com\/fr\/wp-content\/uploads\/2025\/06\/389_aldo_magada_zenith-150x122.jpg 150w\" sizes=\"(max-width: 620px) 100vw, 620px\" \/>\t\t\t<\/div>\n\t\t\n\t\t\t\t<a class=\"wd-post-link wd-fill\" href=\"https:\/\/leguidedesmontres.com\/fr\/actualites\/zenith-le-pari-magada\/\" rel=\"bookmark\" aria-label=\"Link on post Zenith : le pari Magada\"><\/a>\n\n\t\t\n\t<\/div>\n\n\t<div class=\"wd-post-content\">\n\t\t<div class=\"wd-post-entry-meta\">\n\t\t\t\n\n\t\t\t\t\t\t\t<div class=\"wd-modified-date\">\n\t\t\t\t\t\t\t<time class=\"updated\" datetime=\"2014-07-23T14:28:35+02:00\">\n\t\t\t23\/07\/2014\t\t<\/time>\n\t\t\t\t\t\t<\/div>\n\n\t\t\t\t<div class=\"wd-meta-date\">\n\t\t\t\t\t23 Juil 2014\t\t\t\t<\/div>\n\t\t\t\t\t<\/div>\n\n\t\t\t\t\t<h3 class=\"wd-entities-title title post-title\">\n\t\t\t\t<a href=\"https:\/\/leguidedesmontres.com\/fr\/actualites\/zenith-le-pari-magada\/\" rel=\"bookmark\">\n\t\t\t\t\tZenith : le pari Magada\t\t\t\t<\/a>\n\t\t\t<\/h3>\n\t\t\n\t\t\t\t\t<div class=\"wd-post-desc\">\n\t\t\t\t\t\t\t\t\tCette fois, c\u2019est la bonne : le changement de CEO \u00e0 la t\u00eate de Zenith est effectif depuis ce 1er jui...\t\t\t\t\t\t\t<\/div>\n\t\t\n\t\t\t\t\t\t\t\t\t\t<div class=\"wd-read-more\">\n\t\t\t\t\t\t<a class=\"btn-read-more more-link\" href=\"https:\/\/leguidedesmontres.com\/fr\/actualites\/zenith-le-pari-magada\/\">En savoir plus<\/a>\t\t\t\t\t<\/div>\n\t\t\t\t\t\t\t<\/div>\n\n\t\t\t<\/div>\n\t<\/article>\n\t\t\t\t\t\t\t\t\t\t\t\n<article id=\"post-8866\" class=\"wd-post blog-design-meta-image blog-post-loop blog-style-bg wd-col post-8866 post type-post status-publish format-standard has-post-thumbnail hentry category-baume-et-mercier category-chaumet category-jaquet-droz tag-au-fil-de-lactualite\">\n\t\t\t<div class=\"wd-post-inner\">\n\t\n\t<div class=\"wd-post-thumb color-scheme-light\">\n\t\t\t\t\t<div class=\"wd-post-img\">\n\t\t\t\t<img width=\"620\" height=\"419\" src=\"https:\/\/leguidedesmontres.com\/fr\/wp-content\/uploads\/2025\/06\/381_montres_de_luxe_femme.jpg\" class=\"attachment-large size-large\" alt=\"\" decoding=\"async\" srcset=\"https:\/\/leguidedesmontres.com\/fr\/wp-content\/uploads\/2025\/06\/381_montres_de_luxe_femme.jpg 620w, https:\/\/leguidedesmontres.com\/fr\/wp-content\/uploads\/2025\/06\/381_montres_de_luxe_femme-300x203.jpg 300w, https:\/\/leguidedesmontres.com\/fr\/wp-content\/uploads\/2025\/06\/381_montres_de_luxe_femme-150x101.jpg 150w\" sizes=\"(max-width: 620px) 100vw, 620px\" \/>\t\t\t<\/div>\n\t\t\n\t\t\t\t<a class=\"wd-post-link wd-fill\" href=\"https:\/\/leguidedesmontres.com\/fr\/actualites\/montres-de-luxe-pour-femmes\/\" rel=\"bookmark\" aria-label=\"Link on post Montres de luxe pour femmes\"><\/a>\n\n\t\t\n\t<\/div>\n\n\t<div class=\"wd-post-content\">\n\t\t<div class=\"wd-post-entry-meta\">\n\t\t\t\n\n\t\t\t\t\t\t\t<div class=\"wd-modified-date\">\n\t\t\t\t\t\t\t<time class=\"updated\" datetime=\"2014-07-02T20:05:35+02:00\">\n\t\t\t02\/07\/2014\t\t<\/time>\n\t\t\t\t\t\t<\/div>\n\n\t\t\t\t<div class=\"wd-meta-date\">\n\t\t\t\t\t02 Juil 2014\t\t\t\t<\/div>\n\t\t\t\t\t<\/div>\n\n\t\t\t\t\t<h3 class=\"wd-entities-title title post-title\">\n\t\t\t\t<a href=\"https:\/\/leguidedesmontres.com\/fr\/actualites\/montres-de-luxe-pour-femmes\/\" rel=\"bookmark\">\n\t\t\t\t\tMontres de luxe pour femmes\t\t\t\t<\/a>\n\t\t\t<\/h3>\n\t\t\n\t\t\t\t\t<div class=\"wd-post-desc\">\n\t\t\t\t\t\t\t\t\tL\u2019horlogerie f\u00e9minine gagne du terrain. Pourquoi ? Deux raisons possibles : soit les femmes cultiven...\t\t\t\t\t\t\t<\/div>\n\t\t\n\t\t\t\t\t\t\t\t\t\t<div class=\"wd-read-more\">\n\t\t\t\t\t\t<a class=\"btn-read-more more-link\" href=\"https:\/\/leguidedesmontres.com\/fr\/actualites\/montres-de-luxe-pour-femmes\/\">En savoir plus<\/a>\t\t\t\t\t<\/div>\n\t\t\t\t\t\t\t<\/div>\n\n\t\t\t<\/div>\n\t<\/article>\n\t\t\t\t\t\t\t\t\t\t\t\n<article id=\"post-8878\" class=\"wd-post blog-design-meta-image blog-post-loop blog-style-bg wd-col post-8878 post type-post status-publish format-standard has-post-thumbnail hentry category-autre tag-au-fil-de-lactualite\">\n\t\t\t<div class=\"wd-post-inner\">\n\t\n\t<div class=\"wd-post-thumb color-scheme-light\">\n\t\t\t\t\t<div class=\"wd-post-img\">\n\t\t\t\t<img width=\"612\" height=\"859\" src=\"https:\/\/leguidedesmontres.com\/fr\/wp-content\/uploads\/2025\/06\/375_cvstos_advertising_gustave_eiffel.jpg\" class=\"attachment-large size-large\" alt=\"\" decoding=\"async\" srcset=\"https:\/\/leguidedesmontres.com\/fr\/wp-content\/uploads\/2025\/06\/375_cvstos_advertising_gustave_eiffel.jpg 612w, https:\/\/leguidedesmontres.com\/fr\/wp-content\/uploads\/2025\/06\/375_cvstos_advertising_gustave_eiffel-214x300.jpg 214w, https:\/\/leguidedesmontres.com\/fr\/wp-content\/uploads\/2025\/06\/375_cvstos_advertising_gustave_eiffel-150x211.jpg 150w\" sizes=\"(max-width: 612px) 100vw, 612px\" \/>\t\t\t<\/div>\n\t\t\n\t\t\t\t<a class=\"wd-post-link wd-fill\" href=\"https:\/\/leguidedesmontres.com\/fr\/actualites\/cvstos-sempare-de-la-tour-eiffel\/\" rel=\"bookmark\" aria-label=\"Link on post Cvstos s\u2019empare de la Tour Eiffel\"><\/a>\n\n\t\t\n\t<\/div>\n\n\t<div class=\"wd-post-content\">\n\t\t<div class=\"wd-post-entry-meta\">\n\t\t\t\n\n\t\t\t\t\t\t\t<div class=\"wd-modified-date\">\n\t\t\t\t\t\t\t<time class=\"updated\" datetime=\"2014-06-17T20:54:26+02:00\">\n\t\t\t17\/06\/2014\t\t<\/time>\n\t\t\t\t\t\t<\/div>\n\n\t\t\t\t<div class=\"wd-meta-date\">\n\t\t\t\t\t17 Juin 2014\t\t\t\t<\/div>\n\t\t\t\t\t<\/div>\n\n\t\t\t\t\t<h3 class=\"wd-entities-title title post-title\">\n\t\t\t\t<a href=\"https:\/\/leguidedesmontres.com\/fr\/actualites\/cvstos-sempare-de-la-tour-eiffel\/\" rel=\"bookmark\">\n\t\t\t\t\tCvstos s\u2019empare de la Tour Eiffel\t\t\t\t<\/a>\n\t\t\t<\/h3>\n\t\t\n\t\t\t\t\t<div class=\"wd-post-desc\">\n\t\t\t\t\t\t\t\t\tLa vielle dame, la Tour Eiffel, a 125 ans. Cvstos, m\u00eame pas 10 ans. Philippe Couperie Eiffel, descen...\t\t\t\t\t\t\t<\/div>\n\t\t\n\t\t\t\t\t\t\t\t\t\t<div class=\"wd-read-more\">\n\t\t\t\t\t\t<a class=\"btn-read-more more-link\" href=\"https:\/\/leguidedesmontres.com\/fr\/actualites\/cvstos-sempare-de-la-tour-eiffel\/\">En savoir plus<\/a>\t\t\t\t\t<\/div>\n\t\t\t\t\t\t\t<\/div>\n\n\t\t\t<\/div>\n\t<\/article>\n\t\t\t\t\t\t\t\t\t\t\t\n<article id=\"post-8886\" class=\"wd-post blog-design-meta-image blog-post-loop blog-style-bg wd-col post-8886 post type-post status-publish format-standard has-post-thumbnail hentry category-breitling tag-au-fil-de-lactualite\">\n\t\t\t<div class=\"wd-post-inner\">\n\t\n\t<div class=\"wd-post-thumb color-scheme-light\">\n\t\t\t\t\t<div class=\"wd-post-img\">\n\t\t\t\t<img width=\"620\" height=\"465\" src=\"https:\/\/leguidedesmontres.com\/fr\/wp-content\/uploads\/2025\/06\/371_breitling_navitimer.jpg\" class=\"attachment-large size-large\" alt=\"\" decoding=\"async\" srcset=\"https:\/\/leguidedesmontres.com\/fr\/wp-content\/uploads\/2025\/06\/371_breitling_navitimer.jpg 620w, https:\/\/leguidedesmontres.com\/fr\/wp-content\/uploads\/2025\/06\/371_breitling_navitimer-300x225.jpg 300w, https:\/\/leguidedesmontres.com\/fr\/wp-content\/uploads\/2025\/06\/371_breitling_navitimer-150x113.jpg 150w\" sizes=\"(max-width: 620px) 100vw, 620px\" \/>\t\t\t<\/div>\n\t\t\n\t\t\t\t<a class=\"wd-post-link wd-fill\" href=\"https:\/\/leguidedesmontres.com\/fr\/actualites\/breitling-recherche-ame-desesperement\/\" rel=\"bookmark\" aria-label=\"Link on post Breitling : recherche \u00e2me d\u00e9sesp\u00e9r\u00e9ment\"><\/a>\n\n\t\t\n\t<\/div>\n\n\t<div class=\"wd-post-content\">\n\t\t<div class=\"wd-post-entry-meta\">\n\t\t\t\n\n\t\t\t\t\t\t\t<div class=\"wd-modified-date\">\n\t\t\t\t\t\t\t<time class=\"updated\" datetime=\"2014-06-11T17:32:23+02:00\">\n\t\t\t11\/06\/2014\t\t<\/time>\n\t\t\t\t\t\t<\/div>\n\n\t\t\t\t<div class=\"wd-meta-date\">\n\t\t\t\t\t11 Juin 2014\t\t\t\t<\/div>\n\t\t\t\t\t<\/div>\n\n\t\t\t\t\t<h3 class=\"wd-entities-title title post-title\">\n\t\t\t\t<a href=\"https:\/\/leguidedesmontres.com\/fr\/actualites\/breitling-recherche-ame-desesperement\/\" rel=\"bookmark\">\n\t\t\t\t\tBreitling : recherche \u00e2me d\u00e9sesp\u00e9r\u00e9ment\t\t\t\t<\/a>\n\t\t\t<\/h3>\n\t\t\n\t\t\t\t\t<div class=\"wd-post-desc\">\n\t\t\t\t\t\t\t\t\tBreitling sort une nouvelle version de sa l\u00e9gendaire Navitimer. L\u2019occasion de revenir sur les dernie...\t\t\t\t\t\t\t<\/div>\n\t\t\n\t\t\t\t\t\t\t\t\t\t<div class=\"wd-read-more\">\n\t\t\t\t\t\t<a class=\"btn-read-more more-link\" href=\"https:\/\/leguidedesmontres.com\/fr\/actualites\/breitling-recherche-ame-desesperement\/\">En savoir plus<\/a>\t\t\t\t\t<\/div>\n\t\t\t\t\t\t\t<\/div>\n\n\t\t\t<\/div>\n\t<\/article>\n\t\t\t\t\t\t\t\t\t\t\t\n<article id=\"post-8898\" class=\"wd-post blog-design-meta-image blog-post-loop blog-style-bg wd-col post-8898 post type-post status-publish format-standard has-post-thumbnail hentry category-corum tag-au-fil-de-lactualite\">\n\t\t\t<div class=\"wd-post-inner\">\n\t\n\t<div class=\"wd-post-thumb color-scheme-light\">\n\t\t\t\t\t<div class=\"wd-post-img\">\n\t\t\t\t<img width=\"620\" height=\"582\" src=\"https:\/\/leguidedesmontres.com\/fr\/wp-content\/uploads\/2025\/06\/364_corum_feather.jpg\" class=\"attachment-large size-large\" alt=\"\" decoding=\"async\" srcset=\"https:\/\/leguidedesmontres.com\/fr\/wp-content\/uploads\/2025\/06\/364_corum_feather.jpg 620w, https:\/\/leguidedesmontres.com\/fr\/wp-content\/uploads\/2025\/06\/364_corum_feather-300x282.jpg 300w, https:\/\/leguidedesmontres.com\/fr\/wp-content\/uploads\/2025\/06\/364_corum_feather-150x141.jpg 150w\" sizes=\"(max-width: 620px) 100vw, 620px\" \/>\t\t\t<\/div>\n\t\t\n\t\t\t\t<a class=\"wd-post-link wd-fill\" href=\"https:\/\/leguidedesmontres.com\/fr\/actualites\/corum-fait-renaitre-ses-classiques\/\" rel=\"bookmark\" aria-label=\"Link on post Corum fait rena\u00eetre ses classiques\"><\/a>\n\n\t\t\n\t<\/div>\n\n\t<div class=\"wd-post-content\">\n\t\t<div class=\"wd-post-entry-meta\">\n\t\t\t\n\n\t\t\t\t\t\t\t<div class=\"wd-modified-date\">\n\t\t\t\t\t\t\t<time class=\"updated\" datetime=\"2014-05-21T19:06:48+02:00\">\n\t\t\t21\/05\/2014\t\t<\/time>\n\t\t\t\t\t\t<\/div>\n\n\t\t\t\t<div class=\"wd-meta-date\">\n\t\t\t\t\t21 Mai 2014\t\t\t\t<\/div>\n\t\t\t\t\t<\/div>\n\n\t\t\t\t\t<h3 class=\"wd-entities-title title post-title\">\n\t\t\t\t<a href=\"https:\/\/leguidedesmontres.com\/fr\/actualites\/corum-fait-renaitre-ses-classiques\/\" rel=\"bookmark\">\n\t\t\t\t\tCorum fait rena\u00eetre ses classiques\t\t\t\t<\/a>\n\t\t\t<\/h3>\n\t\t\n\t\t\t\t\t<div class=\"wd-post-desc\">\n\t\t\t\t\t\t\t\t\tCorum a abord\u00e9 cette \u00e9dition 2014 de Baselworld avec une nouveaut\u00e9 sur chacun de ses principaux segm...\t\t\t\t\t\t\t<\/div>\n\t\t\n\t\t\t\t\t\t\t\t\t\t<div class=\"wd-read-more\">\n\t\t\t\t\t\t<a class=\"btn-read-more more-link\" href=\"https:\/\/leguidedesmontres.com\/fr\/actualites\/corum-fait-renaitre-ses-classiques\/\">En savoir plus<\/a>\t\t\t\t\t<\/div>\n\t\t\t\t\t\t\t<\/div>\n\n\t\t\t<\/div>\n\t<\/article>\n\t\t\t\t\t\t\t\t\t\t\t\n<article id=\"post-8906\" class=\"wd-post blog-design-meta-image blog-post-loop blog-style-bg wd-col post-8906 post type-post status-publish format-standard has-post-thumbnail hentry category-audemars-piguet category-hublot tag-au-fil-de-lactualite\">\n\t\t\t<div class=\"wd-post-inner\">\n\t\n\t<div class=\"wd-post-thumb color-scheme-light\">\n\t\t\t\t\t<div class=\"wd-post-img\">\n\t\t\t\t<img width=\"620\" height=\"620\" src=\"https:\/\/leguidedesmontres.com\/fr\/wp-content\/uploads\/2025\/06\/360_messi_audemars_piguet.jpg\" class=\"attachment-large size-large\" alt=\"\" decoding=\"async\" srcset=\"https:\/\/leguidedesmontres.com\/fr\/wp-content\/uploads\/2025\/06\/360_messi_audemars_piguet.jpg 620w, https:\/\/leguidedesmontres.com\/fr\/wp-content\/uploads\/2025\/06\/360_messi_audemars_piguet-300x300.jpg 300w, https:\/\/leguidedesmontres.com\/fr\/wp-content\/uploads\/2025\/06\/360_messi_audemars_piguet-150x150.jpg 150w, https:\/\/leguidedesmontres.com\/fr\/wp-content\/uploads\/2025\/06\/360_messi_audemars_piguet-600x600.jpg 600w\" sizes=\"(max-width: 620px) 100vw, 620px\" \/>\t\t\t<\/div>\n\t\t\n\t\t\t\t<a class=\"wd-post-link wd-fill\" href=\"https:\/\/leguidedesmontres.com\/fr\/actualites\/lenvahissante-fievre-du-ballon-rond\/\" rel=\"bookmark\" aria-label=\"Link on post L\u2019envahissante fi\u00e8vre du ballon rond\"><\/a>\n\n\t\t\n\t<\/div>\n\n\t<div class=\"wd-post-content\">\n\t\t<div class=\"wd-post-entry-meta\">\n\t\t\t\n\n\t\t\t\t\t\t\t<div class=\"wd-modified-date\">\n\t\t\t\t\t\t\t<time class=\"updated\" datetime=\"2014-05-13T20:20:54+02:00\">\n\t\t\t13\/05\/2014\t\t<\/time>\n\t\t\t\t\t\t<\/div>\n\n\t\t\t\t<div class=\"wd-meta-date\">\n\t\t\t\t\t13 Mai 2014\t\t\t\t<\/div>\n\t\t\t\t\t<\/div>\n\n\t\t\t\t\t<h3 class=\"wd-entities-title title post-title\">\n\t\t\t\t<a href=\"https:\/\/leguidedesmontres.com\/fr\/actualites\/lenvahissante-fievre-du-ballon-rond\/\" rel=\"bookmark\">\n\t\t\t\t\tL\u2019envahissante fi\u00e8vre du ballon rond\t\t\t\t<\/a>\n\t\t\t<\/h3>\n\t\t\n\t\t\t\t\t<div class=\"wd-post-desc\">\n\t\t\t\t\t\t\t\t\tS\u2019il y avait encore quelques rares amateurs d\u2019horlogerie ayant un int\u00e9r\u00eat pour le football, le voici...\t\t\t\t\t\t\t<\/div>\n\t\t\n\t\t\t\t\t\t\t\t\t\t<div class=\"wd-read-more\">\n\t\t\t\t\t\t<a class=\"btn-read-more more-link\" href=\"https:\/\/leguidedesmontres.com\/fr\/actualites\/lenvahissante-fievre-du-ballon-rond\/\">En savoir plus<\/a>\t\t\t\t\t<\/div>\n\t\t\t\t\t\t\t<\/div>\n\n\t\t\t<\/div>\n\t<\/article>\n\t\t\t\t\t\t\t\t\t\t\t\n<article id=\"post-8908\" class=\"wd-post blog-design-meta-image blog-post-loop blog-style-bg wd-col post-8908 post type-post status-publish format-standard has-post-thumbnail hentry category-autre tag-au-fil-de-lactualite\">\n\t\t\t<div class=\"wd-post-inner\">\n\t\n\t<div class=\"wd-post-thumb color-scheme-light\">\n\t\t\t\t\t<div class=\"wd-post-img\">\n\t\t\t\t<img width=\"620\" height=\"496\" src=\"https:\/\/leguidedesmontres.com\/fr\/wp-content\/uploads\/2025\/06\/359_perrelet_turbine_diver_yacht.jpg\" class=\"attachment-large size-large\" alt=\"\" decoding=\"async\" srcset=\"https:\/\/leguidedesmontres.com\/fr\/wp-content\/uploads\/2025\/06\/359_perrelet_turbine_diver_yacht.jpg 620w, https:\/\/leguidedesmontres.com\/fr\/wp-content\/uploads\/2025\/06\/359_perrelet_turbine_diver_yacht-300x240.jpg 300w, https:\/\/leguidedesmontres.com\/fr\/wp-content\/uploads\/2025\/06\/359_perrelet_turbine_diver_yacht-150x120.jpg 150w\" sizes=\"(max-width: 620px) 100vw, 620px\" \/>\t\t\t<\/div>\n\t\t\n\t\t\t\t<a class=\"wd-post-link wd-fill\" href=\"https:\/\/leguidedesmontres.com\/fr\/actualites\/perrelet-toute-turbine-dehors\/\" rel=\"bookmark\" aria-label=\"Link on post Perrelet, toute turbine dehors\"><\/a>\n\n\t\t\n\t<\/div>\n\n\t<div class=\"wd-post-content\">\n\t\t<div class=\"wd-post-entry-meta\">\n\t\t\t\n\n\t\t\t\t\t\t\t<div class=\"wd-modified-date\">\n\t\t\t\t\t\t\t<time class=\"updated\" datetime=\"2014-05-12T20:34:35+02:00\">\n\t\t\t12\/05\/2014\t\t<\/time>\n\t\t\t\t\t\t<\/div>\n\n\t\t\t\t<div class=\"wd-meta-date\">\n\t\t\t\t\t12 Mai 2014\t\t\t\t<\/div>\n\t\t\t\t\t<\/div>\n\n\t\t\t\t\t<h3 class=\"wd-entities-title title post-title\">\n\t\t\t\t<a href=\"https:\/\/leguidedesmontres.com\/fr\/actualites\/perrelet-toute-turbine-dehors\/\" rel=\"bookmark\">\n\t\t\t\t\tPerrelet, toute turbine dehors\t\t\t\t<\/a>\n\t\t\t<\/h3>\n\t\t\n\t\t\t\t\t<div class=\"wd-post-desc\">\n\t\t\t\t\t\t\t\t\tP\u00e9riode d\u00e9licate pour Perrelet : celle o\u00f9 la marque, qui a presque tout mis\u00e9 sur son principe de Tur...\t\t\t\t\t\t\t<\/div>\n\t\t\n\t\t\t\t\t\t\t\t\t\t<div class=\"wd-read-more\">\n\t\t\t\t\t\t<a class=\"btn-read-more more-link\" href=\"https:\/\/leguidedesmontres.com\/fr\/actualites\/perrelet-toute-turbine-dehors\/\">En savoir plus<\/a>\t\t\t\t\t<\/div>\n\t\t\t\t\t\t\t<\/div>\n\n\t\t\t<\/div>\n\t<\/article>\n\t\t\t\t\t\n\t\t\t\t\t","status":"have-posts","nextPage":"https:\/\/leguidedesmontres.com\/fr\/actualites\/tag\/au-fil-de-lactualite\/page\/8\/?woo_ajax=1","currentPage":"https:\/\/leguidedesmontres.com\/fr\/actualites\/tag\/au-fil-de-lactualite\/page\/7"}