
			
				

					
				

			
		{"items":"\n\t\t\t\t\t\t\t\t\t\t\t\n<article id=\"post-9479\" class=\"wd-post blog-design-meta-image blog-post-loop blog-style-bg wd-col post-9479 post type-post status-publish format-standard has-post-thumbnail hentry category-jaeger-lecoultre tag-clin-doeil\">\n\t\t\t<div class=\"wd-post-inner\">\n\t\n\t<div class=\"wd-post-thumb color-scheme-light\">\n\t\t\t\t\t<div class=\"wd-post-img\">\n\t\t\t\t<img width=\"620\" height=\"646\" src=\"https:\/\/leguidedesmontres.com\/fr\/wp-content\/uploads\/2025\/06\/58_resizemiel.jpg\" class=\"attachment-large size-large\" alt=\"\" decoding=\"async\" srcset=\"https:\/\/leguidedesmontres.com\/fr\/wp-content\/uploads\/2025\/06\/58_resizemiel.jpg 620w, https:\/\/leguidedesmontres.com\/fr\/wp-content\/uploads\/2025\/06\/58_resizemiel-288x300.jpg 288w, https:\/\/leguidedesmontres.com\/fr\/wp-content\/uploads\/2025\/06\/58_resizemiel-150x156.jpg 150w\" sizes=\"(max-width: 620px) 100vw, 620px\" \/>\t\t\t<\/div>\n\t\t\n\t\t\t\t<a class=\"wd-post-link wd-fill\" href=\"https:\/\/leguidedesmontres.com\/fr\/actualites\/jaeger-lecoultre-devient-producteur-demiel\/\" rel=\"bookmark\" aria-label=\"Link on post Jaeger-LeCoultre devient  producteur de\u2026miel\"><\/a>\n\n\t\t\n\t<\/div>\n\n\t<div class=\"wd-post-content\">\n\t\t<div class=\"wd-post-entry-meta\">\n\t\t\t\n\n\t\t\t\t\t\t\t<div class=\"wd-modified-date\">\n\t\t\t\t\t\t\t<time class=\"updated\" datetime=\"2012-09-19T11:47:56+02:00\">\n\t\t\t19\/09\/2012\t\t<\/time>\n\t\t\t\t\t\t<\/div>\n\n\t\t\t\t<div class=\"wd-meta-date\">\n\t\t\t\t\t19 Sep 2012\t\t\t\t<\/div>\n\t\t\t\t\t<\/div>\n\n\t\t\t\t\t<h3 class=\"wd-entities-title title post-title\">\n\t\t\t\t<a href=\"https:\/\/leguidedesmontres.com\/fr\/actualites\/jaeger-lecoultre-devient-producteur-demiel\/\" rel=\"bookmark\">\n\t\t\t\t\tJaeger-LeCoultre devient  producteur de\u2026miel\t\t\t\t<\/a>\n\t\t\t<\/h3>\n\t\t\n\t\t\t\t\t<div class=\"wd-post-desc\">\n\t\t\t\t\t\t\t\t\tL\u2019info a le m\u00e9rite de l\u2019originalit\u00e9 : apr\u00e8s Jean-Claude Biver qui terminait syst\u00e9matiquement ses con...\t\t\t\t\t\t\t<\/div>\n\t\t\n\t\t\t\t\t\t\t\t\t\t<div class=\"wd-read-more\">\n\t\t\t\t\t\t<a class=\"btn-read-more more-link\" href=\"https:\/\/leguidedesmontres.com\/fr\/actualites\/jaeger-lecoultre-devient-producteur-demiel\/\">En savoir plus<\/a>\t\t\t\t\t<\/div>\n\t\t\t\t\t\t\t<\/div>\n\n\t\t\t<\/div>\n\t<\/article>\n\t\t\t\t\t\n\t\t\t\t\t","status":"no-more-posts","nextPage":"?woo_ajax=1","currentPage":"https:\/\/leguidedesmontres.com\/fr\/actualites\/tag\/clin-doeil\/page\/2"}