
			
				

					
				

			
		{"items":"\n\t\t\t\t\t\t\t\t\t\t\t\n<article id=\"post-9139\" class=\"wd-post blog-design-meta-image blog-post-loop blog-style-bg wd-col post-9139 post type-post status-publish format-standard has-post-thumbnail hentry category-jaquet-droz tag-coup-de-coeur\">\n\t\t\t<div class=\"wd-post-inner\">\n\t\n\t<div class=\"wd-post-thumb color-scheme-light\">\n\t\t\t\t\t<div class=\"wd-post-img\">\n\t\t\t\t<img width=\"620\" height=\"584\" src=\"https:\/\/leguidedesmontres.com\/fr\/wp-content\/uploads\/2025\/06\/239_jaquet_droz_j005023270_petite_heure_minute_relief_seasons.jpg\" class=\"attachment-large size-large\" alt=\"\" decoding=\"async\" srcset=\"https:\/\/leguidedesmontres.com\/fr\/wp-content\/uploads\/2025\/06\/239_jaquet_droz_j005023270_petite_heure_minute_relief_seasons.jpg 620w, https:\/\/leguidedesmontres.com\/fr\/wp-content\/uploads\/2025\/06\/239_jaquet_droz_j005023270_petite_heure_minute_relief_seasons-300x283.jpg 300w, https:\/\/leguidedesmontres.com\/fr\/wp-content\/uploads\/2025\/06\/239_jaquet_droz_j005023270_petite_heure_minute_relief_seasons-150x141.jpg 150w\" sizes=\"(max-width: 620px) 100vw, 620px\" \/>\t\t\t<\/div>\n\t\t\n\t\t\t\t<a class=\"wd-post-link wd-fill\" href=\"https:\/\/leguidedesmontres.com\/fr\/actualites\/duo-de-charme-chez-jaquet-droz\/\" rel=\"bookmark\" aria-label=\"Link on post Duo de charme chez Jaquet Droz\"><\/a>\n\n\t\t\n\t<\/div>\n\n\t<div class=\"wd-post-content\">\n\t\t<div class=\"wd-post-entry-meta\">\n\t\t\t\n\n\t\t\t\t\t\t\t<div class=\"wd-modified-date\">\n\t\t\t\t\t\t\t<time class=\"updated\" datetime=\"2013-09-25T20:29:48+02:00\">\n\t\t\t25\/09\/2013\t\t<\/time>\n\t\t\t\t\t\t<\/div>\n\n\t\t\t\t<div class=\"wd-meta-date\">\n\t\t\t\t\t25 Sep 2013\t\t\t\t<\/div>\n\t\t\t\t\t<\/div>\n\n\t\t\t\t\t<h3 class=\"wd-entities-title title post-title\">\n\t\t\t\t<a href=\"https:\/\/leguidedesmontres.com\/fr\/actualites\/duo-de-charme-chez-jaquet-droz\/\" rel=\"bookmark\">\n\t\t\t\t\tDuo de charme chez Jaquet Droz\t\t\t\t<\/a>\n\t\t\t<\/h3>\n\t\t\n\t\t\t\t\t<div class=\"wd-post-desc\">\n\t\t\t\t\t\t\t\t\tDepuis ses pendules et automates de la fin du XVIII\u00e8me, les oiseaux ont \u00e9t\u00e9 une source d\u2019inspiration...\t\t\t\t\t\t\t<\/div>\n\t\t\n\t\t\t\t\t\t\t\t\t\t<div class=\"wd-read-more\">\n\t\t\t\t\t\t<a class=\"btn-read-more more-link\" href=\"https:\/\/leguidedesmontres.com\/fr\/actualites\/duo-de-charme-chez-jaquet-droz\/\">En savoir plus<\/a>\t\t\t\t\t<\/div>\n\t\t\t\t\t\t\t<\/div>\n\n\t\t\t<\/div>\n\t<\/article>\n\t\t\t\t\t\t\t\t\t\t\t\n<article id=\"post-9143\" class=\"wd-post blog-design-meta-image blog-post-loop blog-style-bg wd-col post-9143 post type-post status-publish format-standard has-post-thumbnail hentry category-omega tag-coup-de-coeur\">\n\t\t\t<div class=\"wd-post-inner\">\n\t\n\t<div class=\"wd-post-thumb color-scheme-light\">\n\t\t\t\t\t<div class=\"wd-post-img\">\n\t\t\t\t<img width=\"620\" height=\"489\" src=\"https:\/\/leguidedesmontres.com\/fr\/wp-content\/uploads\/2025\/06\/237_omega_planet_ocean_goodplanet.jpg\" class=\"attachment-large size-large\" alt=\"\" decoding=\"async\" srcset=\"https:\/\/leguidedesmontres.com\/fr\/wp-content\/uploads\/2025\/06\/237_omega_planet_ocean_goodplanet.jpg 620w, https:\/\/leguidedesmontres.com\/fr\/wp-content\/uploads\/2025\/06\/237_omega_planet_ocean_goodplanet-300x237.jpg 300w, https:\/\/leguidedesmontres.com\/fr\/wp-content\/uploads\/2025\/06\/237_omega_planet_ocean_goodplanet-150x118.jpg 150w\" sizes=\"(max-width: 620px) 100vw, 620px\" \/>\t\t\t<\/div>\n\t\t\n\t\t\t\t<a class=\"wd-post-link wd-fill\" href=\"https:\/\/leguidedesmontres.com\/fr\/actualites\/nouvelle-omega-seamaster-planet-ocean-goodplanet\/\" rel=\"bookmark\" aria-label=\"Link on post Nouvelle Omega Seamaster Planet Ocean \u00ab\u00a0GoodPlanet\u00a0\u00bb\"><\/a>\n\n\t\t\n\t<\/div>\n\n\t<div class=\"wd-post-content\">\n\t\t<div class=\"wd-post-entry-meta\">\n\t\t\t\n\n\t\t\t\t\t\t\t<div class=\"wd-modified-date\">\n\t\t\t\t\t\t\t<time class=\"updated\" datetime=\"2013-09-24T13:14:31+02:00\">\n\t\t\t24\/09\/2013\t\t<\/time>\n\t\t\t\t\t\t<\/div>\n\n\t\t\t\t<div class=\"wd-meta-date\">\n\t\t\t\t\t24 Sep 2013\t\t\t\t<\/div>\n\t\t\t\t\t<\/div>\n\n\t\t\t\t\t<h3 class=\"wd-entities-title title post-title\">\n\t\t\t\t<a href=\"https:\/\/leguidedesmontres.com\/fr\/actualites\/nouvelle-omega-seamaster-planet-ocean-goodplanet\/\" rel=\"bookmark\">\n\t\t\t\t\tNouvelle Omega Seamaster Planet Ocean \u00ab\u00a0GoodPlanet\u00a0\u00bb\t\t\t\t<\/a>\n\t\t\t<\/h3>\n\t\t\n\t\t\t\t\t<div class=\"wd-post-desc\">\n\t\t\t\t\t\t\t\t\tEn 2011, Omega annon\u00e7ait son soutien \u00e0 la fondation de Yann Arthus-Bertrand. Aujourd'hui, une Seamas...\t\t\t\t\t\t\t<\/div>\n\t\t\n\t\t\t\t\t\t\t\t\t\t<div class=\"wd-read-more\">\n\t\t\t\t\t\t<a class=\"btn-read-more more-link\" href=\"https:\/\/leguidedesmontres.com\/fr\/actualites\/nouvelle-omega-seamaster-planet-ocean-goodplanet\/\">En savoir plus<\/a>\t\t\t\t\t<\/div>\n\t\t\t\t\t\t\t<\/div>\n\n\t\t\t<\/div>\n\t<\/article>\n\t\t\t\t\t\t\t\t\t\t\t\n<article id=\"post-9151\" class=\"wd-post blog-design-meta-image blog-post-loop blog-style-bg wd-col post-9151 post type-post status-publish format-standard has-post-thumbnail hentry category-pequignet tag-coup-de-coeur\">\n\t\t\t<div class=\"wd-post-inner\">\n\t\n\t<div class=\"wd-post-thumb color-scheme-light\">\n\t\t\t\t\t<div class=\"wd-post-img\">\n\t\t\t\t<img width=\"620\" height=\"755\" src=\"https:\/\/leguidedesmontres.com\/fr\/wp-content\/uploads\/2025\/06\/233_pequignet_royal_titane_anthracite_9032733_30.jpg\" class=\"attachment-large size-large\" alt=\"\" decoding=\"async\" srcset=\"https:\/\/leguidedesmontres.com\/fr\/wp-content\/uploads\/2025\/06\/233_pequignet_royal_titane_anthracite_9032733_30.jpg 620w, https:\/\/leguidedesmontres.com\/fr\/wp-content\/uploads\/2025\/06\/233_pequignet_royal_titane_anthracite_9032733_30-246x300.jpg 246w, https:\/\/leguidedesmontres.com\/fr\/wp-content\/uploads\/2025\/06\/233_pequignet_royal_titane_anthracite_9032733_30-150x183.jpg 150w\" sizes=\"(max-width: 620px) 100vw, 620px\" \/>\t\t\t<\/div>\n\t\t\n\t\t\t\t<a class=\"wd-post-link wd-fill\" href=\"https:\/\/leguidedesmontres.com\/fr\/actualites\/pequignet-senvole\/\" rel=\"bookmark\" aria-label=\"Link on post Pequignet s&rsquo;envole\"><\/a>\n\n\t\t\n\t<\/div>\n\n\t<div class=\"wd-post-content\">\n\t\t<div class=\"wd-post-entry-meta\">\n\t\t\t\n\n\t\t\t\t\t\t\t<div class=\"wd-modified-date\">\n\t\t\t\t\t\t\t<time class=\"updated\" datetime=\"2013-09-18T19:42:25+02:00\">\n\t\t\t18\/09\/2013\t\t<\/time>\n\t\t\t\t\t\t<\/div>\n\n\t\t\t\t<div class=\"wd-meta-date\">\n\t\t\t\t\t18 Sep 2013\t\t\t\t<\/div>\n\t\t\t\t\t<\/div>\n\n\t\t\t\t\t<h3 class=\"wd-entities-title title post-title\">\n\t\t\t\t<a href=\"https:\/\/leguidedesmontres.com\/fr\/actualites\/pequignet-senvole\/\" rel=\"bookmark\">\n\t\t\t\t\tPequignet s&rsquo;envole\t\t\t\t<\/a>\n\t\t\t<\/h3>\n\t\t\n\t\t\t\t\t<div class=\"wd-post-desc\">\n\t\t\t\t\t\t\t\t\tPequignet, la manufacture fran\u00e7aise, acc\u00e9l\u00e8re le rythme de ses sorties. A l'oppos\u00e9 de la strat\u00e9gie i...\t\t\t\t\t\t\t<\/div>\n\t\t\n\t\t\t\t\t\t\t\t\t\t<div class=\"wd-read-more\">\n\t\t\t\t\t\t<a class=\"btn-read-more more-link\" href=\"https:\/\/leguidedesmontres.com\/fr\/actualites\/pequignet-senvole\/\">En savoir plus<\/a>\t\t\t\t\t<\/div>\n\t\t\t\t\t\t\t<\/div>\n\n\t\t\t<\/div>\n\t<\/article>\n\t\t\t\t\t\t\t\t\t\t\t\n<article id=\"post-9165\" class=\"wd-post blog-design-meta-image blog-post-loop blog-style-bg wd-col post-9165 post type-post status-publish format-standard has-post-thumbnail hentry category-autre tag-coup-de-coeur\">\n\t\t\t<div class=\"wd-post-inner\">\n\t\n\t<div class=\"wd-post-thumb color-scheme-light\">\n\t\t\t\t\t<div class=\"wd-post-img\">\n\t\t\t\t<img width=\"620\" height=\"701\" src=\"https:\/\/leguidedesmontres.com\/fr\/wp-content\/uploads\/2025\/06\/226_mbf_legacy_machine_2_lm2.jpg\" class=\"attachment-large size-large\" alt=\"\" decoding=\"async\" srcset=\"https:\/\/leguidedesmontres.com\/fr\/wp-content\/uploads\/2025\/06\/226_mbf_legacy_machine_2_lm2.jpg 620w, https:\/\/leguidedesmontres.com\/fr\/wp-content\/uploads\/2025\/06\/226_mbf_legacy_machine_2_lm2-265x300.jpg 265w, https:\/\/leguidedesmontres.com\/fr\/wp-content\/uploads\/2025\/06\/226_mbf_legacy_machine_2_lm2-150x170.jpg 150w\" sizes=\"(max-width: 620px) 100vw, 620px\" \/>\t\t\t<\/div>\n\t\t\n\t\t\t\t<a class=\"wd-post-link wd-fill\" href=\"https:\/\/leguidedesmontres.com\/fr\/actualites\/lincroyable-lm2-de-mbf\/\" rel=\"bookmark\" aria-label=\"Link on post L&rsquo;incroyable LM2 de MB&amp;F\"><\/a>\n\n\t\t\n\t<\/div>\n\n\t<div class=\"wd-post-content\">\n\t\t<div class=\"wd-post-entry-meta\">\n\t\t\t\n\n\t\t\t\t\t\t\t<div class=\"wd-modified-date\">\n\t\t\t\t\t\t\t<time class=\"updated\" datetime=\"2013-09-09T20:44:43+02:00\">\n\t\t\t09\/09\/2013\t\t<\/time>\n\t\t\t\t\t\t<\/div>\n\n\t\t\t\t<div class=\"wd-meta-date\">\n\t\t\t\t\t09 Sep 2013\t\t\t\t<\/div>\n\t\t\t\t\t<\/div>\n\n\t\t\t\t\t<h3 class=\"wd-entities-title title post-title\">\n\t\t\t\t<a href=\"https:\/\/leguidedesmontres.com\/fr\/actualites\/lincroyable-lm2-de-mbf\/\" rel=\"bookmark\">\n\t\t\t\t\tL&rsquo;incroyable LM2 de MB&amp;F\t\t\t\t<\/a>\n\t\t\t<\/h3>\n\t\t\n\t\t\t\t\t<div class=\"wd-post-desc\">\n\t\t\t\t\t\t\t\t\tDepuis 2007, Max et ses Amis nous surprennent. La jeune \u00e9quipe devrait produire cette ann\u00e9e un peu p...\t\t\t\t\t\t\t<\/div>\n\t\t\n\t\t\t\t\t\t\t\t\t\t<div class=\"wd-read-more\">\n\t\t\t\t\t\t<a class=\"btn-read-more more-link\" href=\"https:\/\/leguidedesmontres.com\/fr\/actualites\/lincroyable-lm2-de-mbf\/\">En savoir plus<\/a>\t\t\t\t\t<\/div>\n\t\t\t\t\t\t\t<\/div>\n\n\t\t\t<\/div>\n\t<\/article>\n\t\t\t\t\t\t\t\t\t\t\t\n<article id=\"post-9171\" class=\"wd-post blog-design-meta-image blog-post-loop blog-style-bg wd-col post-9171 post type-post status-publish format-standard has-post-thumbnail hentry category-autre tag-coup-de-coeur\">\n\t\t\t<div class=\"wd-post-inner\">\n\t\n\t<div class=\"wd-post-thumb color-scheme-light\">\n\t\t\t\t\t<div class=\"wd-post-img\">\n\t\t\t\t<img width=\"620\" height=\"730\" src=\"https:\/\/leguidedesmontres.com\/fr\/wp-content\/uploads\/2025\/06\/223_linde_werdelin_oktopus_ii_double_date_red.jpg\" class=\"attachment-large size-large\" alt=\"\" decoding=\"async\" srcset=\"https:\/\/leguidedesmontres.com\/fr\/wp-content\/uploads\/2025\/06\/223_linde_werdelin_oktopus_ii_double_date_red.jpg 620w, https:\/\/leguidedesmontres.com\/fr\/wp-content\/uploads\/2025\/06\/223_linde_werdelin_oktopus_ii_double_date_red-255x300.jpg 255w, https:\/\/leguidedesmontres.com\/fr\/wp-content\/uploads\/2025\/06\/223_linde_werdelin_oktopus_ii_double_date_red-150x177.jpg 150w\" sizes=\"(max-width: 620px) 100vw, 620px\" \/>\t\t\t<\/div>\n\t\t\n\t\t\t\t<a class=\"wd-post-link wd-fill\" href=\"https:\/\/leguidedesmontres.com\/fr\/actualites\/la-nouvelle-pieuvre-rouge-de-linde-werdelin\/\" rel=\"bookmark\" aria-label=\"Link on post La nouvelle pieuvre rouge de Linde Werdelin\"><\/a>\n\n\t\t\n\t<\/div>\n\n\t<div class=\"wd-post-content\">\n\t\t<div class=\"wd-post-entry-meta\">\n\t\t\t\n\n\t\t\t\t\t\t\t<div class=\"wd-modified-date\">\n\t\t\t\t\t\t\t<time class=\"updated\" datetime=\"2013-09-05T18:36:25+02:00\">\n\t\t\t05\/09\/2013\t\t<\/time>\n\t\t\t\t\t\t<\/div>\n\n\t\t\t\t<div class=\"wd-meta-date\">\n\t\t\t\t\t05 Sep 2013\t\t\t\t<\/div>\n\t\t\t\t\t<\/div>\n\n\t\t\t\t\t<h3 class=\"wd-entities-title title post-title\">\n\t\t\t\t<a href=\"https:\/\/leguidedesmontres.com\/fr\/actualites\/la-nouvelle-pieuvre-rouge-de-linde-werdelin\/\" rel=\"bookmark\">\n\t\t\t\t\tLa nouvelle pieuvre rouge de Linde Werdelin\t\t\t\t<\/a>\n\t\t\t<\/h3>\n\t\t\n\t\t\t\t\t<div class=\"wd-post-desc\">\n\t\t\t\t\t\t\t\t\tOn ne parle pas souvent de Linde Werdelin entre collectionneurs, mais cela ne saurait tarder. Certes...\t\t\t\t\t\t\t<\/div>\n\t\t\n\t\t\t\t\t\t\t\t\t\t<div class=\"wd-read-more\">\n\t\t\t\t\t\t<a class=\"btn-read-more more-link\" href=\"https:\/\/leguidedesmontres.com\/fr\/actualites\/la-nouvelle-pieuvre-rouge-de-linde-werdelin\/\">En savoir plus<\/a>\t\t\t\t\t<\/div>\n\t\t\t\t\t\t\t<\/div>\n\n\t\t\t<\/div>\n\t<\/article>\n\t\t\t\t\t\t\t\t\t\t\t\n<article id=\"post-9179\" class=\"wd-post blog-design-meta-image blog-post-loop blog-style-bg wd-col post-9179 post type-post status-publish format-standard has-post-thumbnail hentry category-autre tag-coup-de-coeur\">\n\t\t\t<div class=\"wd-post-inner\">\n\t\n\t<div class=\"wd-post-thumb color-scheme-light\">\n\t\t\t\t\t<div class=\"wd-post-img\">\n\t\t\t\t<img width=\"620\" height=\"779\" src=\"https:\/\/leguidedesmontres.com\/fr\/wp-content\/uploads\/2025\/06\/219_urwerk_emc_electro_mechanical_control.jpg\" class=\"attachment-large size-large\" alt=\"\" decoding=\"async\" srcset=\"https:\/\/leguidedesmontres.com\/fr\/wp-content\/uploads\/2025\/06\/219_urwerk_emc_electro_mechanical_control.jpg 620w, https:\/\/leguidedesmontres.com\/fr\/wp-content\/uploads\/2025\/06\/219_urwerk_emc_electro_mechanical_control-239x300.jpg 239w, https:\/\/leguidedesmontres.com\/fr\/wp-content\/uploads\/2025\/06\/219_urwerk_emc_electro_mechanical_control-150x188.jpg 150w\" sizes=\"(max-width: 620px) 100vw, 620px\" \/>\t\t\t<\/div>\n\t\t\n\t\t\t\t<a class=\"wd-post-link wd-fill\" href=\"https:\/\/leguidedesmontres.com\/fr\/actualites\/urwerk-emc-une-revolution\/\" rel=\"bookmark\" aria-label=\"Link on post URWERK EMC : une r\u00e9volution\"><\/a>\n\n\t\t\n\t<\/div>\n\n\t<div class=\"wd-post-content\">\n\t\t<div class=\"wd-post-entry-meta\">\n\t\t\t\n\n\t\t\t\t\t\t\t<div class=\"wd-modified-date\">\n\t\t\t\t\t\t\t<time class=\"updated\" datetime=\"2013-08-28T17:43:10+02:00\">\n\t\t\t28\/08\/2013\t\t<\/time>\n\t\t\t\t\t\t<\/div>\n\n\t\t\t\t<div class=\"wd-meta-date\">\n\t\t\t\t\t28 Ao\u00fbt 2013\t\t\t\t<\/div>\n\t\t\t\t\t<\/div>\n\n\t\t\t\t\t<h3 class=\"wd-entities-title title post-title\">\n\t\t\t\t<a href=\"https:\/\/leguidedesmontres.com\/fr\/actualites\/urwerk-emc-une-revolution\/\" rel=\"bookmark\">\n\t\t\t\t\tURWERK EMC : une r\u00e9volution\t\t\t\t<\/a>\n\t\t\t<\/h3>\n\t\t\n\t\t\t\t\t<div class=\"wd-post-desc\">\n\t\t\t\t\t\t\t\t\tEMC : Electro Mechanical Control : derri\u00e8re cet acronyme peu usuel en horlogerie, se cache le nouvea...\t\t\t\t\t\t\t<\/div>\n\t\t\n\t\t\t\t\t\t\t\t\t\t<div class=\"wd-read-more\">\n\t\t\t\t\t\t<a class=\"btn-read-more more-link\" href=\"https:\/\/leguidedesmontres.com\/fr\/actualites\/urwerk-emc-une-revolution\/\">En savoir plus<\/a>\t\t\t\t\t<\/div>\n\t\t\t\t\t\t\t<\/div>\n\n\t\t\t<\/div>\n\t<\/article>\n\t\t\t\t\t\t\t\t\t\t\t\n<article id=\"post-9201\" class=\"wd-post blog-design-meta-image blog-post-loop blog-style-bg wd-col post-9201 post type-post status-publish format-standard has-post-thumbnail hentry category-autre tag-coup-de-coeur\">\n\t\t\t<div class=\"wd-post-inner\">\n\t\n\t<div class=\"wd-post-thumb color-scheme-light\">\n\t\t\t\t\t<div class=\"wd-post-img\">\n\t\t\t\t<img width=\"620\" height=\"458\" src=\"https:\/\/leguidedesmontres.com\/fr\/wp-content\/uploads\/2025\/06\/205_ludovic_ballouard_upside_down.jpg\" class=\"attachment-large size-large\" alt=\"\" decoding=\"async\" srcset=\"https:\/\/leguidedesmontres.com\/fr\/wp-content\/uploads\/2025\/06\/205_ludovic_ballouard_upside_down.jpg 620w, https:\/\/leguidedesmontres.com\/fr\/wp-content\/uploads\/2025\/06\/205_ludovic_ballouard_upside_down-300x222.jpg 300w, https:\/\/leguidedesmontres.com\/fr\/wp-content\/uploads\/2025\/06\/205_ludovic_ballouard_upside_down-150x111.jpg 150w\" sizes=\"(max-width: 620px) 100vw, 620px\" \/>\t\t\t<\/div>\n\t\t\n\t\t\t\t<a class=\"wd-post-link wd-fill\" href=\"https:\/\/leguidedesmontres.com\/fr\/actualites\/ludovic-ballouard-du-nouveau\/\" rel=\"bookmark\" aria-label=\"Link on post Ludovic Ballouard : Du nouveau\"><\/a>\n\n\t\t\n\t<\/div>\n\n\t<div class=\"wd-post-content\">\n\t\t<div class=\"wd-post-entry-meta\">\n\t\t\t\n\n\t\t\t\t\t\t\t<div class=\"wd-modified-date\">\n\t\t\t\t\t\t\t<time class=\"updated\" datetime=\"2013-07-23T19:11:34+02:00\">\n\t\t\t23\/07\/2013\t\t<\/time>\n\t\t\t\t\t\t<\/div>\n\n\t\t\t\t<div class=\"wd-meta-date\">\n\t\t\t\t\t23 Juil 2013\t\t\t\t<\/div>\n\t\t\t\t\t<\/div>\n\n\t\t\t\t\t<h3 class=\"wd-entities-title title post-title\">\n\t\t\t\t<a href=\"https:\/\/leguidedesmontres.com\/fr\/actualites\/ludovic-ballouard-du-nouveau\/\" rel=\"bookmark\">\n\t\t\t\t\tLudovic Ballouard : Du nouveau\t\t\t\t<\/a>\n\t\t\t<\/h3>\n\t\t\n\t\t\t\t\t<div class=\"wd-post-desc\">\n\t\t\t\t\t\t\t\t\tCertes, c\u2019est enfoncer une porte ouverte de dire que les collectors de demain se d\u00e9tectent aujourd\u2019h...\t\t\t\t\t\t\t<\/div>\n\t\t\n\t\t\t\t\t\t\t\t\t\t<div class=\"wd-read-more\">\n\t\t\t\t\t\t<a class=\"btn-read-more more-link\" href=\"https:\/\/leguidedesmontres.com\/fr\/actualites\/ludovic-ballouard-du-nouveau\/\">En savoir plus<\/a>\t\t\t\t\t<\/div>\n\t\t\t\t\t\t\t<\/div>\n\n\t\t\t<\/div>\n\t<\/article>\n\t\t\t\t\t\t\t\t\t\t\t\n<article id=\"post-9207\" class=\"wd-post blog-design-meta-image blog-post-loop blog-style-bg wd-col post-9207 post type-post status-publish format-standard has-post-thumbnail hentry category-corum tag-coup-de-coeur\">\n\t\t\t<div class=\"wd-post-inner\">\n\t\n\t<div class=\"wd-post-thumb color-scheme-light\">\n\t\t\t\t\t<div class=\"wd-post-img\">\n\t\t\t\t<img width=\"620\" height=\"859\" src=\"https:\/\/leguidedesmontres.com\/fr\/wp-content\/uploads\/2025\/06\/202_corum_golden_bridge_tourbillon_100.160.55_0f01_0000.jpg\" class=\"attachment-large size-large\" alt=\"\" decoding=\"async\" srcset=\"https:\/\/leguidedesmontres.com\/fr\/wp-content\/uploads\/2025\/06\/202_corum_golden_bridge_tourbillon_100.160.55_0f01_0000.jpg 620w, https:\/\/leguidedesmontres.com\/fr\/wp-content\/uploads\/2025\/06\/202_corum_golden_bridge_tourbillon_100.160.55_0f01_0000-217x300.jpg 217w, https:\/\/leguidedesmontres.com\/fr\/wp-content\/uploads\/2025\/06\/202_corum_golden_bridge_tourbillon_100.160.55_0f01_0000-150x208.jpg 150w\" sizes=\"(max-width: 620px) 100vw, 620px\" \/>\t\t\t<\/div>\n\t\t\n\t\t\t\t<a class=\"wd-post-link wd-fill\" href=\"https:\/\/leguidedesmontres.com\/fr\/actualites\/corum-le-tourbillon-en-mode-panoramique\/\" rel=\"bookmark\" aria-label=\"Link on post Corum : le tourbillon en mode panoramique\"><\/a>\n\n\t\t\n\t<\/div>\n\n\t<div class=\"wd-post-content\">\n\t\t<div class=\"wd-post-entry-meta\">\n\t\t\t\n\n\t\t\t\t\t\t\t<div class=\"wd-modified-date\">\n\t\t\t\t\t\t\t<time class=\"updated\" datetime=\"2013-07-15T21:43:07+02:00\">\n\t\t\t15\/07\/2013\t\t<\/time>\n\t\t\t\t\t\t<\/div>\n\n\t\t\t\t<div class=\"wd-meta-date\">\n\t\t\t\t\t15 Juil 2013\t\t\t\t<\/div>\n\t\t\t\t\t<\/div>\n\n\t\t\t\t\t<h3 class=\"wd-entities-title title post-title\">\n\t\t\t\t<a href=\"https:\/\/leguidedesmontres.com\/fr\/actualites\/corum-le-tourbillon-en-mode-panoramique\/\" rel=\"bookmark\">\n\t\t\t\t\tCorum : le tourbillon en mode panoramique\t\t\t\t<\/a>\n\t\t\t<\/h3>\n\t\t\n\t\t\t\t\t<div class=\"wd-post-desc\">\n\t\t\t\t\t\t\t\t\tPour les fins connaisseurs, mouvement baguette = Corum. C\u2019est la ligne Golden Bridge qui, plus pr\u00e9ci...\t\t\t\t\t\t\t<\/div>\n\t\t\n\t\t\t\t\t\t\t\t\t\t<div class=\"wd-read-more\">\n\t\t\t\t\t\t<a class=\"btn-read-more more-link\" href=\"https:\/\/leguidedesmontres.com\/fr\/actualites\/corum-le-tourbillon-en-mode-panoramique\/\">En savoir plus<\/a>\t\t\t\t\t<\/div>\n\t\t\t\t\t\t\t<\/div>\n\n\t\t\t<\/div>\n\t<\/article>\n\t\t\t\t\t\t\t\t\t\t\t\n<article id=\"post-9215\" class=\"wd-post blog-design-meta-image blog-post-loop blog-style-bg wd-col post-9215 post type-post status-publish format-standard has-post-thumbnail hentry category-blancpain tag-coup-de-coeur\">\n\t\t\t<div class=\"wd-post-inner\">\n\t\n\t<div class=\"wd-post-thumb color-scheme-light\">\n\t\t\t\t\t<div class=\"wd-post-img\">\n\t\t\t\t<img width=\"620\" height=\"569\" src=\"https:\/\/leguidedesmontres.com\/fr\/wp-content\/uploads\/2025\/06\/198_blancpain_lamborghini.jpg\" class=\"attachment-large size-large\" alt=\"\" decoding=\"async\" srcset=\"https:\/\/leguidedesmontres.com\/fr\/wp-content\/uploads\/2025\/06\/198_blancpain_lamborghini.jpg 620w, https:\/\/leguidedesmontres.com\/fr\/wp-content\/uploads\/2025\/06\/198_blancpain_lamborghini-300x275.jpg 300w, https:\/\/leguidedesmontres.com\/fr\/wp-content\/uploads\/2025\/06\/198_blancpain_lamborghini-150x138.jpg 150w\" sizes=\"(max-width: 620px) 100vw, 620px\" \/>\t\t\t<\/div>\n\t\t\n\t\t\t\t<a class=\"wd-post-link wd-fill\" href=\"https:\/\/leguidedesmontres.com\/fr\/actualites\/blancpain-l-evolutionr-r-pour-racing\/\" rel=\"bookmark\" aria-label=\"Link on post Blancpain L-evolutionR : R pour racing\"><\/a>\n\n\t\t\n\t<\/div>\n\n\t<div class=\"wd-post-content\">\n\t\t<div class=\"wd-post-entry-meta\">\n\t\t\t\n\n\t\t\t\t\t\t\t<div class=\"wd-modified-date\">\n\t\t\t\t\t\t\t<time class=\"updated\" datetime=\"2013-07-04T11:35:38+02:00\">\n\t\t\t04\/07\/2013\t\t<\/time>\n\t\t\t\t\t\t<\/div>\n\n\t\t\t\t<div class=\"wd-meta-date\">\n\t\t\t\t\t04 Juil 2013\t\t\t\t<\/div>\n\t\t\t\t\t<\/div>\n\n\t\t\t\t\t<h3 class=\"wd-entities-title title post-title\">\n\t\t\t\t<a href=\"https:\/\/leguidedesmontres.com\/fr\/actualites\/blancpain-l-evolutionr-r-pour-racing\/\" rel=\"bookmark\">\n\t\t\t\t\tBlancpain L-evolutionR : R pour racing\t\t\t\t<\/a>\n\t\t\t<\/h3>\n\t\t\n\t\t\t\t\t<div class=\"wd-post-desc\">\n\t\t\t\t\t\t\t\t\tC\u2019est au bruit qu\u2019il faut se guider. A l\u2019approche des circuits, d\u2019\u00e9tranges feulements d\u00e9chirent les ...\t\t\t\t\t\t\t<\/div>\n\t\t\n\t\t\t\t\t\t\t\t\t\t<div class=\"wd-read-more\">\n\t\t\t\t\t\t<a class=\"btn-read-more more-link\" href=\"https:\/\/leguidedesmontres.com\/fr\/actualites\/blancpain-l-evolutionr-r-pour-racing\/\">En savoir plus<\/a>\t\t\t\t\t<\/div>\n\t\t\t\t\t\t\t<\/div>\n\n\t\t\t<\/div>\n\t<\/article>\n\t\t\t\t\t\t\t\t\t\t\t\n<article id=\"post-9221\" class=\"wd-post blog-design-meta-image blog-post-loop blog-style-bg wd-col post-9221 post type-post status-publish format-standard has-post-thumbnail hentry category-f-p-journe tag-coup-de-coeur\">\n\t\t\t<div class=\"wd-post-inner\">\n\t\n\t<div class=\"wd-post-thumb color-scheme-light\">\n\t\t\t\t\t<div class=\"wd-post-img\">\n\t\t\t\t<img width=\"620\" height=\"411\" src=\"https:\/\/leguidedesmontres.com\/fr\/wp-content\/uploads\/2025\/06\/195_fp_journe_qp_octa_perpetuelle.jpg\" class=\"attachment-large size-large\" alt=\"\" decoding=\"async\" srcset=\"https:\/\/leguidedesmontres.com\/fr\/wp-content\/uploads\/2025\/06\/195_fp_journe_qp_octa_perpetuelle.jpg 620w, https:\/\/leguidedesmontres.com\/fr\/wp-content\/uploads\/2025\/06\/195_fp_journe_qp_octa_perpetuelle-300x199.jpg 300w, https:\/\/leguidedesmontres.com\/fr\/wp-content\/uploads\/2025\/06\/195_fp_journe_qp_octa_perpetuelle-150x99.jpg 150w\" sizes=\"(max-width: 620px) 100vw, 620px\" \/>\t\t\t<\/div>\n\t\t\n\t\t\t\t<a class=\"wd-post-link wd-fill\" href=\"https:\/\/leguidedesmontres.com\/fr\/actualites\/f-p-journe-linterview-dans-lintimite-du-nouveau-qp\/\" rel=\"bookmark\" aria-label=\"Link on post F.P. Journe :  L&rsquo;interview (dans l\u2019intimit\u00e9 du nouveau QP)\"><\/a>\n\n\t\t\n\t<\/div>\n\n\t<div class=\"wd-post-content\">\n\t\t<div class=\"wd-post-entry-meta\">\n\t\t\t\n\n\t\t\t\t\t\t\t<div class=\"wd-modified-date\">\n\t\t\t\t\t\t\t<time class=\"updated\" datetime=\"2013-07-02T18:40:35+02:00\">\n\t\t\t02\/07\/2013\t\t<\/time>\n\t\t\t\t\t\t<\/div>\n\n\t\t\t\t<div class=\"wd-meta-date\">\n\t\t\t\t\t02 Juil 2013\t\t\t\t<\/div>\n\t\t\t\t\t<\/div>\n\n\t\t\t\t\t<h3 class=\"wd-entities-title title post-title\">\n\t\t\t\t<a href=\"https:\/\/leguidedesmontres.com\/fr\/actualites\/f-p-journe-linterview-dans-lintimite-du-nouveau-qp\/\" rel=\"bookmark\">\n\t\t\t\t\tF.P. Journe :  L&rsquo;interview (dans l\u2019intimit\u00e9 du nouveau QP)\t\t\t\t<\/a>\n\t\t\t<\/h3>\n\t\t\n\t\t\t\t\t<div class=\"wd-post-desc\">\n\t\t\t\t\t\t\t\t\tLa sortie d\u2019un nouveau QP (Quanti\u00e8me Perpetuel) est toujours un \u00e9v\u00e9nement dans le microcosme horloge...\t\t\t\t\t\t\t<\/div>\n\t\t\n\t\t\t\t\t\t\t\t\t\t<div class=\"wd-read-more\">\n\t\t\t\t\t\t<a class=\"btn-read-more more-link\" href=\"https:\/\/leguidedesmontres.com\/fr\/actualites\/f-p-journe-linterview-dans-lintimite-du-nouveau-qp\/\">En savoir plus<\/a>\t\t\t\t\t<\/div>\n\t\t\t\t\t\t\t<\/div>\n\n\t\t\t<\/div>\n\t<\/article>\n\t\t\t\t\t\n\t\t\t\t\t","status":"have-posts","nextPage":"https:\/\/leguidedesmontres.com\/fr\/actualites\/tag\/coup-de-coeur\/page\/9\/?woo_ajax=1","currentPage":"https:\/\/leguidedesmontres.com\/fr\/actualites\/tag\/coup-de-coeur\/page\/8"}