
			
				

					
				

			
		{"items":"\n\t\t\t\t\t\t\t\t\t\t\t\n<article id=\"post-9708\" class=\"wd-post blog-design-meta-image blog-post-loop blog-style-bg wd-col post-9708 post type-post status-publish format-standard has-post-thumbnail hentry category-parmigiani-fleurier tag-videos\">\n\t\t\t<div class=\"wd-post-inner\">\n\t\n\t<div class=\"wd-post-thumb color-scheme-light\">\n\t\t\t\t\t<div class=\"wd-post-img\">\n\t\t\t\t<img width=\"1\" height=\"1\" src=\"https:\/\/leguidedesmontres.com\/fr\/wp-content\/uploads\/2025\/06\/59_parmigiani_fleurier_palais_royal.jpg\" class=\"attachment-large size-large\" alt=\"image failed\" decoding=\"async\" \/>\t\t\t<\/div>\n\t\t\n\t\t\t\t<a class=\"wd-post-link wd-fill\" href=\"https:\/\/leguidedesmontres.com\/fr\/actualites\/parmigiani-fleurier-sinstalle-a-paris\/\" rel=\"bookmark\" aria-label=\"Link on post Parmigiani Fleurier s&rsquo;installe \u00e0 Paris\"><\/a>\n\n\t\t\n\t<\/div>\n\n\t<div class=\"wd-post-content\">\n\t\t<div class=\"wd-post-entry-meta\">\n\t\t\t\n\n\t\t\t\t\t\t\t<div class=\"wd-modified-date\">\n\t\t\t\t\t\t\t<time class=\"updated\" datetime=\"2015-07-22T10:38:11+02:00\">\n\t\t\t22\/07\/2015\t\t<\/time>\n\t\t\t\t\t\t<\/div>\n\n\t\t\t\t<div class=\"wd-meta-date\">\n\t\t\t\t\t22 Juil 2015\t\t\t\t<\/div>\n\t\t\t\t\t<\/div>\n\n\t\t\t\t\t<h3 class=\"wd-entities-title title post-title\">\n\t\t\t\t<a href=\"https:\/\/leguidedesmontres.com\/fr\/actualites\/parmigiani-fleurier-sinstalle-a-paris\/\" rel=\"bookmark\">\n\t\t\t\t\tParmigiani Fleurier s&rsquo;installe \u00e0 Paris\t\t\t\t<\/a>\n\t\t\t<\/h3>\n\t\t\n\t\t\t\t\t<div class=\"wd-post-desc\">\n\t\t\t\t\t\t\t\t\thttp:\/\/vimeo.com\/134006825\n\nDe passage \u00e0 Paris, Jean-Marc Jacot (CEO de Parmigiani Fleurier) nous re...\t\t\t\t\t\t\t<\/div>\n\t\t\n\t\t\t\t\t\t\t\t\t\t<div class=\"wd-read-more\">\n\t\t\t\t\t\t<a class=\"btn-read-more more-link\" href=\"https:\/\/leguidedesmontres.com\/fr\/actualites\/parmigiani-fleurier-sinstalle-a-paris\/\">En savoir plus<\/a>\t\t\t\t\t<\/div>\n\t\t\t\t\t\t\t<\/div>\n\n\t\t\t<\/div>\n\t<\/article>\n\t\t\t\t\t\t\t\t\t\t\t\n<article id=\"post-9709\" class=\"wd-post blog-design-meta-image blog-post-loop blog-style-bg wd-col post-9709 post type-post status-publish format-standard has-post-thumbnail hentry category-patek-philippe category-rolex tag-videos\">\n\t\t\t<div class=\"wd-post-inner\">\n\t\n\t<div class=\"wd-post-thumb color-scheme-light\">\n\t\t\t\t\t<div class=\"wd-post-img\">\n\t\t\t\t<img width=\"1\" height=\"1\" src=\"https:\/\/leguidedesmontres.com\/fr\/wp-content\/uploads\/2025\/06\/58_joeystarr_le_guide_des_montres.jpg\" class=\"attachment-large size-large\" alt=\"image failed\" decoding=\"async\" \/>\t\t\t<\/div>\n\t\t\n\t\t\t\t<a class=\"wd-post-link wd-fill\" href=\"https:\/\/leguidedesmontres.com\/fr\/actualites\/watch-ride-linterview-montres-avec-joeystarr\/\" rel=\"bookmark\" aria-label=\"Link on post Watch ride : l&rsquo;interview montres avec JoeyStarr\"><\/a>\n\n\t\t\n\t<\/div>\n\n\t<div class=\"wd-post-content\">\n\t\t<div class=\"wd-post-entry-meta\">\n\t\t\t\n\n\t\t\t\t\t\t\t<div class=\"wd-modified-date\">\n\t\t\t\t\t\t\t<time class=\"updated\" datetime=\"2015-04-24T18:29:59+02:00\">\n\t\t\t24\/04\/2015\t\t<\/time>\n\t\t\t\t\t\t<\/div>\n\n\t\t\t\t<div class=\"wd-meta-date\">\n\t\t\t\t\t24 Avr 2015\t\t\t\t<\/div>\n\t\t\t\t\t<\/div>\n\n\t\t\t\t\t<h3 class=\"wd-entities-title title post-title\">\n\t\t\t\t<a href=\"https:\/\/leguidedesmontres.com\/fr\/actualites\/watch-ride-linterview-montres-avec-joeystarr\/\" rel=\"bookmark\">\n\t\t\t\t\tWatch ride : l&rsquo;interview montres avec JoeyStarr\t\t\t\t<\/a>\n\t\t\t<\/h3>\n\t\t\n\t\t\t\t\t<div class=\"wd-post-desc\">\n\t\t\t\t\t\t\t\t\thttp:\/\/vimeo.com\/125888168\n\nEn exclusivit\u00e9 pour Le Guide des Montres, JoeyStarr se livre \u00e0 une inter...\t\t\t\t\t\t\t<\/div>\n\t\t\n\t\t\t\t\t\t\t\t\t\t<div class=\"wd-read-more\">\n\t\t\t\t\t\t<a class=\"btn-read-more more-link\" href=\"https:\/\/leguidedesmontres.com\/fr\/actualites\/watch-ride-linterview-montres-avec-joeystarr\/\">En savoir plus<\/a>\t\t\t\t\t<\/div>\n\t\t\t\t\t\t\t<\/div>\n\n\t\t\t<\/div>\n\t<\/article>\n\t\t\t\t\t\t\t\t\t\t\t\n<article id=\"post-9710\" class=\"wd-post blog-design-meta-image blog-post-loop blog-style-bg wd-col post-9710 post type-post status-publish format-standard has-post-thumbnail hentry category-rolex tag-videos\">\n\t\t\t<div class=\"wd-post-inner\">\n\t\n\t<div class=\"wd-post-thumb color-scheme-light\">\n\t\t\t\t\t<div class=\"wd-post-img\">\n\t\t\t\t<img width=\"1\" height=\"1\" src=\"https:\/\/leguidedesmontres.com\/fr\/wp-content\/uploads\/2025\/06\/57_rolex_submariner_meeting.jpg\" class=\"attachment-large size-large\" alt=\"image failed\" decoding=\"async\" \/>\t\t\t<\/div>\n\t\t\n\t\t\t\t<a class=\"wd-post-link wd-fill\" href=\"https:\/\/leguidedesmontres.com\/fr\/actualites\/rolex-submariner-meeting-a-geneve-2\/\" rel=\"bookmark\" aria-label=\"Link on post Rolex Submariner meeting \u00e0 Gen\u00e8ve\"><\/a>\n\n\t\t\n\t<\/div>\n\n\t<div class=\"wd-post-content\">\n\t\t<div class=\"wd-post-entry-meta\">\n\t\t\t\n\n\t\t\t\t\t\t\t<div class=\"wd-modified-date\">\n\t\t\t\t\t\t\t<time class=\"updated\" datetime=\"2014-12-11T17:04:13+02:00\">\n\t\t\t11\/12\/2014\t\t<\/time>\n\t\t\t\t\t\t<\/div>\n\n\t\t\t\t<div class=\"wd-meta-date\">\n\t\t\t\t\t11 D\u00e9c 2014\t\t\t\t<\/div>\n\t\t\t\t\t<\/div>\n\n\t\t\t\t\t<h3 class=\"wd-entities-title title post-title\">\n\t\t\t\t<a href=\"https:\/\/leguidedesmontres.com\/fr\/actualites\/rolex-submariner-meeting-a-geneve-2\/\" rel=\"bookmark\">\n\t\t\t\t\tRolex Submariner meeting \u00e0 Gen\u00e8ve\t\t\t\t<\/a>\n\t\t\t<\/h3>\n\t\t\n\t\t\t\t\t<div class=\"wd-post-desc\">\n\t\t\t\t\t\t\t\t\thttp:\/\/vimeo.com\/114221222\n\n \nNous avons eu la chance de pouvoir r\u00e9unir sur un plateau une s\u00e9lection...\t\t\t\t\t\t\t<\/div>\n\t\t\n\t\t\t\t\t\t\t\t\t\t<div class=\"wd-read-more\">\n\t\t\t\t\t\t<a class=\"btn-read-more more-link\" href=\"https:\/\/leguidedesmontres.com\/fr\/actualites\/rolex-submariner-meeting-a-geneve-2\/\">En savoir plus<\/a>\t\t\t\t\t<\/div>\n\t\t\t\t\t\t\t<\/div>\n\n\t\t\t<\/div>\n\t<\/article>\n\t\t\t\t\t\t\t\t\t\t\t\n<article id=\"post-9711\" class=\"wd-post blog-design-meta-image blog-post-loop blog-style-bg wd-col post-9711 post type-post status-publish format-standard has-post-thumbnail hentry category-patek-philippe tag-videos\">\n\t\t\t<div class=\"wd-post-inner\">\n\t\n\t<div class=\"wd-post-thumb color-scheme-light\">\n\t\t\t\t\t<div class=\"wd-post-img\">\n\t\t\t\t<img width=\"1\" height=\"1\" src=\"https:\/\/leguidedesmontres.com\/fr\/wp-content\/uploads\/2025\/06\/56_patek_philippe_175_christies.jpg\" class=\"attachment-large size-large\" alt=\"image failed\" decoding=\"async\" \/>\t\t\t<\/div>\n\t\t\n\t\t\t\t<a class=\"wd-post-link wd-fill\" href=\"https:\/\/leguidedesmontres.com\/fr\/actualites\/vente-patek-philippe-175-chez-christies\/\" rel=\"bookmark\" aria-label=\"Link on post Vente Patek Philippe 175 chez Christie&rsquo;s\"><\/a>\n\n\t\t\n\t<\/div>\n\n\t<div class=\"wd-post-content\">\n\t\t<div class=\"wd-post-entry-meta\">\n\t\t\t\n\n\t\t\t\t\t\t\t<div class=\"wd-modified-date\">\n\t\t\t\t\t\t\t<time class=\"updated\" datetime=\"2014-11-14T15:29:22+02:00\">\n\t\t\t14\/11\/2014\t\t<\/time>\n\t\t\t\t\t\t<\/div>\n\n\t\t\t\t<div class=\"wd-meta-date\">\n\t\t\t\t\t14 Nov 2014\t\t\t\t<\/div>\n\t\t\t\t\t<\/div>\n\n\t\t\t\t\t<h3 class=\"wd-entities-title title post-title\">\n\t\t\t\t<a href=\"https:\/\/leguidedesmontres.com\/fr\/actualites\/vente-patek-philippe-175-chez-christies\/\" rel=\"bookmark\">\n\t\t\t\t\tVente Patek Philippe 175 chez Christie&rsquo;s\t\t\t\t<\/a>\n\t\t\t<\/h3>\n\t\t\n\t\t\t\t\t<div class=\"wd-post-desc\">\n\t\t\t\t\t\t\t\t\thttp:\/\/vimeo.com\/111828345\n\n \nNous retrouvons Antoine Rauis (Le Collection'Heure) \u00e0 Gen\u00e8ve au coeur ...\t\t\t\t\t\t\t<\/div>\n\t\t\n\t\t\t\t\t\t\t\t\t\t<div class=\"wd-read-more\">\n\t\t\t\t\t\t<a class=\"btn-read-more more-link\" href=\"https:\/\/leguidedesmontres.com\/fr\/actualites\/vente-patek-philippe-175-chez-christies\/\">En savoir plus<\/a>\t\t\t\t\t<\/div>\n\t\t\t\t\t\t\t<\/div>\n\n\t\t\t<\/div>\n\t<\/article>\n\t\t\t\t\t\t\t\t\t\t\t\n<article id=\"post-9712\" class=\"wd-post blog-design-meta-image blog-post-loop blog-style-bg wd-col post-9712 post type-post status-publish format-standard has-post-thumbnail hentry category-richard-mille tag-videos\">\n\t\t\t<div class=\"wd-post-inner\">\n\t\n\t<div class=\"wd-post-thumb color-scheme-light\">\n\t\t\t\t\t<div class=\"wd-post-img\">\n\t\t\t\t<img width=\"1\" height=\"1\" src=\"https:\/\/leguidedesmontres.com\/fr\/wp-content\/uploads\/2025\/06\/55_chantilly_arts_elegance_2014.jpg\" class=\"attachment-large size-large\" alt=\"image failed\" decoding=\"async\" \/>\t\t\t<\/div>\n\t\t\n\t\t\t\t<a class=\"wd-post-link wd-fill\" href=\"https:\/\/leguidedesmontres.com\/fr\/actualites\/chantilly-arts-elegance-richard-mille-en-video\/\" rel=\"bookmark\" aria-label=\"Link on post Chantilly Arts &amp; El\u00e9gance Richard Mille en vid\u00e9o\"><\/a>\n\n\t\t\n\t<\/div>\n\n\t<div class=\"wd-post-content\">\n\t\t<div class=\"wd-post-entry-meta\">\n\t\t\t\n\n\t\t\t\t\t\t\t<div class=\"wd-modified-date\">\n\t\t\t\t\t\t\t<time class=\"updated\" datetime=\"2014-09-27T14:11:31+02:00\">\n\t\t\t27\/09\/2014\t\t<\/time>\n\t\t\t\t\t\t<\/div>\n\n\t\t\t\t<div class=\"wd-meta-date\">\n\t\t\t\t\t27 Sep 2014\t\t\t\t<\/div>\n\t\t\t\t\t<\/div>\n\n\t\t\t\t\t<h3 class=\"wd-entities-title title post-title\">\n\t\t\t\t<a href=\"https:\/\/leguidedesmontres.com\/fr\/actualites\/chantilly-arts-elegance-richard-mille-en-video\/\" rel=\"bookmark\">\n\t\t\t\t\tChantilly Arts &amp; El\u00e9gance Richard Mille en vid\u00e9o\t\t\t\t<\/a>\n\t\t\t<\/h3>\n\t\t\n\t\t\t\t\t<div class=\"wd-post-desc\">\n\t\t\t\t\t\t\t\t\thttp:\/\/vimeo.com\/107320345\n\nRetour en vid\u00e9o sur une journ\u00e9e d'exception au Chateau de Chantilly. Plu...\t\t\t\t\t\t\t<\/div>\n\t\t\n\t\t\t\t\t\t\t\t\t\t<div class=\"wd-read-more\">\n\t\t\t\t\t\t<a class=\"btn-read-more more-link\" href=\"https:\/\/leguidedesmontres.com\/fr\/actualites\/chantilly-arts-elegance-richard-mille-en-video\/\">En savoir plus<\/a>\t\t\t\t\t<\/div>\n\t\t\t\t\t\t\t<\/div>\n\n\t\t\t<\/div>\n\t<\/article>\n\t\t\t\t\t\t\t\t\t\t\t\n<article id=\"post-9713\" class=\"wd-post blog-design-meta-image blog-post-loop blog-style-bg wd-col post-9713 post type-post status-publish format-standard has-post-thumbnail hentry category-blancpain tag-videos\">\n\t\t\t<div class=\"wd-post-inner\">\n\t\n\t<div class=\"wd-post-thumb color-scheme-light\">\n\t\t\t\t\t<div class=\"wd-post-img\">\n\t\t\t\t<img width=\"1\" height=\"1\" src=\"https:\/\/leguidedesmontres.com\/fr\/wp-content\/uploads\/2025\/06\/54_girls_lamborghini_2014.jpg\" class=\"attachment-large size-large\" alt=\"image failed\" decoding=\"async\" \/>\t\t\t<\/div>\n\t\t\n\t\t\t\t<a class=\"wd-post-link wd-fill\" href=\"https:\/\/leguidedesmontres.com\/fr\/actualites\/lamborghini-blancpain-endurance-series-2014\/\" rel=\"bookmark\" aria-label=\"Link on post Lamborghini &#8211; Blancpain Endurance Series 2014\"><\/a>\n\n\t\t\n\t<\/div>\n\n\t<div class=\"wd-post-content\">\n\t\t<div class=\"wd-post-entry-meta\">\n\t\t\t\n\n\t\t\t\t\t\t\t<div class=\"wd-modified-date\">\n\t\t\t\t\t\t\t<time class=\"updated\" datetime=\"2014-07-21T22:23:56+02:00\">\n\t\t\t21\/07\/2014\t\t<\/time>\n\t\t\t\t\t\t<\/div>\n\n\t\t\t\t<div class=\"wd-meta-date\">\n\t\t\t\t\t21 Juil 2014\t\t\t\t<\/div>\n\t\t\t\t\t<\/div>\n\n\t\t\t\t\t<h3 class=\"wd-entities-title title post-title\">\n\t\t\t\t<a href=\"https:\/\/leguidedesmontres.com\/fr\/actualites\/lamborghini-blancpain-endurance-series-2014\/\" rel=\"bookmark\">\n\t\t\t\t\tLamborghini &#8211; Blancpain Endurance Series 2014\t\t\t\t<\/a>\n\t\t\t<\/h3>\n\t\t\n\t\t\t\t\t<div class=\"wd-post-desc\">\n\t\t\t\t\t\t\t\t\thttp:\/\/vimeo.com\/101104313\n\n \nAssocier deux l\u00e9gendes dans deux diff\u00e9rents domaines fortement appr\u00e9ci...\t\t\t\t\t\t\t<\/div>\n\t\t\n\t\t\t\t\t\t\t\t\t\t<div class=\"wd-read-more\">\n\t\t\t\t\t\t<a class=\"btn-read-more more-link\" href=\"https:\/\/leguidedesmontres.com\/fr\/actualites\/lamborghini-blancpain-endurance-series-2014\/\">En savoir plus<\/a>\t\t\t\t\t<\/div>\n\t\t\t\t\t\t\t<\/div>\n\n\t\t\t<\/div>\n\t<\/article>\n\t\t\t\t\t\t\t\t\t\t\t\n<article id=\"post-9714\" class=\"wd-post blog-design-meta-image blog-post-loop blog-style-bg wd-col post-9714 post type-post status-publish format-standard has-post-thumbnail hentry category-autre tag-videos\">\n\t\t\t<div class=\"wd-post-inner\">\n\t\n\t<div class=\"wd-post-thumb color-scheme-light\">\n\t\t\t\t\t<div class=\"wd-post-img\">\n\t\t\t\t<img width=\"1\" height=\"1\" src=\"https:\/\/leguidedesmontres.com\/fr\/wp-content\/uploads\/2025\/06\/53_andre_agassi_interview_2014.jpg\" class=\"attachment-large size-large\" alt=\"image failed\" decoding=\"async\" \/>\t\t\t<\/div>\n\t\t\n\t\t\t\t<a class=\"wd-post-link wd-fill\" href=\"https:\/\/leguidedesmontres.com\/fr\/actualites\/andre-agassi-linterview-par-antoine-rauis\/\" rel=\"bookmark\" aria-label=\"Link on post Andr\u00e9 Agassi : l&rsquo;interview par Antoine Rauis\"><\/a>\n\n\t\t\n\t<\/div>\n\n\t<div class=\"wd-post-content\">\n\t\t<div class=\"wd-post-entry-meta\">\n\t\t\t\n\n\t\t\t\t\t\t\t<div class=\"wd-modified-date\">\n\t\t\t\t\t\t\t<time class=\"updated\" datetime=\"2014-07-01T21:07:49+02:00\">\n\t\t\t01\/07\/2014\t\t<\/time>\n\t\t\t\t\t\t<\/div>\n\n\t\t\t\t<div class=\"wd-meta-date\">\n\t\t\t\t\t01 Juil 2014\t\t\t\t<\/div>\n\t\t\t\t\t<\/div>\n\n\t\t\t\t\t<h3 class=\"wd-entities-title title post-title\">\n\t\t\t\t<a href=\"https:\/\/leguidedesmontres.com\/fr\/actualites\/andre-agassi-linterview-par-antoine-rauis\/\" rel=\"bookmark\">\n\t\t\t\t\tAndr\u00e9 Agassi : l&rsquo;interview par Antoine Rauis\t\t\t\t<\/a>\n\t\t\t<\/h3>\n\t\t\n\t\t\t\t\t<div class=\"wd-post-desc\">\n\t\t\t\t\t\t\t\t\thttp:\/\/vimeo.com\/99127343\n\nNous avons eu l'honneur de partager un moment privil\u00e9gi\u00e9 avec la l\u00e9gende ...\t\t\t\t\t\t\t<\/div>\n\t\t\n\t\t\t\t\t\t\t\t\t\t<div class=\"wd-read-more\">\n\t\t\t\t\t\t<a class=\"btn-read-more more-link\" href=\"https:\/\/leguidedesmontres.com\/fr\/actualites\/andre-agassi-linterview-par-antoine-rauis\/\">En savoir plus<\/a>\t\t\t\t\t<\/div>\n\t\t\t\t\t\t\t<\/div>\n\n\t\t\t<\/div>\n\t<\/article>\n\t\t\t\t\t\t\t\t\t\t\t\n<article id=\"post-9715\" class=\"wd-post blog-design-meta-image blog-post-loop blog-style-bg wd-col post-9715 post type-post status-publish format-standard has-post-thumbnail hentry category-zenith tag-videos\">\n\t\t\t<div class=\"wd-post-inner\">\n\t\n\t<div class=\"wd-post-thumb color-scheme-light\">\n\t\t\t\t\t<div class=\"wd-post-img\">\n\t\t\t\t<img width=\"1\" height=\"1\" src=\"https:\/\/leguidedesmontres.com\/fr\/wp-content\/uploads\/2025\/06\/52_jean_frederic_dufour_zenith_rolex_ceo_itw.jpg\" class=\"attachment-large size-large\" alt=\"image failed\" decoding=\"async\" \/>\t\t\t<\/div>\n\t\t\n\t\t\t\t<a class=\"wd-post-link wd-fill\" href=\"https:\/\/leguidedesmontres.com\/fr\/actualites\/interview-jean-frederic-dufour\/\" rel=\"bookmark\" aria-label=\"Link on post Interview Jean-Fr\u00e9d\u00e9ric Dufour\"><\/a>\n\n\t\t\n\t<\/div>\n\n\t<div class=\"wd-post-content\">\n\t\t<div class=\"wd-post-entry-meta\">\n\t\t\t\n\n\t\t\t\t\t\t\t<div class=\"wd-modified-date\">\n\t\t\t\t\t\t\t<time class=\"updated\" datetime=\"2014-05-05T21:06:02+02:00\">\n\t\t\t05\/05\/2014\t\t<\/time>\n\t\t\t\t\t\t<\/div>\n\n\t\t\t\t<div class=\"wd-meta-date\">\n\t\t\t\t\t05 Mai 2014\t\t\t\t<\/div>\n\t\t\t\t\t<\/div>\n\n\t\t\t\t\t<h3 class=\"wd-entities-title title post-title\">\n\t\t\t\t<a href=\"https:\/\/leguidedesmontres.com\/fr\/actualites\/interview-jean-frederic-dufour\/\" rel=\"bookmark\">\n\t\t\t\t\tInterview Jean-Fr\u00e9d\u00e9ric Dufour\t\t\t\t<\/a>\n\t\t\t<\/h3>\n\t\t\n\t\t\t\t\t<div class=\"wd-post-desc\">\n\t\t\t\t\t\t\t\t\thttp:\/\/vimeo.com\/94031877\n\nJean-Fr\u00e9d\u00e9ric Dufour (CEO Z\u00e9nith au moment de l'interview) nous re\u00e7oit da...\t\t\t\t\t\t\t<\/div>\n\t\t\n\t\t\t\t\t\t\t\t\t\t<div class=\"wd-read-more\">\n\t\t\t\t\t\t<a class=\"btn-read-more more-link\" href=\"https:\/\/leguidedesmontres.com\/fr\/actualites\/interview-jean-frederic-dufour\/\">En savoir plus<\/a>\t\t\t\t\t<\/div>\n\t\t\t\t\t\t\t<\/div>\n\n\t\t\t<\/div>\n\t<\/article>\n\t\t\t\t\t\t\t\t\t\t\t\n<article id=\"post-9716\" class=\"wd-post blog-design-meta-image blog-post-loop blog-style-bg wd-col post-9716 post type-post status-publish format-standard has-post-thumbnail hentry category-hublot tag-videos\">\n\t\t\t<div class=\"wd-post-inner\">\n\t\n\t<div class=\"wd-post-thumb color-scheme-light\">\n\t\t\t\t\t<div class=\"wd-post-img\">\n\t\t\t\t<img width=\"1\" height=\"1\" src=\"https:\/\/leguidedesmontres.com\/fr\/wp-content\/uploads\/2025\/06\/51_tour_auto_2014.jpg\" class=\"attachment-large size-large\" alt=\"image failed\" decoding=\"async\" \/>\t\t\t<\/div>\n\t\t\n\t\t\t\t<a class=\"wd-post-link wd-fill\" href=\"https:\/\/leguidedesmontres.com\/fr\/actualites\/le-tour-auto-2014-en-video\/\" rel=\"bookmark\" aria-label=\"Link on post Le Tour Auto 2014 en vid\u00e9o\"><\/a>\n\n\t\t\n\t<\/div>\n\n\t<div class=\"wd-post-content\">\n\t\t<div class=\"wd-post-entry-meta\">\n\t\t\t\n\n\t\t\t\t\t\t\t<div class=\"wd-modified-date\">\n\t\t\t\t\t\t\t<time class=\"updated\" datetime=\"2014-04-17T18:06:44+02:00\">\n\t\t\t17\/04\/2014\t\t<\/time>\n\t\t\t\t\t\t<\/div>\n\n\t\t\t\t<div class=\"wd-meta-date\">\n\t\t\t\t\t17 Avr 2014\t\t\t\t<\/div>\n\t\t\t\t\t<\/div>\n\n\t\t\t\t\t<h3 class=\"wd-entities-title title post-title\">\n\t\t\t\t<a href=\"https:\/\/leguidedesmontres.com\/fr\/actualites\/le-tour-auto-2014-en-video\/\" rel=\"bookmark\">\n\t\t\t\t\tLe Tour Auto 2014 en vid\u00e9o\t\t\t\t<\/a>\n\t\t\t<\/h3>\n\t\t\n\t\t\t\t\t<div class=\"wd-post-desc\">\n\t\t\t\t\t\t\t\t\thttp:\/\/vimeo.com\/92230032\n\nLe Tour Auto, c\u2019est le rendez vous annuel des passionn\u00e9s d\u2019automobiles de...\t\t\t\t\t\t\t<\/div>\n\t\t\n\t\t\t\t\t\t\t\t\t\t<div class=\"wd-read-more\">\n\t\t\t\t\t\t<a class=\"btn-read-more more-link\" href=\"https:\/\/leguidedesmontres.com\/fr\/actualites\/le-tour-auto-2014-en-video\/\">En savoir plus<\/a>\t\t\t\t\t<\/div>\n\t\t\t\t\t\t\t<\/div>\n\n\t\t\t<\/div>\n\t<\/article>\n\t\t\t\t\t\t\t\t\t\t\t\n<article id=\"post-9717\" class=\"wd-post blog-design-meta-image blog-post-loop blog-style-bg wd-col post-9717 post type-post status-publish format-standard has-post-thumbnail hentry category-audemars-piguet tag-videos\">\n\t\t\t<div class=\"wd-post-inner\">\n\t\n\t<div class=\"wd-post-thumb color-scheme-light\">\n\t\t\t\t\t<div class=\"wd-post-img\">\n\t\t\t\t<img width=\"1\" height=\"1\" src=\"https:\/\/leguidedesmontres.com\/fr\/wp-content\/uploads\/2025\/06\/50_interview_martin_solveig_audemars_piguet_royal_oak.jpg\" class=\"attachment-large size-large\" alt=\"image failed\" decoding=\"async\" \/>\t\t\t<\/div>\n\t\t\n\t\t\t\t<a class=\"wd-post-link wd-fill\" href=\"https:\/\/leguidedesmontres.com\/fr\/actualites\/interview-martin-solveig-audemars-piguet-royal-oak\/\" rel=\"bookmark\" aria-label=\"Link on post Interview Martin Solveig &#8211; Audemars Piguet Royal Oak\"><\/a>\n\n\t\t\n\t<\/div>\n\n\t<div class=\"wd-post-content\">\n\t\t<div class=\"wd-post-entry-meta\">\n\t\t\t\n\n\t\t\t\t\t\t\t<div class=\"wd-modified-date\">\n\t\t\t\t\t\t\t<time class=\"updated\" datetime=\"2014-03-07T17:53:54+02:00\">\n\t\t\t07\/03\/2014\t\t<\/time>\n\t\t\t\t\t\t<\/div>\n\n\t\t\t\t<div class=\"wd-meta-date\">\n\t\t\t\t\t07 Mar 2014\t\t\t\t<\/div>\n\t\t\t\t\t<\/div>\n\n\t\t\t\t\t<h3 class=\"wd-entities-title title post-title\">\n\t\t\t\t<a href=\"https:\/\/leguidedesmontres.com\/fr\/actualites\/interview-martin-solveig-audemars-piguet-royal-oak\/\" rel=\"bookmark\">\n\t\t\t\t\tInterview Martin Solveig &#8211; Audemars Piguet Royal Oak\t\t\t\t<\/a>\n\t\t\t<\/h3>\n\t\t\n\t\t\t\t\t<div class=\"wd-post-desc\">\n\t\t\t\t\t\t\t\t\thttp:\/\/vimeo.com\/88434392\n\nMartin Solveig nous parle en exclusivit\u00e9 pour Le Guide des Montres de l'e...\t\t\t\t\t\t\t<\/div>\n\t\t\n\t\t\t\t\t\t\t\t\t\t<div class=\"wd-read-more\">\n\t\t\t\t\t\t<a class=\"btn-read-more more-link\" href=\"https:\/\/leguidedesmontres.com\/fr\/actualites\/interview-martin-solveig-audemars-piguet-royal-oak\/\">En savoir plus<\/a>\t\t\t\t\t<\/div>\n\t\t\t\t\t\t\t<\/div>\n\n\t\t\t<\/div>\n\t<\/article>\n\t\t\t\t\t\n\t\t\t\t\t","status":"have-posts","nextPage":"https:\/\/leguidedesmontres.com\/fr\/actualites\/tag\/videos\/page\/3\/?woo_ajax=1","currentPage":"https:\/\/leguidedesmontres.com\/fr\/actualites\/tag\/videos\/page\/2"}