{"id":8634,"date":"2015-06-06T17:37:24","date_gmt":"2015-06-06T15:37:24","guid":{"rendered":"https:\/\/leguidedesmontres.com\/fr\/actualites\/richard-mille-rm-27-02-rafael-nadal-5eme-set\/"},"modified":"2015-06-06T17:37:24","modified_gmt":"2015-06-06T15:37:24","slug":"richard-mille-rm-27-02-rafael-nadal-5eme-set","status":"publish","type":"post","link":"https:\/\/leguidedesmontres.com\/fr\/actualites\/richard-mille-rm-27-02-rafael-nadal-5eme-set\/","title":{"rendered":"Richard Mille RM 27-02 Rafael Nadal : 5\u00e8me set"},"content":{"rendered":"<p><img decoding=\"async\" data-src=\"\/fr\/wp-content\/uploads\/2025\/06\/499_rm2702_nadal.jpg\" alt=\"Richard Mille RM 27-02 Rafael Nadal : 5\u00e8me set\" class=\"wp-image featured-image lazyload\" src=\"data:image\/svg+xml;base64,PHN2ZyB3aWR0aD0iMSIgaGVpZ2h0PSIxIiB4bWxucz0iaHR0cDovL3d3dy53My5vcmcvMjAwMC9zdmciPjwvc3ZnPg==\" style=\"--smush-placeholder-width: 800px; --smush-placeholder-aspect-ratio: 800\/664;\" \/><\/p>\n<p>Le rendez-vous \u00e9tait donn\u00e9 dans un grand h\u00f4tel parisien, par deux hommes parfaitement rod\u00e9s \u00e0 l\u2019exercice des relations publiques, et unis par une certaine amiti\u00e9 : <strong>Rafael Nadal<\/strong> et <strong>Richard Mille<\/strong>. <\/p>\n<\/p>\n<p>La pr\u00e9sentation du nouveau fruit de leur association a dur\u00e9 tout juste 30 minutes et s\u2019appelle <strong>RM 27-02<\/strong>. Sans surprise, le duo a largement rappel\u00e9 les propri\u00e9t\u00e9s techniques de la pi\u00e8ce : <strong>environ 21 g<\/strong>, un mouvement r\u00e9alis\u00e9 en <strong>titane<\/strong>, r\u00e9gul\u00e9 par un <strong>tourbillon<\/strong>, et l\u2019usage autant que possible de <strong>mat\u00e9riaux composites<\/strong> d\u2019avant-garde, comme le <strong>carbone NTPT<\/strong> d\u00e9j\u00e0 pr\u00e9sent sur la pr\u00e9c\u00e9dente g\u00e9n\u00e9ration, ou une lunette et un fond en quartz TPT. <\/p>\n<\/p>\n<p>Ces acronymes sont inconnus du grand public ? Assur\u00e9ment. Mais l\u00e0 n\u2019est pas l\u2019objet. Tout l\u2019int\u00e9r\u00eat de la pi\u00e8ce est de <strong>pouvoir \u00eatre port\u00e9e au poignet sans m\u00eame la sentir<\/strong>. \u00ab <i>C\u2019est comme une seconde peau <\/i>\u00bb, ne manque pas de souligner \u00ab Rafa \u00bb. <\/p>\n<\/p>\n<p>Ci-dessus, la <strong>RM 27-02 Rafael Nadal<\/strong> au poignet<\/p>\n<p>L\u2019ancien num\u00e9ro un mondial est effectivement connu pour son perfectionnisme sur le cours. L\u2019homme ne tol\u00e8re aucun \u00e9l\u00e9ment qui puisse le distraire de son jeu. \u00ab <i>J\u2019ai pris l\u2019habitude de <strong>porter une montre<\/strong> \u00e0 une \u00e9poque o\u00f9 seul \u00e9tait indiqu\u00e9 le temps \u00e9coul\u00e9 depuis le d\u00e9but de la rencontre. Il m\u2019\u00e9tait alors impossible de savoir l\u2019heure et donc si je pouvais terminer un match particuli\u00e8rement long le jour m\u00eame, ou si je devais me pr\u00e9parer \u00e0 devoir l\u2019interrompre pour le reprendre le lendemain. Depuis ce temps-l\u00e0, je porte une montre<\/i> \u00bb, pr\u00e9cise <strong>Rafael Nadal<\/strong>. <\/p>\n<\/p>\n<p><strong>Richard Mille<\/strong>, lui, a une fois de plus justifi\u00e9 avec talent le prix astronomique de la pi\u00e8ce, fix\u00e9 \u00e0 <strong>777 000 euros<\/strong> pour seulement <strong>50 exemplaires<\/strong> : \u00ab <i>Le carbone NTPT est fantastique. Le <strong>mouvement est une pure merveille<\/strong>. Nous avons accumul\u00e9 une exp\u00e9rience hors du commun et sommes devenus en seulement 10 ans une marque que je reconnais \u00eatre <strong>anti bling-bling<\/strong>, voire clinique. Et alors ? Nos montres sont extr\u00eamement techniques et nous n\u2019avons pas peur de les porter sur le champ de bataille. Nous d\u00e9veloppons de tr\u00e8s petites s\u00e9ries. Les clients qui nous connaissent comprennent la valeur de nos pi\u00e8ces<\/i> \u00bb. <\/p>\n<\/p>\n<p>D\u00e9tails du <strong>mouvement de la RM 27-02<\/strong><\/p>\n<p><b><i>L\u2019avis de la r\u00e9daction<\/i><\/b><\/p>\n<p><b><i><\/i><\/b><\/p>\n<p><b><i><\/i><\/b><\/p>\n<p>Un Richard Mille tr\u00e8s en verve, un Rafael Nadal qui joue le jeu de l\u2019ambassadeur id\u00e9al, et de franches accolades devant les cam\u00e9ras : l\u2019exercice de relations publiques est parfaitement rod\u00e9. Pourtant, la pi\u00e8ce, une fois au poignet, est bel et bien \u00e9bouriffante de l\u00e9g\u00e8ret\u00e9, et je p\u00e8se mes mots. La technique qu\u2019elle embarque est actuellement <strong>au sommet de ce que l\u2019horlogerie du nouveau mill\u00e9naire peut proposer<\/strong>. Et pour ne rien g\u00e2cher, l\u2019esth\u00e9tique de la <strong>RM 27-02<\/strong> est un v\u00e9ritable plaisir pour les yeux, notamment avec son <strong>bracelet orange terre battue<\/strong>. <\/p>\n<\/p>\n<p><span>Comme d\u2019habitude, la question qui se pose aujourd\u2019hui est la m\u00eame qu\u2019il y a 10 ans : est-ce que tout cela vaut pr\u00e9cis\u00e9ment l\u2019\u00e9quivalent de 30,4 ann\u00e9es de salaire moyen en France ? La r\u00e9ponse n\u2019aurait pas de sens parce que la question est mal pos\u00e9e. En premier lieu, parce que la pi\u00e8ce ne s\u2019adresse \u00e9videmment pas au client b\u00e9n\u00e9ficiant du \u00ab salaire moyen \u00bb. <\/span><\/p>\n<p><strong>RM 27-02 Rafel Nadal<\/strong><\/p>\n<p>En second lieu, parce que la marque <strong>Richard Mille<\/strong> \u00e0 adopt\u00e9 d\u00e8s ses d\u00e9buts ce positionnement tr\u00e8s <strong>haut de gamme<\/strong> voire m\u00eame <strong>haute voltige<\/strong> et que, 10 ans plus tard, son succ\u00e8s est toujours l\u2019un des plus fulgurants depuis de nombreuses, tr\u00e8s nombreuses d\u00e9cennies. <\/p>\n<\/p>\n<p>La question n\u2019est donc pas de savoir c\u2019est le prix de la <strong>RM 27-02 Rafael Nadal<\/strong> est l\u00e9gitime, mais s\u2019il est juste pour son march\u00e9. Et, une fois de plus, il y a fort \u00e0 parier que les 50 exemplaires qui seront produits trouveront une nouvelle fois acqu\u00e9reurs en un temps record. <\/p>\n<\/p>\n<p>Ci-dessus, le fond de boite de la <strong>RM27-02 Rafael Nadal<\/strong><\/p>\n<p>Ci-dessus, le <strong>bracelet orange fa\u00e7on terre battue<\/strong><\/p>\n<p>Richard et Rafael lors de la conf\u00e9rence de presse<\/p>\n","protected":false},"excerpt":{"rendered":"<p>Le rendez-vous \u00e9tait donn\u00e9 dans un grand h\u00f4tel parisien, par deux hommes parfaitement rod\u00e9s \u00e0 l\u2019exercice des relations publiques, et<\/p>\n","protected":false},"author":1,"featured_media":8635,"comment_status":"open","ping_status":"open","sticky":false,"template":"","format":"standard","meta":{"_acf_changed":false,"footnotes":""},"categories":[709],"tags":[702],"class_list":["post-8634","post","type-post","status-publish","format-standard","has-post-thumbnail","hentry","category-richard-mille","tag-coup-de-coeur"],"acf":[],"_links":{"self":[{"href":"https:\/\/leguidedesmontres.com\/fr\/wp-json\/wp\/v2\/posts\/8634","targetHints":{"allow":["GET"]}}],"collection":[{"href":"https:\/\/leguidedesmontres.com\/fr\/wp-json\/wp\/v2\/posts"}],"about":[{"href":"https:\/\/leguidedesmontres.com\/fr\/wp-json\/wp\/v2\/types\/post"}],"author":[{"embeddable":true,"href":"https:\/\/leguidedesmontres.com\/fr\/wp-json\/wp\/v2\/users\/1"}],"replies":[{"embeddable":true,"href":"https:\/\/leguidedesmontres.com\/fr\/wp-json\/wp\/v2\/comments?post=8634"}],"version-history":[{"count":0,"href":"https:\/\/leguidedesmontres.com\/fr\/wp-json\/wp\/v2\/posts\/8634\/revisions"}],"wp:featuredmedia":[{"embeddable":true,"href":"https:\/\/leguidedesmontres.com\/fr\/wp-json\/wp\/v2\/media\/8635"}],"wp:attachment":[{"href":"https:\/\/leguidedesmontres.com\/fr\/wp-json\/wp\/v2\/media?parent=8634"}],"wp:term":[{"taxonomy":"category","embeddable":true,"href":"https:\/\/leguidedesmontres.com\/fr\/wp-json\/wp\/v2\/categories?post=8634"},{"taxonomy":"post_tag","embeddable":true,"href":"https:\/\/leguidedesmontres.com\/fr\/wp-json\/wp\/v2\/tags?post=8634"}],"curies":[{"name":"wp","href":"https:\/\/api.w.org\/{rel}","templated":true}]}}