{"id":8646,"date":"2015-05-08T11:17:24","date_gmt":"2015-05-08T09:17:24","guid":{"rendered":"https:\/\/leguidedesmontres.com\/fr\/actualites\/zenith-millesime-strategique-a-defaut-detre-sexy\/"},"modified":"2015-05-08T11:17:24","modified_gmt":"2015-05-08T09:17:24","slug":"zenith-millesime-strategique-a-defaut-detre-sexy","status":"publish","type":"post","link":"https:\/\/leguidedesmontres.com\/fr\/actualites\/zenith-millesime-strategique-a-defaut-detre-sexy\/","title":{"rendered":"Zenith : mill\u00e9sime strat\u00e9gique&#8230;\u00e0 d\u00e9faut d\u2019\u00eatre sexy"},"content":{"rendered":"<p><img decoding=\"async\" data-src=\"\/fr\/wp-content\/uploads\/2025\/06\/492_zenith_chrono_en_or.jpg\" alt=\"Zenith : mill\u00e9sime strat\u00e9gique...\u00e0 d\u00e9faut d\u2019\u00eatre sexy\" class=\"wp-image featured-image lazyload\" src=\"data:image\/svg+xml;base64,PHN2ZyB3aWR0aD0iMSIgaGVpZ2h0PSIxIiB4bWxucz0iaHR0cDovL3d3dy53My5vcmcvMjAwMC9zdmciPjwvc3ZnPg==\" style=\"--smush-placeholder-width: 800px; --smush-placeholder-aspect-ratio: 800\/732;\" \/><\/p>\n<p>On attendait beaucoup de <strong>Zenith<\/strong> durant cette foire de B\u00e2le. Pourquoi ? Parce que la manufacture, qui f\u00eate cette ann\u00e9e ses 150 ans, n\u2019en \u00e9tait plus totalement une. Depuis quelques ann\u00e9es, un certain nombre de calibres d\u2019origine externe avaient pris leurs aises dans les collections de la marque. Le tandem <strong>Aldo Magada<\/strong> \/ <strong>Jean-Claude Biver<\/strong> a rapidement indiqu\u00e9 vouloir remettre les choses en ordre. Objectif : d\u00e9velopper les ventes et repositionner Zenith sur l\u2019\u00e9chiquier <strong>LVMH<\/strong>, entre <strong>TAG Heuer<\/strong> et <strong>Hublot<\/strong>. C\u2019est aujourd\u2019hui chose faite.<\/p>\n<\/p>\n<p><span>En cons\u00e9quence, l\u2019une des annonces les plus strat\u00e9giques pour Zenith est aujourd\u2019hui d\u00e9veloppement de la gamme de ses <strong>calibres Elite<\/strong>, lanc\u00e9e il y a plus de 20 ans. Cette famille accueille un nouveau mouvement de base, le <strong>Elite 6150<\/strong>. Pour son lancement, il \u00e9quipe est une pi\u00e8ce \u00e9galement nomm\u00e9e Elite 6150 (simple, \u00e9pur\u00e9e mais pas vraiment sexy&#8230;).<\/span><\/p>\n<p> Ci-dessus, <strong>Zenith Elite 6150<\/strong> (sympa mais pas vraiment sexy)<\/p>\n<p>Ce garde-temps d\u00e9cevra probablement les amateurs de la maison et peinera tout autant \u00e0 convaincre le grand public. En cause : un design certes tr\u00e8s \u00e9pur\u00e9 mais \u00e0 la personnalit\u00e9 totalement effac\u00e9e. L\u2019inspiration des ann\u00e9es 50 est flagrante mais nullement propre \u00e0 Zenith. En revanche, la port\u00e9e de l\u2019annonce est \u00e9minemment strat\u00e9gique et il est possible que certains collectionneurs se fassent un plaisir jubilatoire d\u2019acqu\u00e9rir cette pi\u00e8ce, pr\u00e9cis\u00e9ment parce qu\u2019elle me marque un tournant dans la destin\u00e9e industrielle de la manufacture.<\/p>\n<\/p>\n<p>L\u2019autre grand pilier de d\u00e9veloppement de Zenith se nomme sans surprise El Primero. Il faut l\u00e0 encore y voir la volont\u00e9 pour Zenith de capitaliser sur sa qualit\u00e9 de manufacture. Trois nouveaux mod\u00e8les voient le jour, rassembl\u00e9s sous la banni\u00e8re \u00ab <strong>El Primero Sport<\/strong> \u00bb. L\u2019esth\u00e9tique est globalement inchang\u00e9e, avec le c\u00e9l\u00e8bre affichage <strong>tricompax<\/strong> que l\u2019on conna\u00eet depuis <strong>1969<\/strong>. <\/p>\n<\/p>\n<p> Ci-dessus, <strong>Zenith El Primero Sport<\/strong><\/p>\n<p>On note toutefois un cadran dont les bords (avant r\u00e9haut) ont \u00e9t\u00e9 l\u00e9g\u00e8rement biseaut\u00e9s, rendant le visage de la collection plus sportif. La pi\u00e8ce est <strong>\u00e9tanche \u00e0 200 m\u00e8tres<\/strong> et les <strong>poussoirs du chronographe<\/strong> sont dor\u00e9navant viss\u00e9s, ce qui renforce cette orientation. <\/p>\n<\/p>\n<p>Malheureusement, les trois d\u00e9clinaisons naviguent dans de simples et relativement tristes variations de gris (on pr\u00e9f\u00e8re de loin la version <strong>vintage originale de 1969<\/strong>). M\u00eame si les bracelets sont eux aussi propos\u00e9s en deux mat\u00e9riaux diff\u00e9rents, la nouvelle collection \u00ab El Primero Sport \u00bb n\u2019affiche pas un sex-appeal irr\u00e9sistible.<\/p>\n<\/p>\n<p><img decoding=\"async\" data-src=\"\/fr\/wp-content\/uploads\/2025\/06\/492_2540_zenith_el_primero_sport_chrono.jpg\" alt=\"\" class=\"wp-image lazyload\" src=\"data:image\/svg+xml;base64,PHN2ZyB3aWR0aD0iMSIgaGVpZ2h0PSIxIiB4bWxucz0iaHR0cDovL3d3dy53My5vcmcvMjAwMC9zdmciPjwvc3ZnPg==\" style=\"--smush-placeholder-width: 620px; --smush-placeholder-aspect-ratio: 620\/464;\" \/><\/p>\n<p>Derni\u00e8re manifestation de ce recentrage global sur les collections Elite et El Primero, Zenith fait dispara\u00eetre sa collection <strong>Captain<\/strong>, dor\u00e9navant renomm\u00e9e&#8230;El Primero. Le <strong>chronographe Winsor Calendrier Annuel<\/strong> pr\u00e9sent\u00e9 \u00e0 Baselworld n\u2019est donc pas une nouveaut\u00e9 mais, comme l\u2019appelle les sp\u00e9cialistes marketing, un \u2018<strong>rebranding<\/strong>\u2019. <\/p>\n<\/p>\n<p><span>La pi\u00e8ce reste pourtant l\u2019une des plus int\u00e9ressantes, avec un calendrier annuel complet doubl\u00e9 d\u2019un chronographe et d\u2019une <strong>phase de lune<\/strong>, tous dispos\u00e9s de mani\u00e8re parfaitement lisible. L\u2019exercice de style est toujours aussi convaincant. Esp\u00e9rons que la manufacture, au terme de ce virage aussi indispensable que bien men\u00e9, saura retrouver un entrain cr\u00e9atif plus enjou\u00e9. <\/span><\/p>\n<p> <strong>Zenith Winsor Chronographe Calendrier Annuel<\/strong><\/p>\n<p><strong>Zenith El Primero edition Tour Auto 2015 (serie limit\u00e9e 500 pi\u00e8ces)<\/strong><\/p>\n<p>Finalement, nous avons \u00e9t\u00e9 peu conquis par cette nouvelle collection 2015, mise \u00e0 part, et c&rsquo;est notre vrai coup de coeur chez Zenith cette ann\u00e9e, cette edition Tour Auto 2015 du chronographe El Primero.<\/p>\n","protected":false},"excerpt":{"rendered":"<p>On attendait beaucoup de Zenith durant cette foire de B\u00e2le. Pourquoi ? Parce que la manufacture, qui f\u00eate cette ann\u00e9e<\/p>\n","protected":false},"author":1,"featured_media":8647,"comment_status":"open","ping_status":"open","sticky":false,"template":"","format":"standard","meta":{"_acf_changed":false,"footnotes":""},"categories":[729],"tags":[706],"class_list":["post-8646","post","type-post","status-publish","format-standard","has-post-thumbnail","hentry","category-zenith","tag-au-fil-de-lactualite"],"acf":[],"_links":{"self":[{"href":"https:\/\/leguidedesmontres.com\/fr\/wp-json\/wp\/v2\/posts\/8646","targetHints":{"allow":["GET"]}}],"collection":[{"href":"https:\/\/leguidedesmontres.com\/fr\/wp-json\/wp\/v2\/posts"}],"about":[{"href":"https:\/\/leguidedesmontres.com\/fr\/wp-json\/wp\/v2\/types\/post"}],"author":[{"embeddable":true,"href":"https:\/\/leguidedesmontres.com\/fr\/wp-json\/wp\/v2\/users\/1"}],"replies":[{"embeddable":true,"href":"https:\/\/leguidedesmontres.com\/fr\/wp-json\/wp\/v2\/comments?post=8646"}],"version-history":[{"count":0,"href":"https:\/\/leguidedesmontres.com\/fr\/wp-json\/wp\/v2\/posts\/8646\/revisions"}],"wp:featuredmedia":[{"embeddable":true,"href":"https:\/\/leguidedesmontres.com\/fr\/wp-json\/wp\/v2\/media\/8647"}],"wp:attachment":[{"href":"https:\/\/leguidedesmontres.com\/fr\/wp-json\/wp\/v2\/media?parent=8646"}],"wp:term":[{"taxonomy":"category","embeddable":true,"href":"https:\/\/leguidedesmontres.com\/fr\/wp-json\/wp\/v2\/categories?post=8646"},{"taxonomy":"post_tag","embeddable":true,"href":"https:\/\/leguidedesmontres.com\/fr\/wp-json\/wp\/v2\/tags?post=8646"}],"curies":[{"name":"wp","href":"https:\/\/api.w.org\/{rel}","templated":true}]}}