{"id":8710,"date":"2015-01-28T19:52:23","date_gmt":"2015-01-28T17:52:23","guid":{"rendered":"https:\/\/leguidedesmontres.com\/fr\/actualites\/sihh-2015-tres-sage-baume-mercier\/"},"modified":"2015-01-28T19:52:23","modified_gmt":"2015-01-28T17:52:23","slug":"sihh-2015-tres-sage-baume-mercier","status":"publish","type":"post","link":"https:\/\/leguidedesmontres.com\/fr\/actualites\/sihh-2015-tres-sage-baume-mercier\/","title":{"rendered":"SIHH 2015 : Tr\u00e8s sage Baume &amp; Mercier"},"content":{"rendered":"<p><img decoding=\"async\" data-src=\"\/fr\/wp-content\/uploads\/2025\/06\/460_baume_et_mercier_classima.jpg\" alt=\"SIHH 2015 : Tr\u00e8s sage Baume &#038; Mercier\" class=\"wp-image featured-image lazyload\" src=\"data:image\/svg+xml;base64,PHN2ZyB3aWR0aD0iMSIgaGVpZ2h0PSIxIiB4bWxucz0iaHR0cDovL3d3dy53My5vcmcvMjAwMC9zdmciPjwvc3ZnPg==\" style=\"--smush-placeholder-width: 620px; --smush-placeholder-aspect-ratio: 620\/460;\" \/><\/p>\n<p><strong>Baume &#038; Mercier<\/strong> s\u2019offre un nouveau <strong>SIHH<\/strong> \u00e0 la mesure des pr\u00e9c\u00e9dents : sans surprise. Si l\u2019\u00e9dition 2014 avait pr\u00e9sent\u00e9 un <strong>tourbillon<\/strong> qui, comme le souligne lui-m\u00eame le CEO de la maison <strong>Alain Zimmermann<\/strong>, \u00ab <i>a fait couler beaucoup d\u2019encre <\/i>\u00bb, le mill\u00e9sime 2015 retombe dans sa zone de confort. Conventionnelle, attendue, mais avec une certaine efficacit\u00e9 pour le grand public.<\/p>\n<\/p>\n<\/p>\n<p>Baume &#038; Mercier poursuit donc son discours des \u00ab moments \u00bb (anniversaires, mariages, dipl\u00f4mes, etc.) pour lesquels ses garde-temps doivent s\u2019imposer. La marque a rang\u00e9 au placard son ambiance <strong>Hampton<\/strong>, jug\u00e9e trop \u00e9loign\u00e9e (et pour cause) des r\u00e9flexes identitaires de l\u2019Asie ou de l\u2019Europe. Retour \u00e0 la case d\u00e9part, la c\u00e9l\u00e9bration des moments, mais sans plage ni bungalows. Dommage, le d\u00e9cor \u00e9tait bien plant\u00e9.<\/p>\n<\/p>\n<p> Ci-dessus, <strong>Baume et Mercier Hampton<\/strong> <\/p>\n<\/p>\n<p>C\u2019est aujourd\u2019hui l\u2019\u00e9cole qui devient le lieu de pr\u00e9dilection de Baume &#038; Mercier. Sans que l\u2019on sache en quoi ils consistent exactement, la marque a annonc\u00e9 avoir nou\u00e9 des partenariats avec bon nombre d\u2019\u00e9coles dans le monde, dont l\u2019<strong>ESSEC<\/strong> en France. On imagine l\u2019action commerciale \u00eatre dirig\u00e9e envers les \u00e9tudiants, pour f\u00eater leur premier dipl\u00f4me, voire leur premier poste. En tout \u00e9tat de cause, Baume &#038; Mercier s\u2019est attach\u00e9e depuis deux ans \u00e0 d\u00e9velopper des gammes coh\u00e9rentes et \u00e0 des prix serr\u00e9s, et parvient \u00e0 son r\u00e9sultat avec toujours la m\u00eame efficacit\u00e9.<\/p>\n<\/p>\n<\/p>\n<p>Cette ann\u00e9e, c\u2019est la <strong>Classima<\/strong> (cr\u00e9\u00e9e il y a pr\u00e8s de 20 ans, en 1996) qui s\u2019offre un lifting complet. Dans un \u00e9tonnant aveu, Alain Zimmermann confesse avoir \u00ab <i>n\u00e9glig\u00e9 cette collection qui remporte pourtant un succ\u00e8s ph\u00e9nom\u00e9nal<\/i> \u00bb. L\u2019oubli semble r\u00e9par\u00e9 puisque la pi\u00e8ce s\u2019offre aujourd\u2019hui en <strong>40 mm<\/strong> avec un nouveau guilloch\u00e9 ligne, d\u00e8s <strong>1500 euros<\/strong>. <\/p>\n<\/p>\n<\/p>\n<p> Ci-dessus, la <strong>Baume et Mercier Classima<\/strong><\/p>\n<\/p>\n<p>    <span>La <strong>Clifton<\/strong>, elle, n\u2019a que deux ans. Si elle se maintient en <strong>43 mm<\/strong>, elle se dote aujourd\u2019hui d\u2019une <strong>grande date<\/strong> \u00e0 midi et d\u2019une <strong>r\u00e9serve de marche<\/strong> \u00e0 6h. Dans leur show int\u00e9gralement lu au prompteur, avec une spontan\u00e9it\u00e9 quasi-robotique, les h\u00f4tes Baume &#038; Mercier ont pr\u00e9sent\u00e9 la pi\u00e8ce comme dot\u00e9e d\u2019un style de \u00ab <i>grand classique <\/i>\u00bb &#8211; ce qui, en somme, pourrait s\u2019appliquer \u00e0 la quasi-totalit\u00e9 des collections, et c\u2019est ce qui en fait la force : des mod\u00e8les conventionnels, ind\u00e9modables, particuli\u00e8rement bien finis et \u00e0 des prix agressifs. La Clifton devrait n\u00e9anmoins passer la barre des <strong>3500 euros<\/strong>. <\/span><\/p>\n<\/p>\n<p> Ci-dessus, <strong>Baume &#038; Mercier Clifton<\/strong><\/p>\n<\/p>\n<p>La <strong>Hampton<\/strong> est de dix fois son ain\u00e9e. Elle a f\u00eat\u00e9 en 2014 ses 20 ans. Son esth\u00e9tique Arts D\u00e9cos a \u00e9t\u00e9 retravaill\u00e9e, et la pi\u00e8ce s\u2019offre toujours ce galbe int\u00e9ressant, la rendant tr\u00e8s agr\u00e9able au poignet. La collection s\u2019offre globalement aux alentours de <strong>2200 euros<\/strong>.<\/p>\n<\/p>\n<\/p>\n<p>C\u00f4t\u00e9 dames, enfin, Baume &#038; Mercier poursuit son offensive chromatique, avec quatre vives couleurs offertes \u00e0 sa <strong>Linea<\/strong>. L\u2019approche est d\u00e9lib\u00e9r\u00e9ment \u00ab fashion \u00bb, la montre ne se d\u00e9modera pas mais son bracelet si, et c\u2019est bien pour cela que Baume &#038; Mercier les rend interchangeables sans outil.<\/p>\n<\/p>\n<\/p>\n<p>La <strong>Promesse<\/strong>, pour conclure, est la seconde ligne f\u00e9minine, lanc\u00e9e l\u2019ann\u00e9e derni\u00e8re. Elle reste marqu\u00e9e par sa lunette l\u00e9g\u00e8rement ovale dans une bo\u00eete ronde, disponible en 30 et 34 mm. On retient notamment un mod\u00e8le int\u00e9ressant aux tons bleus et \u00e0 <strong>phase de Lune<\/strong>, \u00e9quip\u00e9 d\u2019un <strong>calibre \u00e0 quartz<\/strong>. <\/p>\n<\/p>\n<\/p>\n<p>Olivier M\u00fcller<\/p>\n<\/p>\n<p><i> <\/i><\/p>\n<p><i> <\/i><\/p>\n<p><i><span>Visuels \u00a9 Baume &#038; Mercier, Le Guide des Montres.com<\/span><\/i><\/p>\n<\/p>\n<p> Ci-dessus, la ligne <strong>Linea Baume &#038; Mercier<\/strong><\/p>\n<p> Ci-dessus, <strong>Baume &#038; Mercier Promesse<\/strong><\/p>\n","protected":false},"excerpt":{"rendered":"<p>Baume &#038; Mercier s\u2019offre un nouveau SIHH \u00e0 la mesure des pr\u00e9c\u00e9dents : sans surprise. Si l\u2019\u00e9dition 2014 avait pr\u00e9sent\u00e9<\/p>\n","protected":false},"author":1,"featured_media":8711,"comment_status":"open","ping_status":"open","sticky":false,"template":"","format":"standard","meta":{"_acf_changed":false,"footnotes":""},"categories":[715],"tags":[706],"class_list":["post-8710","post","type-post","status-publish","format-standard","has-post-thumbnail","hentry","category-baume-et-mercier","tag-au-fil-de-lactualite"],"acf":[],"_links":{"self":[{"href":"https:\/\/leguidedesmontres.com\/fr\/wp-json\/wp\/v2\/posts\/8710","targetHints":{"allow":["GET"]}}],"collection":[{"href":"https:\/\/leguidedesmontres.com\/fr\/wp-json\/wp\/v2\/posts"}],"about":[{"href":"https:\/\/leguidedesmontres.com\/fr\/wp-json\/wp\/v2\/types\/post"}],"author":[{"embeddable":true,"href":"https:\/\/leguidedesmontres.com\/fr\/wp-json\/wp\/v2\/users\/1"}],"replies":[{"embeddable":true,"href":"https:\/\/leguidedesmontres.com\/fr\/wp-json\/wp\/v2\/comments?post=8710"}],"version-history":[{"count":0,"href":"https:\/\/leguidedesmontres.com\/fr\/wp-json\/wp\/v2\/posts\/8710\/revisions"}],"wp:featuredmedia":[{"embeddable":true,"href":"https:\/\/leguidedesmontres.com\/fr\/wp-json\/wp\/v2\/media\/8711"}],"wp:attachment":[{"href":"https:\/\/leguidedesmontres.com\/fr\/wp-json\/wp\/v2\/media?parent=8710"}],"wp:term":[{"taxonomy":"category","embeddable":true,"href":"https:\/\/leguidedesmontres.com\/fr\/wp-json\/wp\/v2\/categories?post=8710"},{"taxonomy":"post_tag","embeddable":true,"href":"https:\/\/leguidedesmontres.com\/fr\/wp-json\/wp\/v2\/tags?post=8710"}],"curies":[{"name":"wp","href":"https:\/\/api.w.org\/{rel}","templated":true}]}}