{"id":8760,"date":"2014-11-18T14:01:06","date_gmt":"2014-11-18T12:01:06","guid":{"rendered":"https:\/\/leguidedesmontres.com\/fr\/actualites\/lagenda-culturel-de-lhorlogerie\/"},"modified":"2014-11-18T14:01:06","modified_gmt":"2014-11-18T12:01:06","slug":"lagenda-culturel-de-lhorlogerie","status":"publish","type":"post","link":"https:\/\/leguidedesmontres.com\/fr\/actualites\/lagenda-culturel-de-lhorlogerie\/","title":{"rendered":"L\u2019agenda culturel de l\u2019horlogerie"},"content":{"rendered":"<p><img decoding=\"async\" data-src=\"\/fr\/wp-content\/uploads\/2025\/06\/434_salon_belles_montres_8eme_edition.jpg\" alt=\"L\u2019agenda culturel de l\u2019horlogerie\" class=\"wp-image featured-image lazyload\" src=\"data:image\/svg+xml;base64,PHN2ZyB3aWR0aD0iMSIgaGVpZ2h0PSIxIiB4bWxucz0iaHR0cDovL3d3dy53My5vcmcvMjAwMC9zdmciPjwvc3ZnPg==\" style=\"--smush-placeholder-width: 620px; --smush-placeholder-aspect-ratio: 620\/648;\" \/><\/p>\n<p>F\u00eates de fin d\u2019ann\u00e9es et grands salons approchant, l\u2019<strong>actualit\u00e9 horlog\u00e8re<\/strong> vit avec intensit\u00e9 ces derniers mois de 2014. Expositions, livres, \u00e9v\u00e9nements, salons : ne ratez rien de la fin d\u2019ann\u00e9e horlog\u00e8re !<\/p>\n<\/p>\n<\/p>\n<p><b>Belles Montres : le salon horloger grand public<\/b><\/p>\n<\/p>\n<p><span>Les <strong>21, 22 et 23 novembre<\/strong>, le <strong>Carrousel du Louvre<\/strong> sera une nouvelle fois investi par tous les <strong>passionn\u00e9s d\u2019horlogerie<\/strong>. Le <strong>salon Belles Montres<\/strong> y tiendra sa huit\u00e8me \u00e9dition. Pr\u00e8s de <strong>50 marques<\/strong> y tiendront des stands ouverts \u00e0 tous, pr\u00e9sentant leurs derniers mod\u00e8les ainsi que leurs plus beaux savoir-faire. Plusieurs conf\u00e9rences gratuites seront propos\u00e9es, permettant notamment de rencontrer en direct les <strong>horlogers Ludovic Ballouard<\/strong> et <strong>Kari Voutilainen<\/strong>, laur\u00e9at du dernier <strong><a href=\"https:\/\/leguidedesmontres.com\/fr\/actualites\/429\/gphg-2014-les-resultats\" target=\"_blank\">Grand Prix de l\u2019Horlogerie de Gen\u00e8ve<\/a><\/strong>. <\/span><\/p>\n<p><strong><span>Entr\u00e9e : 12 euros<\/span><\/strong><span>. <\/span><\/p>\n<\/p>\n<p><img decoding=\"async\" data-src=\"\/fr\/wp-content\/uploads\/2025\/06\/434_2023_hublot_see_touch_feel_expo.jpg\" alt=\"\" class=\"wp-image lazyload\" src=\"data:image\/svg+xml;base64,PHN2ZyB3aWR0aD0iMSIgaGVpZ2h0PSIxIiB4bWxucz0iaHR0cDovL3d3dy53My5vcmcvMjAwMC9zdmciPjwvc3ZnPg==\" style=\"--smush-placeholder-width: 620px; --smush-placeholder-aspect-ratio: 620\/413;\" \/><\/p>\n<p><b>Hublot s\u2019expose<\/b><\/p>\n<p><b><\/b><\/p>\n<p><b><\/b><\/p>\n<p>A partir du <strong>26 novembre<\/strong>, le photographe <strong>Martin Dujol<\/strong> exposera \u00e0 la <strong>boutique Hublot de la place Vend\u00f4me<\/strong> une galerie de clich\u00e9s relatifs \u00e0 la mati\u00e8re horlog\u00e8re. Intitul\u00e9e \u00ab <strong>See, Touch, Feel<\/strong> \u00bb, cette r\u00e9trospective photo permettra de saisir, en grand format, la subtilit\u00e9 des tons, des mati\u00e8res, des couleurs, bref, l\u2019intimit\u00e9 des mat\u00e9riaux que l\u2019on retrouve dans les gammes d\u2019<strong><a href=\"https:\/\/leguidedesmontres.com\/fr\/prix-du-neuf\/hublot\" target=\"_blank\">Hublot<\/a><\/strong>, inventeur du concept de <strong>fusion<\/strong>. Vernissage le mercredi 26 novembre au soir, entr\u00e9e libre. <\/p>\n<\/p>\n<\/p>\n<p><img decoding=\"async\" data-src=\"\/fr\/wp-content\/uploads\/2025\/06\/434_2025_de_midi_a_minuit_livre_maitres_horlogers.png\" alt=\"\" class=\"wp-image lazyload\" src=\"data:image\/svg+xml;base64,PHN2ZyB3aWR0aD0iMSIgaGVpZ2h0PSIxIiB4bWxucz0iaHR0cDovL3d3dy53My5vcmcvMjAwMC9zdmciPjwvc3ZnPg==\" style=\"--smush-placeholder-width: 455px; --smush-placeholder-aspect-ratio: 455\/537;\" \/><\/p>\n<p><b>L\u2019horlogerie franc-ma\u00e7onne se d\u00e9couvre<\/b><\/p>\n<p><b><\/b><\/p>\n<p><b><\/b><\/p>\n<p><span>L\u2019art de l\u2019horlogerie dans la <strong>franc-ma\u00e7onnerie<\/strong>, c\u2019est quoi ? Quelles sont ces montres ma\u00e7onniques souvent rares et uniques ? Pour qui ont-elles \u00e9t\u00e9 r\u00e9alis\u00e9es et pourquoi ?  <strong><a href=\"https:\/\/leguidedesmontres.com\/fr\/collectionneurs\/247\/avis-aux-collectionneurs-de-breitling\" target=\"_blank\">Didier Gottardini<\/a><\/strong> et <strong>Emmanuel Lecugy<\/strong> ont r\u00e9ussi \u00e0 p\u00e9n\u00e9trer l\u2019envers du d\u00e9cor de l\u2019un des milieux horlogers les plus secrets. \u00ab <strong>De midi \u00e0 minuit<\/strong> \u00bb est un ouvrage unique, le premier de ce genre consacr\u00e9 \u00e0 l\u2019<strong>horlogerie ma\u00e7onnique<\/strong>. P\u00e9n\u00e9trez cet univers fascinant avec un ouvrage document\u00e9 de plusieurs centaines de photos, l\u2019immense majorit\u00e9 \u00e9tant in\u00e9dite. Didier Gottardini, <strong>expert en horlogerie<\/strong>, y appose un style incisif, expert. Un ouvrage qui fera date, \u00e0 mettre entre toutes les mains. En souscription imm\u00e9diate \u00e0 <strong>69 euros<\/strong> (au lieu de 79 euros \u00e0 sa parution) aupr\u00e8s de <strong>Watchprint<\/strong>. <\/span><\/p>\n<\/p>\n<p><img decoding=\"async\" data-src=\"\/fr\/wp-content\/uploads\/2025\/06\/434_2027_livre_piaget.jpg\" alt=\"\" class=\"wp-image lazyload\" src=\"data:image\/svg+xml;base64,PHN2ZyB3aWR0aD0iMSIgaGVpZ2h0PSIxIiB4bWxucz0iaHR0cDovL3d3dy53My5vcmcvMjAwMC9zdmciPjwvc3ZnPg==\" style=\"--smush-placeholder-width: 620px; --smush-placeholder-aspect-ratio: 620\/768;\" \/><\/p>\n<p><b>Piaget se d\u00e9voile<\/b><\/p>\n<p><b><\/b><\/p>\n<p><b><\/b><\/p>\n<p>La c\u00e9l\u00e8bre <strong>manufacture de la C\u00f4te-aux-F\u00e9es<\/strong> f\u00eate cette ann\u00e9e ses <strong>140 ans<\/strong>. Pour l\u2019occasion, elle \u00e9dite un livre anniversaire qui r\u00e9v\u00e8le aussi bien l\u2019histoire horlog\u00e8re de la maison que son talent joaillier, v\u00e9ritable institution de la <strong>place Vendome<\/strong>. De ses embl\u00e9matiques mod\u00e8les extra-plats jusqu\u2019aux bijoux les plus extravagants, <strong><a href=\"https:\/\/leguidedesmontres.com\/fr\/actualites\/290\/piaget-reprend-ses-droits-sur-lextra-plat\" target=\"_blank\">Piaget<\/a><\/strong> a su imposer un style unique, ici richement document\u00e9 par <strong>Florence M\u00fcller<\/strong>, commissaire d\u2019expositions, enseignante, dipl\u00f4m\u00e9e de l\u2019Ecole du Louvre. Un \u00ab coffee table book \u00bb de prestige, cadeau id\u00e9al de fin d\u2019ann\u00e9e ?<\/p>\n<\/p>\n<\/p>\n<p><b>Le SIHH \u00ab all inclusive \u00bb<\/b><\/p>\n<\/p>\n<p>La <strong>Geneva Watch Fair<\/strong> se tiendra \u00e0 Gen\u00e8ve \u00e0 partir du 19 janvier. Majoritairement r\u00e9serv\u00e9e aux professionnels, elle ne pourra accueillir les passionn\u00e9s d\u2019horlogerie qui voudraient, eux aussi, avoir un regard exclusif sur les collections 2015. La solution ? <strong>Objectif Horlogerie<\/strong> ! Le <strong>centre de formation horlog\u00e8re<\/strong> ouvert au public a cr\u00e9\u00e9 un voyage sur-mesure pour l\u2019occasion. Pour moins de 1300 euros, il permettra \u00e0 une douzaine de participants de se rendre \u00e0 Gen\u00e8ve pour deux jours, en format \u2018tout compris\u2019, notamment le voyage en premi\u00e8re classe, l\u2019h\u00e9bergement en h\u00f4tel cinq \u00e9toiles, les entr\u00e9es, de multiples intervenants horlogers en t\u00eate \u00e0 t\u00eate, etc. Seul inconv\u00e9nient ? Il n\u2019y en aura pas pour tout le monde ! Mais il se dit qu\u2019Objectif Horlogerie songe \u00e0 un format similaire pour Baselworld&#8230; Renseignements sur <a href=\"http:\/\/www.objectifhorlogerie.fr\/voyage\" target=\"_blank\" rel=\"noopener noreferrer nofollow\"><strong>www.objectifhorlogerie.fr\/voyage<\/strong><\/a> .<\/p>\n<\/p>\n<p>Olivier M\u00fcller<\/p>\n<\/p>\n<p><img decoding=\"async\" data-src=\"\/fr\/wp-content\/uploads\/2025\/06\/434_2030_objectif_horlogerie.jpg\" alt=\"\" class=\"wp-image lazyload\" src=\"data:image\/svg+xml;base64,PHN2ZyB3aWR0aD0iMSIgaGVpZ2h0PSIxIiB4bWxucz0iaHR0cDovL3d3dy53My5vcmcvMjAwMC9zdmciPjwvc3ZnPg==\" style=\"--smush-placeholder-width: 620px; --smush-placeholder-aspect-ratio: 620\/291;\" \/><\/p>\n","protected":false},"excerpt":{"rendered":"<p>F\u00eates de fin d\u2019ann\u00e9es et grands salons approchant, l\u2019actualit\u00e9 horlog\u00e8re vit avec intensit\u00e9 ces derniers mois de 2014. Expositions, livres,<\/p>\n","protected":false},"author":1,"featured_media":8761,"comment_status":"open","ping_status":"open","sticky":false,"template":"","format":"standard","meta":{"_acf_changed":false,"footnotes":""},"categories":[705],"tags":[706],"class_list":["post-8760","post","type-post","status-publish","format-standard","has-post-thumbnail","hentry","category-autre","tag-au-fil-de-lactualite"],"acf":[],"_links":{"self":[{"href":"https:\/\/leguidedesmontres.com\/fr\/wp-json\/wp\/v2\/posts\/8760","targetHints":{"allow":["GET"]}}],"collection":[{"href":"https:\/\/leguidedesmontres.com\/fr\/wp-json\/wp\/v2\/posts"}],"about":[{"href":"https:\/\/leguidedesmontres.com\/fr\/wp-json\/wp\/v2\/types\/post"}],"author":[{"embeddable":true,"href":"https:\/\/leguidedesmontres.com\/fr\/wp-json\/wp\/v2\/users\/1"}],"replies":[{"embeddable":true,"href":"https:\/\/leguidedesmontres.com\/fr\/wp-json\/wp\/v2\/comments?post=8760"}],"version-history":[{"count":0,"href":"https:\/\/leguidedesmontres.com\/fr\/wp-json\/wp\/v2\/posts\/8760\/revisions"}],"wp:featuredmedia":[{"embeddable":true,"href":"https:\/\/leguidedesmontres.com\/fr\/wp-json\/wp\/v2\/media\/8761"}],"wp:attachment":[{"href":"https:\/\/leguidedesmontres.com\/fr\/wp-json\/wp\/v2\/media?parent=8760"}],"wp:term":[{"taxonomy":"category","embeddable":true,"href":"https:\/\/leguidedesmontres.com\/fr\/wp-json\/wp\/v2\/categories?post=8760"},{"taxonomy":"post_tag","embeddable":true,"href":"https:\/\/leguidedesmontres.com\/fr\/wp-json\/wp\/v2\/tags?post=8760"}],"curies":[{"name":"wp","href":"https:\/\/api.w.org\/{rel}","templated":true}]}}