{"id":8772,"date":"2014-10-30T21:05:55","date_gmt":"2014-10-30T19:05:55","guid":{"rendered":"https:\/\/leguidedesmontres.com\/fr\/actualites\/felix-baumgartner-et-christophe-colomb-senvoient-en-lair\/"},"modified":"2014-10-30T21:05:55","modified_gmt":"2014-10-30T19:05:55","slug":"felix-baumgartner-et-christophe-colomb-senvoient-en-lair","status":"publish","type":"post","link":"https:\/\/leguidedesmontres.com\/fr\/actualites\/felix-baumgartner-et-christophe-colomb-senvoient-en-lair\/","title":{"rendered":"Felix Baumgartner et Christophe Colomb s\u2019envoient en l\u2019air"},"content":{"rendered":"<p><img decoding=\"async\" data-src=\"\/fr\/wp-content\/uploads\/2025\/06\/428_felix_baumgartner_coolrain.jpg\" alt=\"Felix Baumgartner et Christophe Colomb s\u2019envoient en l\u2019air\" class=\"wp-image featured-image lazyload\" src=\"data:image\/svg+xml;base64,PHN2ZyB3aWR0aD0iMSIgaGVpZ2h0PSIxIiB4bWxucz0iaHR0cDovL3d3dy53My5vcmcvMjAwMC9zdmciPjwvc3ZnPg==\" style=\"--smush-placeholder-width: 620px; --smush-placeholder-aspect-ratio: 620\/413;\" \/><\/p>\n<p>L\u2019un a travers\u00e9 l\u2019Atlantique, l\u2019autre, la stratosph\u00e8re. Il a d\u00e9couvert l\u2019Am\u00e9rique, il est rentr\u00e9 \u00e0 pied de l\u2019espace. Ils ne sont pas du m\u00eame si\u00e8cle mais sont aujourd\u2019hui r\u00e9unis sous une m\u00eame banni\u00e8re, \u00e9toil\u00e9e de surcro\u00eet, celle de <strong><a href=\"https:\/\/leguidedesmontres.com\/fr\/prix-du-neuf\/zenith\" target=\"_blank\">Zenith<\/a><\/strong>.<\/p>\n<\/p>\n<\/p>\n<p><b>L\u2019heure est Gravity<\/b><\/p>\n<p><b><\/b><\/p>\n<p><b><\/b><\/p>\n<p>On se souvient du projet <strong>Christophe Colomb<\/strong> de <strong>Zenith<\/strong> : un <strong>organe r\u00e9gulateur \u00e0 haute fr\u00e9quence<\/strong> (<strong>36 000 alternances\/heure<\/strong>) coupl\u00e9 \u00e0 un module gyroscopique de contr\u00f4le de gravit\u00e9 (<strong>gravity control<\/strong>) qui neutralise les effets de la gravit\u00e9. S\u00e9duisante, voire sculpturale, la pi\u00e8ce se classe entre une <strong><a href=\"https:\/\/leguidedesmontres.com\/fr\/actualites\/160\/nouveau-double-tourbillon-asymetrique-pour-greubel-forsey\" target=\"_blank\">Greubel Forsey<\/a><\/strong> et un <strong>Gyrotourbillon<\/strong> de <strong>Jaeger-LeCoultre<\/strong>. Le proc\u00e9d\u00e9 reste toutefois exclusif \u00e0 Zenith.<\/p>\n<\/p>\n<p><span>Il s\u2019inspire des <strong>chronom\u00e8tres de marine<\/strong>. La suspension \u00e0 cardan dont \u00e9taient \u00e9quip\u00e9s les bateaux leur permettait de rester en position horizontale, quel que soit le tangage. Le module Zenith reprend le m\u00eame principe en le miniaturisant: il permet \u00e0 l\u2019\u00e9chappement de rester en permanence en position horizontale, quelle que soit l\u2019inclinaison du poignet. R\u00e9sultat, le <strong>balancier<\/strong> b\u00e9n\u00e9ficie de la meilleure amplitude possible et l\u2019influence de la gravit\u00e9 terrestre sur la marche du mouvement est neutralis\u00e9e, garantissant ainsi une plus grande pr\u00e9cision. <\/span><\/p>\n<\/p>\n<p><img decoding=\"async\" data-src=\"\/fr\/wp-content\/uploads\/2025\/06\/428_1976_zenith_christophe_colomb_tribute_to_felix_baumgartner_39_2210_8804_58_c714.jpg\" alt=\"\" class=\"wp-image lazyload\" src=\"data:image\/svg+xml;base64,PHN2ZyB3aWR0aD0iMSIgaGVpZ2h0PSIxIiB4bWxucz0iaHR0cDovL3d3dy53My5vcmcvMjAwMC9zdmciPjwvc3ZnPg==\" style=\"--smush-placeholder-width: 620px; --smush-placeholder-aspect-ratio: 620\/750;\" \/><\/p>\n<p>L\u2019id\u00e9e de Zenith suit la m\u00eame logique qu\u2019un <strong>tourbillon<\/strong> \u00e0 plusieurs axes, mais interpr\u00e9t\u00e9e de mani\u00e8re encore plus aboutie. Elle avait d\u2019ailleurs \u00e9t\u00e9 r\u00e9compens\u00e9e au <strong>Grand Prix d\u2019Horlogerie de Gen\u00e8ve<\/strong> en 2011 dans la cat\u00e9gorie <strong>montres \u00e0 complications<\/strong>.<\/p>\n<\/p>\n<p><b>S\u00e9rie limit\u00e9e la plus rapide du monde<\/b><\/p>\n<p><b><\/b><\/p>\n<p><b><\/b><\/p>\n<p>1357,6 km\/h : c\u2019est la vitesse \u00e0 laquelle <strong>Felix Baumgartner<\/strong> a traverser la stratosph\u00e8re. C\u2019est aussi l\u2019inscription qui est port\u00e9e au dos de la <strong>Christophe Colomb<\/strong>, avec les autres records du monde de l\u2019homme, le saut le plus long et la dur\u00e9e de saut la plus longue (4 minutes 20 secondes de chute).<\/p>\n<\/p>\n<\/p>\n<p>En dehors de ce registre esth\u00e9tique, la pi\u00e8ce n\u2019est donc pas une nouveaut\u00e9. Ces mentions sont compl\u00e9t\u00e9es d\u2019une gravure qui illustre la c\u00e9l\u00e8bre photo de l\u2019homme s\u2019appr\u00eatant \u00e0 sauter de la capsule arriv\u00e9e \u00e0 son altitude maximale. Habillant le cadran de la r\u00e9serve de marche \u00e0 3h, le personnage en combinaison spatiale est grav\u00e9 sur une plaque d\u2019or viss\u00e9e sur le cadran par deux vis, l\u2019une au-dessus du casque, l\u2019autre sous le pied gauche. A 12h, le cadran rec\u00e8le un d\u00e9tail amusant : un l\u00e9ger trait, dessin\u00e9 entre le chiffre 12 et le premier index, discr\u00e8te \u00e9vocation de la dur\u00e9e du saut (4 minutes et 20 secondes). <\/p>\n<\/p>\n<p>Comme tous les mod\u00e8les de la collection, la platine est \u00e9vid\u00e9e pour \u00e9pouser la forme du <strong>module gyroscopique Gravity Control<\/strong> \u00e0 6h et le mettre en valeur. Ce qui retient \u00e9galement l\u2019attention sur la face de la montre, c\u2019est le fond du cadran : occupant la majeure partie, <strong>la Terre est en turquoise<\/strong> et, sur la partie sup\u00e9rieure, la voie lact\u00e9e, vue depuis la stratosph\u00e8re, en <strong>aventurine<\/strong>.<\/p>\n<\/p>\n<\/p>\n<p><img decoding=\"async\" data-src=\"\/fr\/wp-content\/uploads\/2025\/06\/428_1978_zenith_christophe_colomb_tribute_to_felix_baumgartner.jpg\" alt=\"\" class=\"wp-image lazyload\" src=\"data:image\/svg+xml;base64,PHN2ZyB3aWR0aD0iMSIgaGVpZ2h0PSIxIiB4bWxucz0iaHR0cDovL3d3dy53My5vcmcvMjAwMC9zdmciPjwvc3ZnPg==\" style=\"--smush-placeholder-width: 620px; --smush-placeholder-aspect-ratio: 620\/576;\" \/><\/p>\n<p><b>10 exemplaires supersoniques<\/b><\/p>\n<p><b><\/b><\/p>\n<p><b><\/b><\/p>\n<p>La <strong>Christophe Colomb Tribute to Felix Baumgartner<\/strong> sera une <strong>\u00e9dition limit\u00e9e de 10 exemplaires en platine<\/strong> avec rev\u00eatement <strong>DLC<\/strong>, \u00e0 un prix que l\u2019on peut situer, en fonction des versions pr\u00e9c\u00e9dentes, entre <strong>250 000 et 280 000 $<\/strong>. <\/p>\n<\/p>\n<p>Il est audacieux pour Zenith de proposer des pi\u00e8ces \u00e0 ce niveau de prix, alors que le march\u00e9 poursuit sa contraction. <strong>Christophe Claret<\/strong> confiait r\u00e9cemment au <strong>Guide des Montres<\/strong> que \u00ab <i>les clients qui mettaient un million de francs en 2007 ne mettent aujourd\u2019hui plus que 400 000 \u00e0 500 000 francs<\/i> \u00bb dans leurs garde-temps. <\/p>\n<\/p>\n<p>Cette Tribute reste donc un pari commercial. Il l\u2019est encore plus lorsque l\u2019on consid\u00e8re que, fondamentalement, la pi\u00e8ce n\u2019apporte rien de nouveau par rapport au mod\u00e8le pr\u00e9c\u00e9dent. Un simple refresh esth\u00e9tique, \u00e0 ce prix-l\u00e0, voil\u00e0 un luxe que <strong>LVMH<\/strong> prend le risque de s\u2019offrir.<\/p>\n<\/p>\n<\/p>\n<p>On salue l\u2019audace. Il n\u2019est pas certain qu\u2019elle soit partag\u00e9e par <strong><a href=\"https:\/\/leguidedesmontres.com\/fr\/actualites\/131\/jean-claude-biver-hublot-interview-au-sommet\" target=\"_blank\">Jean-Claude Biver<\/a><\/strong>, qui vient de licencier plusieurs dizaines de personnes et mettre un coup d\u2019arr\u00eat au d\u00e9veloppement manufacturier de TAG Heuer, alors que les march\u00e9s russes et chinois seront une nouvelle fois sous les objectifs de croissance attendue.<\/p>\n<\/p>\n<\/p>\n<p>La <strong>Tribute to Felix Baumgartner<\/strong> serait, au final, un point de rupture : soit le dernier fait d\u2019arme de <strong>haute horlogerie<\/strong> de <strong>Zenith<\/strong> avant son rappel vers des gammes plus accessibles. Soit, \u00e0 l\u2019inverse, la premi\u00e8re pierre de l\u2019\u00e9difice de Biver pour remettre la marque dans la belle et haute horlogerie. A suivre.<\/p>\n<\/p>\n<p>Olivier M\u00fcller<\/p>\n<\/p>\n<p><i> <\/i><\/p>\n<p><i> <\/i><\/p>\n<p><i>Visuels \u00a9 Zenith<\/i><\/p>\n<\/p>\n<p><i><\/i><\/p>\n<p><i><\/i><\/p>\n<p><i><\/i><br \/>\n<img decoding=\"async\" data-src=\"\/fr\/wp-content\/uploads\/2025\/06\/428_1980_zenith_caseback_academy.jpg\" alt=\"\" class=\"wp-image lazyload\" src=\"data:image\/svg+xml;base64,PHN2ZyB3aWR0aD0iMSIgaGVpZ2h0PSIxIiB4bWxucz0iaHR0cDovL3d3dy53My5vcmcvMjAwMC9zdmciPjwvc3ZnPg==\" style=\"--smush-placeholder-width: 620px; --smush-placeholder-aspect-ratio: 620\/620;\" \/><\/p>\n","protected":false},"excerpt":{"rendered":"<p>L\u2019un a travers\u00e9 l\u2019Atlantique, l\u2019autre, la stratosph\u00e8re. Il a d\u00e9couvert l\u2019Am\u00e9rique, il est rentr\u00e9 \u00e0 pied de l\u2019espace. Ils ne<\/p>\n","protected":false},"author":1,"featured_media":8773,"comment_status":"open","ping_status":"open","sticky":false,"template":"","format":"standard","meta":{"_acf_changed":false,"footnotes":""},"categories":[729],"tags":[706],"class_list":["post-8772","post","type-post","status-publish","format-standard","has-post-thumbnail","hentry","category-zenith","tag-au-fil-de-lactualite"],"acf":[],"_links":{"self":[{"href":"https:\/\/leguidedesmontres.com\/fr\/wp-json\/wp\/v2\/posts\/8772","targetHints":{"allow":["GET"]}}],"collection":[{"href":"https:\/\/leguidedesmontres.com\/fr\/wp-json\/wp\/v2\/posts"}],"about":[{"href":"https:\/\/leguidedesmontres.com\/fr\/wp-json\/wp\/v2\/types\/post"}],"author":[{"embeddable":true,"href":"https:\/\/leguidedesmontres.com\/fr\/wp-json\/wp\/v2\/users\/1"}],"replies":[{"embeddable":true,"href":"https:\/\/leguidedesmontres.com\/fr\/wp-json\/wp\/v2\/comments?post=8772"}],"version-history":[{"count":0,"href":"https:\/\/leguidedesmontres.com\/fr\/wp-json\/wp\/v2\/posts\/8772\/revisions"}],"wp:featuredmedia":[{"embeddable":true,"href":"https:\/\/leguidedesmontres.com\/fr\/wp-json\/wp\/v2\/media\/8773"}],"wp:attachment":[{"href":"https:\/\/leguidedesmontres.com\/fr\/wp-json\/wp\/v2\/media?parent=8772"}],"wp:term":[{"taxonomy":"category","embeddable":true,"href":"https:\/\/leguidedesmontres.com\/fr\/wp-json\/wp\/v2\/categories?post=8772"},{"taxonomy":"post_tag","embeddable":true,"href":"https:\/\/leguidedesmontres.com\/fr\/wp-json\/wp\/v2\/tags?post=8772"}],"curies":[{"name":"wp","href":"https:\/\/api.w.org\/{rel}","templated":true}]}}