{"id":8794,"date":"2014-10-08T20:07:17","date_gmt":"2014-10-08T18:07:17","guid":{"rendered":"https:\/\/leguidedesmontres.com\/fr\/actualites\/les-nouvelles-horlogeres-de-la-rentree-bien-entamee\/"},"modified":"2014-10-08T20:07:17","modified_gmt":"2014-10-08T18:07:17","slug":"les-nouvelles-horlogeres-de-la-rentree-bien-entamee","status":"publish","type":"post","link":"https:\/\/leguidedesmontres.com\/fr\/actualites\/les-nouvelles-horlogeres-de-la-rentree-bien-entamee\/","title":{"rendered":"Les nouvelles horlog\u00e8res de la rentr\u00e9e (bien entam\u00e9e)"},"content":{"rendered":"<p><img decoding=\"async\" data-src=\"\/fr\/wp-content\/uploads\/2025\/06\/417_arnold_and_son_arije_paris.jpg\" alt=\"Les nouvelles horlog\u00e8res de la rentr\u00e9e (bien entam\u00e9e)\" class=\"wp-image featured-image lazyload\" src=\"data:image\/svg+xml;base64,PHN2ZyB3aWR0aD0iMSIgaGVpZ2h0PSIxIiB4bWxucz0iaHR0cDovL3d3dy53My5vcmcvMjAwMC9zdmciPjwvc3ZnPg==\" style=\"--smush-placeholder-width: 620px; --smush-placeholder-aspect-ratio: 620\/620;\" \/><\/p>\n<p>On ne peut plus pr\u00e9tendre le contraire, la rentr\u00e9e est l\u00e0, pour tout le monde, m\u00eame les vacanciers les plus retardataires. L\u2019horlogerie a elle aussi pass\u00e9 la seconde avec un flot d\u2019annonces concentr\u00e9es, dont <strong>Le Guide des Montres<\/strong> a extrait la substantifique moelle.<\/p>\n<\/p>\n<\/p>\n<p><b>Nouvelles boutiques<\/b><\/p>\n<p><b><\/b><\/p>\n<p><b><\/b><\/p>\n<p><b><\/b><\/p>\n<p><span>Au rayon des <strong>ouvertures de boutiques<\/strong>, on note la pr\u00e9sence tant attendue en France de la <strong>manufacture ind\u00e9pendante Arnold &#038; Son<\/strong>. La marque, qui r\u00e9interpr\u00e8te la <strong>belle horlogerie anglo-saxonne<\/strong> avec une remarquable vitalit\u00e9, a trouv\u00e9 son nouvel \u00e9crin chez <strong>Arije<\/strong>, rue Pierre Charron \u00e0 Paris, compl\u00e9t\u00e9e d\u2019antennes \u00e0 Cannes et Saint-Jean-Cap-Ferrat. Une distribution de qualit\u00e9 pour des pi\u00e8ces, notamment \u00e0 <strong>tourbillon<\/strong>, parmi les mieux con\u00e7ues de l\u2019<strong>horlogerie ind\u00e9pendante<\/strong> actuelle. Et dans un registre similaire, <strong>Breguet<\/strong> annonce l\u2019ouverture pour cet hiver de sa fameuse boutique de la place Vendome, enti\u00e8rement refaite. <\/span><\/p>\n<\/p>\n<p><img decoding=\"async\" data-src=\"\/fr\/wp-content\/uploads\/2025\/06\/417_1873_motorola_moto_360.jpg\" alt=\"\" class=\"wp-image lazyload\" src=\"data:image\/svg+xml;base64,PHN2ZyB3aWR0aD0iMSIgaGVpZ2h0PSIxIiB4bWxucz0iaHR0cDovL3d3dy53My5vcmcvMjAwMC9zdmciPjwvc3ZnPg==\" style=\"--smush-placeholder-width: 620px; --smush-placeholder-aspect-ratio: 620\/552;\" \/><\/p>\n<p><b>Connecting people<\/b><\/p>\n<p><b><\/b><\/p>\n<p><b><\/b><\/p>\n<p><b><\/b><\/p>\n<p>Dans un tout autre registre, les smartwatches voient arriver un nouvel acteur, <strong>Motorola<\/strong>. La pi\u00e8ce se nomme tr\u00e8s sobrement la <strong>Moto 360<\/strong> et offre, pour une fois, un design horloger assez convaincant. L\u2019\u00e8re des smartwatches carr\u00e9es, \u00e0 peine ouverte, est-elle d\u00e9j\u00e0 ferm\u00e9e ? On l\u2019esp\u00e8re. Les <strong>montres connect\u00e9es<\/strong> semblent de plus en plus s\u2019inspirer des canons esth\u00e9tiques de l\u2019horlogerie traditionnelle et l\u2019on ne saurait s\u2019en plaindre. La <strong>Moto 360<\/strong>, pr\u00e9sent\u00e9e <a href=\"http:\/\/www.youtube.com\/watch?v=dnerqDWwVgg\" target=\"_blank\" rel=\"noopener noreferrer nofollow\">ici<\/a> sous forme de vid\u00e9o, est \u00e0 <strong>249 euros<\/strong>. <\/p>\n<\/p>\n<p><b>A vos tablettes<\/b><\/p>\n<p><b><\/b><\/p>\n<p><b><\/b><\/p>\n<p>Voici enfin l\u2019occasion r\u00eav\u00e9e d\u2019enrichir intelligemment son tout nouvel agenda de rentr\u00e9e : le <strong>Salon International de la Haute Horlogerie<\/strong> (r\u00e9serv\u00e9 aux professionnels) se tiendra \u00e0 <strong>Gen\u00e8ve<\/strong> du <strong>19 au 23 janvier<\/strong>, quand <strong>Baselworld<\/strong> se programme (pour tout public) du <strong>19 au 26 mars<\/strong>. <\/p>\n<\/p>\n<p><img decoding=\"async\" data-src=\"\/fr\/wp-content\/uploads\/2025\/06\/417_1875_hybris_artistica_duometre_a_grande_sonnerie.jpg\" alt=\"\" class=\"wp-image lazyload\" src=\"data:image\/svg+xml;base64,PHN2ZyB3aWR0aD0iMSIgaGVpZ2h0PSIxIiB4bWxucz0iaHR0cDovL3d3dy53My5vcmcvMjAwMC9zdmciPjwvc3ZnPg==\" style=\"--smush-placeholder-width: 620px; --smush-placeholder-aspect-ratio: 620\/595;\" \/><\/p>\n<p><b>Show time<\/b><\/p>\n<p><b><\/b><\/p>\n<p><b><\/b><\/p>\n<p>Sur le tapis rouge, c\u2019est \u00e0 Venise, dans la majestueuse \u00abScuola Grande di San Rocco\u00bb, \u2028construite au 16<sup>\u00e8me<\/sup> si\u00e8cle et rendue unique par les cr\u00e9ations du peintre Tintoret, que des invit\u00e9s tri\u00e9s sur le volet ont pu d\u00e9couvrir la sublime collection de douze <strong>Jaeger-LeCoultre<\/strong> r\u00e9alis\u00e9es dans la plus noble tradition de la <strong>Haute Horlogerie<\/strong> et des m\u00e9tiers rares : les <strong>Hybris Artistica<\/strong>. Une v\u00e9ritable r\u00e9union au sommet !<\/p>\n<\/p>\n<p><b>Noces d\u2019\u00e9tain<\/b><\/p>\n<p><b><\/b><\/p>\n<p><b><\/b><\/p>\n<p>Dans la s\u00e9rie des (joyeux) anniversaires, trois d\u00e9cennies sont \u2013 ou seront \u2013 prochainement f\u00eat\u00e9es dans les semaines \u00e0 venir. La premi\u00e8re est celle de <strong>Hautlence<\/strong>. Marque ind\u00e9pendante reprise par la holding de la <strong>famille Meylan<\/strong> (qui d\u00e9tient \u00e9galement <strong>H. Moser &#038; Cie<\/strong>), Hautlence d\u00e9cline ses fameuses <strong>HL<\/strong> et <strong>Destinations<\/strong> avec une singularit\u00e9 cultiv\u00e9e. Objectif : devenir l\u2019access price de l\u2019horlogerie ind\u00e9pendante.<\/p>\n<\/p>\n<\/p>\n<p>Tel n\u2019est nullement l\u2019objectif de <strong>Dior<\/strong>, qui f\u00eate \u00e9galement les <strong>10 ans de sa Chiffre Rouge<\/strong>. Sans coup m\u00e9diatique ni r\u00e9v\u00e9lations fracassantes, la tr\u00e8s brillante <strong>Chiffre Rouge<\/strong> se d\u00e9ploie aujourd\u2019hui avec une \u00e9tonnante constance et un raffinement notable dans l\u2019univers de l\u2019<strong>horlogerie m\u00e9canique masculine<\/strong>. Les nouveaut\u00e9s 2014 attestent une fois de plus du s\u00e9rieux de la marque en mati\u00e8re d\u2019esth\u00e9tique horlog\u00e8re. Et l\u2019on ne manquera pas de venir les admirer dans leur tout nouvel \u00e9crin des <strong>Galeries Lafayette<\/strong>, qui viennent de consacrer un espace \u00e0 <strong>Dior Horlogerie<\/strong>. <\/p>\n<\/p>\n<p>Enfin, on note les 10 des <strong>Ateliers Louis Moinet<\/strong>. Dans le m\u00eame esprit, sans crier gare, la marque bas\u00e9e \u00e0 Neuch\u00e2tel a pos\u00e9 ses jalons, ceux d\u2019une horlogerie de grande qualit\u00e9, audacieuse, et qui rend hommage \u00e0 l\u2019un des p\u00e8res oubli\u00e9s de l\u2019horlogerie, contemporain et alter ego de Breguet, M. <strong>Louis Moinet<\/strong>. L\u2019homme \u2013 et donc la marque qui lui rend hommage \u2013 est aujourd\u2019hui reconnu comme <strong>l\u2019inventeur du chronographe<\/strong> (<strong>1816<\/strong>). Une belle r\u00e9ussite 100% ind\u00e9pendante \u00e0 qui l\u2019on promet un avenir radieux. <\/p>\n<\/p>\n<p>Olivier M\u00fcller<\/p>\n<\/p>\n<p><img decoding=\"async\" data-src=\"\/fr\/wp-content\/uploads\/2025\/06\/417_1877_hybris_artistica_master_gyrotourbillon.jpg\" alt=\"\" class=\"wp-image lazyload\" src=\"data:image\/svg+xml;base64,PHN2ZyB3aWR0aD0iMSIgaGVpZ2h0PSIxIiB4bWxucz0iaHR0cDovL3d3dy53My5vcmcvMjAwMC9zdmciPjwvc3ZnPg==\" style=\"--smush-placeholder-width: 620px; --smush-placeholder-aspect-ratio: 620\/627;\" \/><br \/>\n<img decoding=\"async\" data-src=\"\/fr\/wp-content\/uploads\/2025\/06\/417_1878_louis_moinet.jpg\" alt=\"\" class=\"wp-image lazyload\" src=\"data:image\/svg+xml;base64,PHN2ZyB3aWR0aD0iMSIgaGVpZ2h0PSIxIiB4bWxucz0iaHR0cDovL3d3dy53My5vcmcvMjAwMC9zdmciPjwvc3ZnPg==\" style=\"--smush-placeholder-width: 620px; --smush-placeholder-aspect-ratio: 620\/511;\" \/><\/p>\n","protected":false},"excerpt":{"rendered":"<p>On ne peut plus pr\u00e9tendre le contraire, la rentr\u00e9e est l\u00e0, pour tout le monde, m\u00eame les vacanciers les plus<\/p>\n","protected":false},"author":1,"featured_media":8795,"comment_status":"open","ping_status":"open","sticky":false,"template":"","format":"standard","meta":{"_acf_changed":false,"footnotes":""},"categories":[707],"tags":[704],"class_list":["post-8794","post","type-post","status-publish","format-standard","has-post-thumbnail","hentry","category-jaeger-lecoultre","tag-a-voir"],"acf":[],"_links":{"self":[{"href":"https:\/\/leguidedesmontres.com\/fr\/wp-json\/wp\/v2\/posts\/8794","targetHints":{"allow":["GET"]}}],"collection":[{"href":"https:\/\/leguidedesmontres.com\/fr\/wp-json\/wp\/v2\/posts"}],"about":[{"href":"https:\/\/leguidedesmontres.com\/fr\/wp-json\/wp\/v2\/types\/post"}],"author":[{"embeddable":true,"href":"https:\/\/leguidedesmontres.com\/fr\/wp-json\/wp\/v2\/users\/1"}],"replies":[{"embeddable":true,"href":"https:\/\/leguidedesmontres.com\/fr\/wp-json\/wp\/v2\/comments?post=8794"}],"version-history":[{"count":0,"href":"https:\/\/leguidedesmontres.com\/fr\/wp-json\/wp\/v2\/posts\/8794\/revisions"}],"wp:featuredmedia":[{"embeddable":true,"href":"https:\/\/leguidedesmontres.com\/fr\/wp-json\/wp\/v2\/media\/8795"}],"wp:attachment":[{"href":"https:\/\/leguidedesmontres.com\/fr\/wp-json\/wp\/v2\/media?parent=8794"}],"wp:term":[{"taxonomy":"category","embeddable":true,"href":"https:\/\/leguidedesmontres.com\/fr\/wp-json\/wp\/v2\/categories?post=8794"},{"taxonomy":"post_tag","embeddable":true,"href":"https:\/\/leguidedesmontres.com\/fr\/wp-json\/wp\/v2\/tags?post=8794"}],"curies":[{"name":"wp","href":"https:\/\/api.w.org\/{rel}","templated":true}]}}