{"id":8806,"date":"2014-09-29T20:00:00","date_gmt":"2014-09-29T18:00:00","guid":{"rendered":"https:\/\/leguidedesmontres.com\/fr\/actualites\/en-direct-avec-bruno-grande-ceo-jeanrichard\/"},"modified":"2014-09-29T20:00:00","modified_gmt":"2014-09-29T18:00:00","slug":"en-direct-avec-bruno-grande-ceo-jeanrichard","status":"publish","type":"post","link":"https:\/\/leguidedesmontres.com\/fr\/actualites\/en-direct-avec-bruno-grande-ceo-jeanrichard\/","title":{"rendered":"En direct avec Bruno Grande, CEO Jeanrichard"},"content":{"rendered":"<p><img decoding=\"async\" data-src=\"\/fr\/wp-content\/uploads\/2025\/06\/411_bruno_grande_jean_richard.jpg\" alt=\"En direct avec Bruno Grande, CEO Jeanrichard\" class=\"wp-image featured-image lazyload\" src=\"data:image\/svg+xml;base64,PHN2ZyB3aWR0aD0iMSIgaGVpZ2h0PSIxIiB4bWxucz0iaHR0cDovL3d3dy53My5vcmcvMjAwMC9zdmciPjwvc3ZnPg==\" style=\"--smush-placeholder-width: 620px; --smush-placeholder-aspect-ratio: 620\/643;\" \/><\/p>\n<p><strong>Jeanrichard<\/strong>, la grande inconnue ? En France, comme dans beaucoup d\u2019autres pays, oui. Car la marque, avec un peu plus de <strong>4000 pi\u00e8ces par an<\/strong>, est au beau milieu d\u2019un audacieux repositionnement qui la fait repartir de (presque) z\u00e9ro.<\/p>\n<\/p>\n<\/p>\n<p><strong>Bruno Grande<\/strong>, son <strong>CEO<\/strong>, \u00e9tait \u00e0 Paris pour inaugurer une collection et un partenariat avec <strong>Gully<\/strong>, <strong>artiste de street art<\/strong> exposant \u00e0 l\u2019<strong>Opera Gallery<\/strong>. <strong>Le Guide des Montres<\/strong> en a profit\u00e9 pour aller chahuter cet italien avenant, s\u00fbr de lui, parfaitement bilingue.  <\/p>\n<\/p>\n<\/p>\n<p><b>Jeanrichard, c\u2019est avant tout un homme (1665 \u2013 1741), et non une marque, encore moins une manufacture. N\u2019est-ce pas difficile de construire sa marque alors qu\u2019il n\u2019y a quasiment jamais eu de montre sign\u00e9e Daniel Jeanrichard ?<\/b><\/p>\n<p><b> <\/b><\/p>\n<p><b><\/b><\/p>\n<p><b><\/b><\/p>\n<p>Nous n\u2019avons jamais voulu nous situer sur le terrain de la <strong>marque Jeanrichard<\/strong>, car, vous avez raison, il n\u2019y en a jamais eu de son temps. Pourquoi ? Tout simplement parce que le concept m\u00eame de marque n\u2019existait pas ! Pas plus que le copyright et, \u00e0 vrai dire, l\u2019<strong>horlogerie<\/strong> dans cette r\u00e9gion. <strong>Daniel Jeanrichard<\/strong> en a pos\u00e9 les fondations, bien qu\u2019il \u00e9tait forgeron de profession. Mais, pouss\u00e9 par la passion et l\u2019envie de d\u00e9couvrir, d\u2019apprendre, il a pos\u00e9 les bases de l\u2019horlogerie, en apprenant sur une pi\u00e8ce qu\u2019on lui avait confi\u00e9e et qu\u2019il a reproduite \u00e0 l\u2019identique. C\u2019est aujourd\u2019hui le seul non-horloger \u00e0 avoir sa propre statue au Locle ! C\u2019est cette vision, cette projection vers l\u2019avenir, que nous voulons incarner avec la marque Jeanrichard, une philosophie de vie. Nous sommes dans sa continuit\u00e9. <\/p>\n<\/p>\n<\/p>\n<p><img decoding=\"async\" data-src=\"\/fr\/wp-content\/uploads\/2025\/06\/411_1838_jeanrichard_gully.jpg\" alt=\"\" class=\"wp-image lazyload\" src=\"data:image\/svg+xml;base64,PHN2ZyB3aWR0aD0iMSIgaGVpZ2h0PSIxIiB4bWxucz0iaHR0cDovL3d3dy53My5vcmcvMjAwMC9zdmciPjwvc3ZnPg==\" style=\"--smush-placeholder-width: 620px; --smush-placeholder-aspect-ratio: 620\/554;\" \/><\/p>\n<p><b>Jeanrichard appartient \u00e0 Sowind, tout comme Girard-Perregaux. C\u2019est pour laisser cette derni\u00e8re grandir dans le haut-de-gamme que Jeanrichard fut contrainte de se repositionner sur l\u2019entr\u00e9e de gamme ?<\/b><\/p>\n<p><b> <\/b><\/p>\n<p><b><\/b><\/p>\n<p><b><\/b><\/p>\n<p>Non. Nous sommes simplement d\u2019une taille insuffisante pour soutenir un positionnement \u00e0 9000 euros. Jeanrichard ne peut pas encore se le permettre. Chacun sa place.<\/p>\n<\/p>\n<p><b>Mais le segment entre 2000 et 3000 euros est pourtant beaucoup plus comp\u00e9titif que le haut-de-gamme, non ?<\/b><\/p>\n<\/p>\n<p>C\u2019est dur partout. Aucun positionnement n\u2019est plus facile qu\u2019un autre. Et la concurrence est quelque chose qui peut \u00eatre tr\u00e8s stimulant. Regardez <strong>Fr\u00e9d\u00e9rique Constant<\/strong>. Ils sont partis de rien, et aujourd\u2019hui, ils ont fait leur place. Nous suivons le m\u00eame chemin car avec nos gammes, avec notre rapport <strong>qualit\u00e9 \/ prix<\/strong>, j\u2019estime que nous n\u2019avons pas vraiment de concurrent.<\/p>\n<\/p>\n<\/p>\n<p><b>La marque a-t-elle l\u2019ambition d\u2019augmenter ses volumes ? <\/b><\/p>\n<p><b><\/b><\/p>\n<p><b><\/b><\/p>\n<p>Oui. L\u2019ambition est de les doubler. La vente se d\u00e9roulera sur nos march\u00e9s o\u00f9 nous sommes d\u00e9j\u00e0 tr\u00e8s pr\u00e9sents, comme les Etats-Unis, l\u2019Angleterre, et le Mexique, o\u00f9 nous avons 25 points de vente. <\/p>\n<\/p>\n<p><b>Et l\u2019Europe ? <\/b><\/p>\n<p><b><\/b><\/p>\n<p><b><\/b><\/p>\n<p><span>C\u2019est sur notre feuille de route, oui. Mais c\u2019est un march\u00e9 plus difficile. Nous avons, en Europe comme ailleurs, un d\u00e9ficit de notori\u00e9t\u00e9, de visibilit\u00e9. Nous y travaillons activement. La bonne chose pour Jeanrichard est notre appartenance au <strong>groupe Kering<\/strong>. Il poss\u00e8de aujourd\u2019hui une vraie l\u00e9gitimit\u00e9 horlog\u00e8re. <\/span><\/p>\n<\/p>\n<p><img decoding=\"async\" data-src=\"\/fr\/wp-content\/uploads\/2025\/06\/411_1840_jeanrichard_graphiscope_gully.jpg\" alt=\"\" class=\"wp-image lazyload\" src=\"data:image\/svg+xml;base64,PHN2ZyB3aWR0aD0iMSIgaGVpZ2h0PSIxIiB4bWxucz0iaHR0cDovL3d3dy53My5vcmcvMjAwMC9zdmciPjwvc3ZnPg==\" style=\"--smush-placeholder-width: 620px; --smush-placeholder-aspect-ratio: 620\/812;\" \/><\/p>\n<p><b>Vous pensez au r\u00e9cent rachat d\u2019Ulysse Nardin ?<\/b><\/p>\n<p><b> <\/b><\/p>\n<p><b><\/b><\/p>\n<p><b><\/b><\/p>\n<p>Sur le haut de gamme, oui, bien s\u00fbr, c\u2019est une tr\u00e8s belle manufacture. Mais pour le moment, on ne parle pas encore de synergies. Il est trop t\u00f4t. Les trois marques, <strong>Jeanrichard<\/strong>, <strong>Girard-Perregaux<\/strong> et <strong>Ulysse Nardin<\/strong>, sont totalement ind\u00e9pendantes.<\/p>\n<\/p>\n<\/p>\n<p><b>Vos capacit\u00e9s industrielles sont pourtant partag\u00e9es&#8230; C\u2019est, en quelque sorte, l\u2019outil de production Sowind.<\/b><\/p>\n<p><b> <\/b><\/p>\n<p><b><\/b><\/p>\n<p><b><\/b><\/p>\n<p>Nous avons effectivement un tronc industriel commun mais les d\u00e9veloppements sont distincts. Chez Jeanrichard, nous avons notre propre <strong>calibre manufacture<\/strong>, le <strong>JR1000<\/strong>, tr\u00e8s souple, sur lequel nous pouvons ajouter des <strong>modules Dubois D\u00e9praz<\/strong> tr\u00e8s performants, qui nous permettent notamment de conserver une hauteur de bo\u00eete constante, quelle que soit la complication ajout\u00e9e. Cette bo\u00eete, commune \u00e0 nos quatre collections, nous offre vraiment une grande diversit\u00e9 de mod\u00e8les possibles.<\/p>\n<\/p>\n<\/p>\n<p><b>Le JR1000 a 10 ans. Un JR2000 serait-il en pr\u00e9vision ? <\/b><\/p>\n<p><b><\/b><\/p>\n<p><b><\/b><\/p>\n<p>Non. Ce serait un d\u00e9veloppement on\u00e9reux donc inappropri\u00e9 \u00e0 l\u2019\u00e9gard du positionnement que nous voulons occuper. Qui plus est, le JR1000 est encore jeune et plein d\u2019avenir.<\/p>\n<\/p>\n<\/p>\n<p><b>Pour Jeanrichard&#8230;comme pour d\u2019autres ? <\/b><\/p>\n<p><b><\/b><\/p>\n<p><b><\/b><\/p>\n<p>Nous poursuivons effectivement une activit\u00e9 de private label, que je dirige \u00e9galement. Nous concevons de bout en bout des montres pour d\u2019autres marques. Cela fait partie de notre culture, nous l\u2019avons toujours fait. Cela dit, il y a eu du changement dans le portefeuille de marques blanches. Nous ne travaillons plus avec celles qui ne correspondent pas \u00e0 notre image ou notre strat\u00e9gie.<\/p>\n<\/p>\n<\/p>\n<p><b>Que doit-on attendre de la marque en 2015 ? <\/b><\/p>\n<p><b><\/b><\/p>\n<p><b><\/b><\/p>\n<p>Nous allons d\u00e9cliner nos <strong>44 mm<\/strong> en <strong>39 mm<\/strong>, \u00e0 commencer par la <strong>Terrascope<\/strong>. Nos quatre collections (<strong>Aquascope<\/strong>, <strong>Terrascope<\/strong>, <strong>Aeroscope<\/strong>, <strong>1681<\/strong>) ne bougeront pas. Il n\u2019y a m\u00eame pas un an que nous avons tout refondu ! Il y a encore beaucoup de travail. Les r\u00e9cents partenariats avec le <strong>club Arsenal<\/strong>, notamment, nous ont offert beaucoup de visibilit\u00e9. Ces <strong>s\u00e9ries limit\u00e9es avec Gully<\/strong> vont dans le m\u00eame sens.<\/p>\n<\/p>\n<\/p>\n<p><b>On vous verra prochainement \u00e0 Baselworld, et non plus au SIHH, comme avant. Qu\u2019est-ce que cela change pour vous ?<\/b><\/p>\n<p><b> <\/b><\/p>\n<p><b><\/b><\/p>\n<p><b><\/b><\/p>\n<p>Nous sommes mieux \u00e0 <strong>Baselworld<\/strong>. Certes, nous passons, \u00e0 nos c\u00f4t\u00e9s, d\u2019une douzaine d\u2019autres exposants \u00e0 plusieurs centaines \u00e0 Bale. Mais dans le m\u00eame temps, au lieu de voir une douzaine de d\u00e9taillants, nous en voyons 300 ! Donc au final, le ratio est plus int\u00e9ressant pour nous \u00e0 Baselworld. <\/p>\n<\/p>\n<p>***<\/p>\n<\/p>\n<p><i>Variation de la Terrascope, la collection \u00ab Graphiscope \u00bb sera compos\u00e9e de <strong>3 s\u00e9ries limit\u00e9es de 25 pi\u00e8ces<\/strong>, sign\u00e9es par Gully. Ces garde-temps seront pr\u00e9sent\u00e9s \u00e0 l\u2019exposition d\u2019Opera Gallery \u00e0 Paris, du 19 septembre au 11 octobre 2014.<\/i><\/p>\n<p><i><\/i><\/p>\n<p><i><\/i><\/p>\n<\/p>\n<p>Olivier M\u00fcller<\/p>\n<\/p>\n<p><i> <\/i><\/p>\n<\/p>\n<p><i>Visuels \u00a9 DR, Delos Communications<\/i><\/p>\n<\/p>\n<p><i><\/i><\/p>\n<p><i><\/i><\/p>\n<p><i><\/i><br \/>\n<img decoding=\"async\" data-src=\"\/fr\/wp-content\/uploads\/2025\/06\/411_1842_jeanrichard_terrascope.jpg\" alt=\"\" class=\"wp-image lazyload\" src=\"data:image\/svg+xml;base64,PHN2ZyB3aWR0aD0iMSIgaGVpZ2h0PSIxIiB4bWxucz0iaHR0cDovL3d3dy53My5vcmcvMjAwMC9zdmciPjwvc3ZnPg==\" style=\"--smush-placeholder-width: 620px; --smush-placeholder-aspect-ratio: 620\/465;\" \/><br \/>\n<img decoding=\"async\" data-src=\"\/fr\/wp-content\/uploads\/2025\/06\/411_1843_jean_richard_aeroscope_arsenal.jpg\" alt=\"\" class=\"wp-image lazyload\" src=\"data:image\/svg+xml;base64,PHN2ZyB3aWR0aD0iMSIgaGVpZ2h0PSIxIiB4bWxucz0iaHR0cDovL3d3dy53My5vcmcvMjAwMC9zdmciPjwvc3ZnPg==\" style=\"--smush-placeholder-width: 620px; --smush-placeholder-aspect-ratio: 620\/560;\" \/><\/p>\n","protected":false},"excerpt":{"rendered":"<p>Jeanrichard, la grande inconnue ? En France, comme dans beaucoup d\u2019autres pays, oui. Car la marque, avec un peu plus<\/p>\n","protected":false},"author":1,"featured_media":8807,"comment_status":"open","ping_status":"open","sticky":false,"template":"","format":"standard","meta":{"_acf_changed":false,"footnotes":""},"categories":[705],"tags":[711],"class_list":["post-8806","post","type-post","status-publish","format-standard","has-post-thumbnail","hentry","category-autre","tag-interview"],"acf":[],"_links":{"self":[{"href":"https:\/\/leguidedesmontres.com\/fr\/wp-json\/wp\/v2\/posts\/8806","targetHints":{"allow":["GET"]}}],"collection":[{"href":"https:\/\/leguidedesmontres.com\/fr\/wp-json\/wp\/v2\/posts"}],"about":[{"href":"https:\/\/leguidedesmontres.com\/fr\/wp-json\/wp\/v2\/types\/post"}],"author":[{"embeddable":true,"href":"https:\/\/leguidedesmontres.com\/fr\/wp-json\/wp\/v2\/users\/1"}],"replies":[{"embeddable":true,"href":"https:\/\/leguidedesmontres.com\/fr\/wp-json\/wp\/v2\/comments?post=8806"}],"version-history":[{"count":0,"href":"https:\/\/leguidedesmontres.com\/fr\/wp-json\/wp\/v2\/posts\/8806\/revisions"}],"wp:featuredmedia":[{"embeddable":true,"href":"https:\/\/leguidedesmontres.com\/fr\/wp-json\/wp\/v2\/media\/8807"}],"wp:attachment":[{"href":"https:\/\/leguidedesmontres.com\/fr\/wp-json\/wp\/v2\/media?parent=8806"}],"wp:term":[{"taxonomy":"category","embeddable":true,"href":"https:\/\/leguidedesmontres.com\/fr\/wp-json\/wp\/v2\/categories?post=8806"},{"taxonomy":"post_tag","embeddable":true,"href":"https:\/\/leguidedesmontres.com\/fr\/wp-json\/wp\/v2\/tags?post=8806"}],"curies":[{"name":"wp","href":"https:\/\/api.w.org\/{rel}","templated":true}]}}