{"id":8816,"date":"2014-09-11T11:31:37","date_gmt":"2014-09-11T09:31:37","guid":{"rendered":"https:\/\/leguidedesmontres.com\/fr\/actualites\/apple-vs-switzerland\/"},"modified":"2014-09-11T11:31:37","modified_gmt":"2014-09-11T09:31:37","slug":"apple-vs-switzerland","status":"publish","type":"post","link":"https:\/\/leguidedesmontres.com\/fr\/actualites\/apple-vs-switzerland\/","title":{"rendered":"Apple vs Switzerland"},"content":{"rendered":"<p><img decoding=\"async\" data-src=\"\/fr\/wp-content\/uploads\/2025\/06\/406_apple_vs_switzerland.jpg\" alt=\"Apple vs Switzerland\" class=\"wp-image featured-image lazyload\" src=\"data:image\/svg+xml;base64,PHN2ZyB3aWR0aD0iMSIgaGVpZ2h0PSIxIiB4bWxucz0iaHR0cDovL3d3dy53My5vcmcvMjAwMC9zdmciPjwvc3ZnPg==\" style=\"--smush-placeholder-width: 620px; --smush-placeholder-aspect-ratio: 620\/310;\" \/><\/p>\n<p>Les <strong>groupes Swatch<\/strong> et <strong>Richemont<\/strong> ont des accords tacites suivant lesquels la d\u00e9bauche d\u2019un groupe \u00e0 l\u2019autre, notamment pour les forces de vente, est un sport prohib\u00e9. En mati\u00e8re de RH, ces deux grands s\u2019entendent donc (\u00e0 peu pr\u00e8s) clairement sur qui fait quoi. Aussi, quand le g\u00e9ant <strong>Apple<\/strong> arrive avec ses gros sabots californiens en terres helv\u00e9tiques pour faire son march\u00e9 de cadres dirigeants, la man\u0153uvre ne passe pas inaper\u00e7ue.<\/p>\n<\/p>\n<\/p>\n<p>C\u2019est pr\u00e9cis\u00e9ment ce qui est en train de se d\u00e9rouler sous les yeux du <strong>clan Hayek<\/strong>, comme sous ceux de <strong>Jean-Claude Biver<\/strong> (<strong>LVMH<\/strong>), victime collat\u00e9rale. Apple a r\u00e9cemment offert des ponts d\u2019or aux \u00e9minences grises suisses pour pr\u00e9parer le lancement de son Apple Watch (disponible en 2015). <\/p>\n<\/p>\n<p>Jean-Claude Biver avait d\u00e9j\u00e0 lev\u00e9 le li\u00e8vre en mars. L\u2019homme d\u00e9clarait alors qu\u2019Apple avait essay\u00e9 de d\u00e9baucher le <strong>chef de projets Hublot<\/strong>. En vain. Beau joueur, Biver avait reconnu la coh\u00e9rence de la d\u00e9marche : \u00ab<strong>Apple est une marque de luxe<\/strong>. Donc si elle veut faire une iwatch, elle ne peut la faire qu&rsquo;avec le <strong>label swiss made<\/strong>\u00bb. <\/p>\n<\/p>\n<\/p>\n<p><img decoding=\"async\" data-src=\"\/fr\/wp-content\/uploads\/2025\/06\/406_1803_apple_watch.jpg\" alt=\"\" class=\"wp-image lazyload\" src=\"data:image\/svg+xml;base64,PHN2ZyB3aWR0aD0iMSIgaGVpZ2h0PSIxIiB4bWxucz0iaHR0cDovL3d3dy53My5vcmcvMjAwMC9zdmciPjwvc3ZnPg==\" style=\"--smush-placeholder-width: 620px; --smush-placeholder-aspect-ratio: 620\/425;\" \/><\/p>\n<p>H\u00e9las, depuis, le ton est mont\u00e9. Car <strong>Apple<\/strong> n\u2019a pas l\u00e2ch\u00e9 le morceau et vient de remporter une belle prise de guerre : <strong>Patrick Pruniaux<\/strong>, ex-vice-pr\u00e9sident en charge des ventes et du retail chez <strong>TAG Heuer<\/strong>. Jean-Claude Biver l\u2019a r\u00e9cemment annonc\u00e9 sur CNBC. Fid\u00e8le \u00e0 son image humaniste, le <strong>patron de l\u2019horlogerie<\/strong> chez <strong>Hublot<\/strong> a indiqu\u00e9 que lorsque l\u2019on a du talent, c\u2019est une bonne chose que de pouvoir l\u2019exploiter dans une firme comme Apple. A bonne entendeur&#8230;<\/p>\n<\/p>\n<p>Pourtant, Apple n\u2019en \u00e9tait pas \u00e0 son coup d\u2019essai. En juillet 2013, elle d\u00e9bauchait d\u00e9j\u00e0 <strong>Paul Deneve<\/strong>, <strong>PDG d\u2019Yves Saint-Laurent<\/strong>. Puis <strong>Angela Ahrendts<\/strong>, <strong>ex-PDG de Burberry<\/strong>. Avant eux, nous apprend le Huffington Post, \u00ab <strong>Jay Blahnik<\/strong> avait quitt\u00e9 <strong>Nike<\/strong> afin d&rsquo;apporter son savoir-faire du <strong>Fuel Band<\/strong>, une application qui <strong>mesure l&rsquo;activit\u00e9 physique<\/strong> dont Apple compte bien s&rsquo;inspirer \u00bb. Et, entre temps, Apple avait essay\u00e9 d\u2019acheter \u00e0 <strong>Hublot<\/strong> de son or inrayable, le <strong>Magic Gold<\/strong>. Sans succ\u00e8s, Jean-Claude Biver avait refus\u00e9, estimant que le m\u00e9tier d\u2019Hublot \u00e9tait l\u2019<strong>horlogerie<\/strong>, et non le <strong>n\u00e9goce de m\u00e9taux<\/strong>. <\/p>\n<\/p>\n<\/p>\n<p><img decoding=\"async\" data-src=\"\/fr\/wp-content\/uploads\/2025\/06\/406_1805_jean_claude_biver_2014.jpg\" alt=\"\" class=\"wp-image lazyload\" src=\"data:image\/svg+xml;base64,PHN2ZyB3aWR0aD0iMSIgaGVpZ2h0PSIxIiB4bWxucz0iaHR0cDovL3d3dy53My5vcmcvMjAwMC9zdmciPjwvc3ZnPg==\" style=\"--smush-placeholder-width: 620px; --smush-placeholder-aspect-ratio: 620\/813;\" \/><\/p>\n<p>Il y a environ deux mois de \u00e7a, le m\u00eame Biver a tomb\u00e9 le sourire et s&rsquo;est fait plus grave, dans les colonnes du Matin : \u00ab <strong>si Apple parvient \u00e0 fabriquer sa smartwach en Suisse, ce sera un \u00e9norme coup dont les marques suisses ne semblent pas encore prendre la mesure<\/strong> \u00bb. L\u2019allusion \u00e0 la <strong>crise du quartz dans les ann\u00e9es 70<\/strong> est \u00e0 peine voil\u00e9e : <strong>l\u2019industrie horlog\u00e8re suisse<\/strong> avait largement rican\u00e9 du proc\u00e9d\u00e9 d\u00e9velopp\u00e9 en 69, estimant qu\u2019il n\u2019y aurait aucune comp\u00e9tition entre ces <strong><a href=\"https:\/\/leguidedesmontres.com\/fr\/actualites\/261\/suisse-smartwatches-le-rendez-vous-manque-\" target=\"_blank\">montres \u00e9lectroniques<\/a><\/strong> bas de gamme et la belle <strong>horlogerie suisse<\/strong>. On conna\u00eet la suite : cette derni\u00e8re a \u00e9t\u00e9 litt\u00e9ralement balay\u00e9e pendant un quart de si\u00e8cle. <\/p>\n<\/p>\n<p>Seul le <strong>Swatch Group<\/strong> semble prendre ses pr\u00e9cautions, en tout cas sur le terrain l\u00e9gal. Le clan Hayek, estimant que la future potentielle \u00ab iWatch \u00bb et sa propre \u00ab iSwatch \u00bb pr\u00e9sentaient de trop fortes similitudes de marques, a averti que le groupe suisse attaquera Apple  \u00abdans tous les pays o\u00f9 la marque est pr\u00e9sente. Les actions que l&rsquo;entreprise jugera n\u00e9cessaires seront prises afin de prot\u00e9ger sa propre marque <strong>iSwatch<\/strong> \u00bb. On connait la suite puisqu&rsquo;elle s&rsquo;appelle \u00ab\u00a0<strong>Apple Watch<\/strong>\u00a0\u00bb &#8230;<\/p>\n<\/p>\n<\/p>\n<p>Olivier M\u00fcller<\/p>\n<\/p>\n<\/p>\n<p><i>Visuels \u00a9 DC<\/i><\/p>\n<p><i><\/i><\/p>\n<p><i><\/i><\/p>\n<\/p>\n<p><img decoding=\"async\" data-src=\"\/fr\/wp-content\/uploads\/2025\/06\/406_1807_hayek_swatch_group_2014.jpg\" alt=\"\" class=\"wp-image lazyload\" src=\"data:image\/svg+xml;base64,PHN2ZyB3aWR0aD0iMSIgaGVpZ2h0PSIxIiB4bWxucz0iaHR0cDovL3d3dy53My5vcmcvMjAwMC9zdmciPjwvc3ZnPg==\" style=\"--smush-placeholder-width: 620px; --smush-placeholder-aspect-ratio: 620\/465;\" \/><\/p>\n","protected":false},"excerpt":{"rendered":"<p>Les groupes Swatch et Richemont ont des accords tacites suivant lesquels la d\u00e9bauche d\u2019un groupe \u00e0 l\u2019autre, notamment pour les<\/p>\n","protected":false},"author":1,"featured_media":8817,"comment_status":"open","ping_status":"open","sticky":false,"template":"","format":"standard","meta":{"_acf_changed":false,"footnotes":""},"categories":[735,732],"tags":[706],"class_list":["post-8816","post","type-post","status-publish","format-standard","has-post-thumbnail","hentry","category-hublot","category-tag-heuer","tag-au-fil-de-lactualite"],"acf":[],"_links":{"self":[{"href":"https:\/\/leguidedesmontres.com\/fr\/wp-json\/wp\/v2\/posts\/8816","targetHints":{"allow":["GET"]}}],"collection":[{"href":"https:\/\/leguidedesmontres.com\/fr\/wp-json\/wp\/v2\/posts"}],"about":[{"href":"https:\/\/leguidedesmontres.com\/fr\/wp-json\/wp\/v2\/types\/post"}],"author":[{"embeddable":true,"href":"https:\/\/leguidedesmontres.com\/fr\/wp-json\/wp\/v2\/users\/1"}],"replies":[{"embeddable":true,"href":"https:\/\/leguidedesmontres.com\/fr\/wp-json\/wp\/v2\/comments?post=8816"}],"version-history":[{"count":0,"href":"https:\/\/leguidedesmontres.com\/fr\/wp-json\/wp\/v2\/posts\/8816\/revisions"}],"wp:featuredmedia":[{"embeddable":true,"href":"https:\/\/leguidedesmontres.com\/fr\/wp-json\/wp\/v2\/media\/8817"}],"wp:attachment":[{"href":"https:\/\/leguidedesmontres.com\/fr\/wp-json\/wp\/v2\/media?parent=8816"}],"wp:term":[{"taxonomy":"category","embeddable":true,"href":"https:\/\/leguidedesmontres.com\/fr\/wp-json\/wp\/v2\/categories?post=8816"},{"taxonomy":"post_tag","embeddable":true,"href":"https:\/\/leguidedesmontres.com\/fr\/wp-json\/wp\/v2\/tags?post=8816"}],"curies":[{"name":"wp","href":"https:\/\/api.w.org\/{rel}","templated":true}]}}