{"id":8850,"date":"2014-07-23T14:28:35","date_gmt":"2014-07-23T12:28:35","guid":{"rendered":"https:\/\/leguidedesmontres.com\/fr\/actualites\/zenith-le-pari-magada\/"},"modified":"2014-07-23T14:28:35","modified_gmt":"2014-07-23T12:28:35","slug":"zenith-le-pari-magada","status":"publish","type":"post","link":"https:\/\/leguidedesmontres.com\/fr\/actualites\/zenith-le-pari-magada\/","title":{"rendered":"Zenith : le pari Magada"},"content":{"rendered":"<p><img decoding=\"async\" data-src=\"\/fr\/wp-content\/uploads\/2025\/06\/389_aldo_magada_zenith.jpg\" alt=\"Zenith : le pari Magada\" class=\"wp-image featured-image lazyload\" src=\"data:image\/svg+xml;base64,PHN2ZyB3aWR0aD0iMSIgaGVpZ2h0PSIxIiB4bWxucz0iaHR0cDovL3d3dy53My5vcmcvMjAwMC9zdmciPjwvc3ZnPg==\" style=\"--smush-placeholder-width: 620px; --smush-placeholder-aspect-ratio: 620\/505;\" \/><\/p>\n<p>Cette fois, c\u2019est la bonne : le changement de <strong>CEO<\/strong> \u00e0 la t\u00eate de <strong>Zenith<\/strong> est effectif depuis ce 1<sup>er<\/sup> juillet, conform\u00e9ment au calendrier annonc\u00e9 par la marque durant Baselworld.<\/p>\n<\/p>\n<\/p>\n<p>Pour reprendre la formule tant aim\u00e9e des politiques, c\u2019est v\u00e9ritablement le changement dans la continuit\u00e9 qui s\u2019exprime par le choix d\u2019<strong>Aldo Magada<\/strong> en lieu et place de <strong><a href=\"https:\/\/leguidedesmontres.com\/fr\/videos\/52\/interview-jean-frederic-dufour\" target=\"_blank\">Jean-Fr\u00e9d\u00e9ric Dufour<\/a><\/strong>. Sur le fond, les deux hommes sont semblables : profils personnels similaires et carri\u00e8res tr\u00e8s proches. Les deux sont de <strong>purs produits horlogers<\/strong>, d\u00e9di\u00e9s corps et \u00e2mes \u00e0 cette seule industrie depuis 30 ans. Les deux ont prouv\u00e9 leurs capacit\u00e9s de <strong>management de marques<\/strong>, mais suivant des approches tr\u00e8s diff\u00e9rentes.<\/p>\n<\/p>\n<\/p>\n<p><strong>Jean-Fr\u00e9d\u00e9ric Dufour<\/strong>, charismatique CEO, ne portait pas seulement la marque mais l\u2019incarnait en bonne partie. Omnipr\u00e9sent, proche des m\u00e9dias comme des clients finaux, voyageur au long cours, l\u2019homme \u00e9tait pr\u00e9sent sur tous les fronts. A l\u2019image d\u2019un <strong>J\u00e9r\u00f4me Lambert chez Jaeger-LeCoultre<\/strong>, il a su redynamiser une marque en perte de vitesse, lui donner une vision claire et une trajectoire comprise et assimil\u00e9e de tous. Moins pop star qu\u2019un <strong><a href=\"https:\/\/leguidedesmontres.com\/fr\/actualites\/131\/jean-claude-biver-hublot-interview-au-sommet\" target=\"_blank\">Jean-Claude Biver<\/a><\/strong>, il n\u2019en cultivait pas moins le <strong>g\u00e9nie marketing<\/strong>. Son rapprochement de <strong>Felix Baumgartner<\/strong>, l\u2019homme qui est rentr\u00e9 \u00e0 pied de l\u2019espace, a montr\u00e9 sa capacit\u00e9 \u00e0 \u00e9lever <strong>Z\u00e9nith<\/strong> a des niveaux de notori\u00e9t\u00e9 plan\u00e9taire qu\u2019elle n\u2019osait m\u00eame plus fantasmer.<\/p>\n<\/p>\n<\/p>\n<p><b>Bouillonnants CEO<\/b><\/p>\n<p><b><\/b><\/p>\n<p><b><\/b><\/p>\n<p>A l\u2019inverse, <strong>Aldo Magada<\/strong> serait un peu le <strong><a href=\"https:\/\/leguidedesmontres.com\/fr\/actualites\/288\/basket-et-horlogerie-la-dream-team\" target=\"_blank\">Ricardo Guadalupe<\/a><\/strong> de Hublot, qui prit la succession de Jean-Claude Biver : un homme qui d\u00e9fendra avec brio la route trac\u00e9e par son bouillonnant pr\u00e9d\u00e9cesseur. D\u2019ailleurs, le lien qui unit les deux hommes ne fait pas myst\u00e8re : Biver dirige aujourd\u2019hui le <strong>p\u00f4le horloger de LVMH<\/strong> auquel appartient Zenith, et le choix d\u2019Aldo Magada pour pr\u00e9sider \u00e0 sa destin\u00e9e renvoie \u00e0 la p\u00e9riode o\u00f9 les deux hommes se c\u00f4toyaient chez <strong>Omega<\/strong>.<\/p>\n<\/p>\n<\/p>\n<p>Ce choix n\u2019est \u00e9videmment pas que personnel. Certes, les deux hommes s\u2019appr\u00e9cient, mais pas seulement. Magada occupait son dernier poste chez <strong>Breitling<\/strong>, autrement dit une marque au souffle a\u00e9ronautique fort, le m\u00eame que <strong>Jean-Fr\u00e9d\u00e9ric Dufour<\/strong> avait imprim\u00e9 dans les voiles de Zenith. La continuit\u00e9 est parfaite. Et Magada trouve chez Zenith une brillante porte de sortie, lui qui n\u2019avait <strong>aucune \u00e9volution possible chez Breitling<\/strong> avec les postes num\u00e9ros 1 (<strong>Teddy Schneider<\/strong>) et 2 (<strong>Jean-Paul Girardin<\/strong>) occup\u00e9s \u00e0 (presque) vie par leurs propri\u00e9taires. Le plafond de verre n\u2019avait qu\u2019une chance infime de s\u2019ouvrir.<\/p>\n<\/p>\n<\/p>\n<p>Toutefois, les observateurs notent une tendance marqu\u00e9e d\u2019Aldo Magada \u00e0 changer fr\u00e9quemment de maison. On l\u2019a vu chez <strong>Piaget<\/strong>, <strong>Omega<\/strong>, <strong>Gucci TimePieces<\/strong>, qu&rsquo;il quitte deux ans plus tard pour diriger successivement <strong>Technomarine<\/strong>, <strong>Reuge<\/strong> et <strong>Badollet<\/strong>. La premi\u00e8re a connu des probl\u00e8mes de gouvernance qui ont \u00e9galement conduit au d\u00e9part de <strong>Vincent Perriard<\/strong> (aujourd\u2019hui <strong>brillant CEO de HYT<\/strong>). La seconde n\u2019en finit plus de se relever pour ne pas dispara\u00eetre (merci MB&#038;F), la troisi\u00e8me agonise. Et toutes ont connu Aldo Magada comme capitaine.<\/p>\n<\/p>\n<\/p>\n<p><b>Retour au groupe<\/b><\/p>\n<p><b><\/b><\/p>\n<p><b><\/b><\/p>\n<p>Avec <strong>Z\u00e9nith<\/strong>, ce dernier retrouve une logique de grand groupe, lui qui n\u2019exer\u00e7ait plus qu\u2019au sein de maisons ind\u00e9pendantes \u2013 et m\u00eame en tant qu\u2019ind\u00e9pendant puisqu\u2019il fut consultant pendant 12 mois, ajoutant une pierre de plus \u00e0 un \u00e9difice (et une trajectoire) d\u00e9j\u00e0 instable. <\/p>\n<\/p>\n<p>La mission que s\u2019\u00e9tait fix\u00e9e <strong>Jean-Fr\u00e9d\u00e9ric Dufour<\/strong> et qu\u2019il a probablement pass\u00e9e \u00e0 son successeur est celle de rajeunir l\u2019audience de la marque tout en gardant sa connexion historique avec l\u2019<strong>aviation<\/strong>. C\u2019est en ce sens qu\u2019allait le dernier <strong>Baselworld de Zenith<\/strong>. C\u2019est la feuille de route que reprendra probablement Magada, avec le succ\u00e8s qu\u2019on peut en attendre, lui qui vient d\u2019un Breitling d\u00e9j\u00e0 roi dans les airs. Bon vol, M. Magada.<\/p>\n<\/p>\n<\/p>\n<p><strong><i><a href=\"https:\/\/leguidedesmontres.com\/fr\/videos\/52\/interview-jean-frederic-dufour\" target=\"_blank\">Retrouvez notre interview exclusive de Jean-Fr\u00e9d\u00e9ric Dufour lors de son dernier Baselworld.<\/a><\/i><\/strong><i><\/i><\/p>\n<p><i><\/i><\/p>\n<p><i><\/i><\/p>\n<\/p>\n<p>Olivier M\u00fcller<\/p>\n<\/p>\n<\/p>\n<p><i>Visuels \u00a9 Zenith<\/i><\/p>\n<\/p>\n<p><i><\/i><\/p>\n<p><i><\/i><\/p>\n<p><i><\/i><br \/>\n<img decoding=\"async\" data-src=\"\/fr\/wp-content\/uploads\/2025\/06\/389_1677_aldo_magada_ceo_zenith.jpg\" alt=\"\" class=\"wp-image lazyload\" src=\"data:image\/svg+xml;base64,PHN2ZyB3aWR0aD0iMSIgaGVpZ2h0PSIxIiB4bWxucz0iaHR0cDovL3d3dy53My5vcmcvMjAwMC9zdmciPjwvc3ZnPg==\" style=\"--smush-placeholder-width: 620px; --smush-placeholder-aspect-ratio: 620\/699;\" \/><\/p>\n","protected":false},"excerpt":{"rendered":"<p>Cette fois, c\u2019est la bonne : le changement de CEO \u00e0 la t\u00eate de Zenith est effectif depuis ce 1er<\/p>\n","protected":false},"author":1,"featured_media":8851,"comment_status":"open","ping_status":"open","sticky":false,"template":"","format":"standard","meta":{"_acf_changed":false,"footnotes":""},"categories":[729],"tags":[706],"class_list":["post-8850","post","type-post","status-publish","format-standard","has-post-thumbnail","hentry","category-zenith","tag-au-fil-de-lactualite"],"acf":[],"_links":{"self":[{"href":"https:\/\/leguidedesmontres.com\/fr\/wp-json\/wp\/v2\/posts\/8850","targetHints":{"allow":["GET"]}}],"collection":[{"href":"https:\/\/leguidedesmontres.com\/fr\/wp-json\/wp\/v2\/posts"}],"about":[{"href":"https:\/\/leguidedesmontres.com\/fr\/wp-json\/wp\/v2\/types\/post"}],"author":[{"embeddable":true,"href":"https:\/\/leguidedesmontres.com\/fr\/wp-json\/wp\/v2\/users\/1"}],"replies":[{"embeddable":true,"href":"https:\/\/leguidedesmontres.com\/fr\/wp-json\/wp\/v2\/comments?post=8850"}],"version-history":[{"count":0,"href":"https:\/\/leguidedesmontres.com\/fr\/wp-json\/wp\/v2\/posts\/8850\/revisions"}],"wp:featuredmedia":[{"embeddable":true,"href":"https:\/\/leguidedesmontres.com\/fr\/wp-json\/wp\/v2\/media\/8851"}],"wp:attachment":[{"href":"https:\/\/leguidedesmontres.com\/fr\/wp-json\/wp\/v2\/media?parent=8850"}],"wp:term":[{"taxonomy":"category","embeddable":true,"href":"https:\/\/leguidedesmontres.com\/fr\/wp-json\/wp\/v2\/categories?post=8850"},{"taxonomy":"post_tag","embeddable":true,"href":"https:\/\/leguidedesmontres.com\/fr\/wp-json\/wp\/v2\/tags?post=8850"}],"curies":[{"name":"wp","href":"https:\/\/api.w.org\/{rel}","templated":true}]}}