{"id":8914,"date":"2014-04-25T19:00:13","date_gmt":"2014-04-25T17:00:13","guid":{"rendered":"https:\/\/leguidedesmontres.com\/fr\/actualites\/une-vacheron-constantin-speciale-pour-dubail\/"},"modified":"2014-04-25T19:00:13","modified_gmt":"2014-04-25T17:00:13","slug":"une-vacheron-constantin-speciale-pour-dubail","status":"publish","type":"post","link":"https:\/\/leguidedesmontres.com\/fr\/actualites\/une-vacheron-constantin-speciale-pour-dubail\/","title":{"rendered":"Une Vacheron Constantin sp\u00e9ciale pour Dubail"},"content":{"rendered":"<p><img decoding=\"async\" data-src=\"\/fr\/wp-content\/uploads\/2025\/06\/356_vacheron_constantin_patrimony_patrimony_bi_retrograde_day_date_86020_000r_9239.jpg\" alt=\"Une Vacheron Constantin sp\u00e9ciale pour Dubail\" class=\"wp-image featured-image lazyload\" src=\"data:image\/svg+xml;base64,PHN2ZyB3aWR0aD0iMSIgaGVpZ2h0PSIxIiB4bWxucz0iaHR0cDovL3d3dy53My5vcmcvMjAwMC9zdmciPjwvc3ZnPg==\" style=\"--smush-placeholder-width: 620px; --smush-placeholder-aspect-ratio: 620\/781;\" \/><\/p>\n<p><span>On n\u2019a pas tous les jours 20 ans. L\u2019enseigne <strong><a target=\"_blank\" href=\"http:\/\/www.dubail.fr\/\" rel=\"noopener noreferrer nofollow\">Dubail<\/a><\/strong>, l\u2019une des rares enseignes multi-marques de la <strong>place Vendome<\/strong>, s\u2019est pour l\u2019occasion faite faire une <strong>s\u00e9rie limit\u00e9e exclusive<\/strong>, que l\u2019on ne retrouvera que dans la <strong>boutique parisienne<\/strong>. <\/span><\/p>\n<\/p>\n<p><strong><span>Dubail<\/span><\/strong><span> est coutumier de la pratique, que cela soit effectivement avec <strong>Vacheron-Constantin<\/strong>, mais aussi <strong>Jaeger-LeCoultre<\/strong>, <strong>Girard Perregaux<\/strong>, <strong>Piaget<\/strong> ou encore <strong>Leroy<\/strong>. Pour la pi\u00e8ce anniversaire, <strong>Dubail<\/strong> s\u2019est fait confectionner une version tr\u00e8s sp\u00e9ciale de <strong>Patrimony Contemporaine Bi R\u00e9trograde Day &#038; Date<\/strong>, <strong>ref. 86020<\/strong>. Elle est \u00e9quip\u00e9e d\u2019un calibre de 283 pi\u00e8ces et 27 rubis, proposant<strong> 40 heures de r\u00e9serve de marche<\/strong>, \u00e0 remontage automatique, cadenc\u00e9 \u00e0 <strong>28 800 alt. \/ heures<\/strong>. Le mouvement comme la pi\u00e8ce finie sont, comme \u00e0 l\u2019accoutum\u00e9e, finis selon les r\u00e8gles du <strong><a target=\"_blank\" href=\"https:\/\/leguidedesmontres.com\/fr\/actualites\/268\/le-poincon-de-geneve-pour-les-nuls\">Poin\u00e7on de Gen\u00e8ve<\/a><\/strong>. L\u2019ensemble est donn\u00e9 pour <strong>42,5 mm de diam\u00e8tre<\/strong>, poss\u00e8de un <strong>fond saphir<\/strong> et est \u00e9tanche \u00e0 30 m\u00e8tres. La pi\u00e8ce est propos\u00e9e avec un bracelet crocodile \u00e0 boucle d\u00e9ployante. L\u2019<strong>\u00e9dition limit\u00e9e<\/strong> compte uniquement <strong>20 pi\u00e8ces<\/strong> au prix de <strong>46 100 euros<\/strong>. <\/span><\/p>\n<\/p>\n<p><img decoding=\"async\" data-src=\"\/fr\/wp-content\/uploads\/2025\/06\/356_1444_vacheron_constantin_patrimony_contemporaine_bi_retrograde_day_and_date_86020_000r.jpg\" alt=\"\" class=\"wp-image lazyload\" src=\"data:image\/svg+xml;base64,PHN2ZyB3aWR0aD0iMSIgaGVpZ2h0PSIxIiB4bWxucz0iaHR0cDovL3d3dy53My5vcmcvMjAwMC9zdmciPjwvc3ZnPg==\" style=\"--smush-placeholder-width: 620px; --smush-placeholder-aspect-ratio: 620\/647;\" \/><\/p>\n<p><span>Cette pi\u00e8ce est dite <strong>bi-r\u00e9trograde<\/strong>, car les deux complications additionnelles que sont le <strong>jour et la date<\/strong> sont indiqu\u00e9es par <strong>deux aiguilles<\/strong> lesquelles, en fin de course (donc le dimanche et le 31 de chaque mois), font marche arri\u00e8re pour revenir \u00e0 leur point de d\u00e9part. La disposition de cet affichage est singuli\u00e8re, puisque la <strong>date<\/strong> occupe un espace particuli\u00e8rement large, toute la moiti\u00e9 sup\u00e9rieure du <strong>cadran<\/strong>. Ce dernier est d\u2019ailleurs d\u2019un gris \u00e9galement peu courant chez <strong>Vacheron Constantin<\/strong>, une teinte \u00e9l\u00e9gante qui de marie parfaitement avec l\u2019<strong>or rose<\/strong> de la <strong>bo\u00eete et des aiguilles<\/strong>. <\/span><\/p>\n<\/p>\n<p><span>Le <strong>calendrier<\/strong> peut-\u00eatre ajust\u00e9 avec un <strong>stylet<\/strong> permettant le cas \u00e9ch\u00e9ant de corriger manuellement la date. Le syst\u00e8me est simple mais l\u2019utilisation de ce stylet reste contraignante, les probabilit\u00e9s de ne pas toujours l\u2019avoir sur soi, forte. L\u2019esth\u00e9tique de la bo\u00eete gagne toutefois consid\u00e9rablement en sobri\u00e9t\u00e9 avec ce syst\u00e8me, qui fait l\u2019\u00e9conomie d\u2019un poussoir d\u00e9di\u00e9. Il existait toutefois des alternatives int\u00e9ressantes que l\u2019on trouve dans d\u2019autres manufactures, comme chez <strong>Fran\u00e7ois-Paul Journe<\/strong> o\u00f9 les correcteurs de date sont discr\u00e8tement plac\u00e9s dans les cornes de la pi\u00e8ce. <\/span><\/p>\n<p><span><\/span><\/p>\n<\/p>\n<p><span>Olivier M\u00fcller<\/span><\/p>\n<p><span><\/span><\/p>\n<\/p>\n<p><i><span>Visuels \u00a9 Vacheron Constantin<\/span><\/i><\/p>\n<p><i><\/i><\/p>\n<p><i><\/i><br \/>\n<img decoding=\"async\" data-src=\"\/fr\/wp-content\/uploads\/2025\/06\/356_1446_vacheron_patrimony_86020_000r_9859.jpg\" alt=\"\" class=\"wp-image lazyload\" src=\"data:image\/svg+xml;base64,PHN2ZyB3aWR0aD0iMSIgaGVpZ2h0PSIxIiB4bWxucz0iaHR0cDovL3d3dy53My5vcmcvMjAwMC9zdmciPjwvc3ZnPg==\" style=\"--smush-placeholder-width: 620px; --smush-placeholder-aspect-ratio: 620\/719;\" \/><\/p>\n","protected":false},"excerpt":{"rendered":"<p>On n\u2019a pas tous les jours 20 ans. L\u2019enseigne Dubail, l\u2019une des rares enseignes multi-marques de la place Vendome, s\u2019est<\/p>\n","protected":false},"author":1,"featured_media":8915,"comment_status":"open","ping_status":"open","sticky":false,"template":"","format":"standard","meta":{"_acf_changed":false,"footnotes":""},"categories":[717],"tags":[704],"class_list":["post-8914","post","type-post","status-publish","format-standard","has-post-thumbnail","hentry","category-vacheron-constantin","tag-a-voir"],"acf":[],"_links":{"self":[{"href":"https:\/\/leguidedesmontres.com\/fr\/wp-json\/wp\/v2\/posts\/8914","targetHints":{"allow":["GET"]}}],"collection":[{"href":"https:\/\/leguidedesmontres.com\/fr\/wp-json\/wp\/v2\/posts"}],"about":[{"href":"https:\/\/leguidedesmontres.com\/fr\/wp-json\/wp\/v2\/types\/post"}],"author":[{"embeddable":true,"href":"https:\/\/leguidedesmontres.com\/fr\/wp-json\/wp\/v2\/users\/1"}],"replies":[{"embeddable":true,"href":"https:\/\/leguidedesmontres.com\/fr\/wp-json\/wp\/v2\/comments?post=8914"}],"version-history":[{"count":0,"href":"https:\/\/leguidedesmontres.com\/fr\/wp-json\/wp\/v2\/posts\/8914\/revisions"}],"wp:featuredmedia":[{"embeddable":true,"href":"https:\/\/leguidedesmontres.com\/fr\/wp-json\/wp\/v2\/media\/8915"}],"wp:attachment":[{"href":"https:\/\/leguidedesmontres.com\/fr\/wp-json\/wp\/v2\/media?parent=8914"}],"wp:term":[{"taxonomy":"category","embeddable":true,"href":"https:\/\/leguidedesmontres.com\/fr\/wp-json\/wp\/v2\/categories?post=8914"},{"taxonomy":"post_tag","embeddable":true,"href":"https:\/\/leguidedesmontres.com\/fr\/wp-json\/wp\/v2\/tags?post=8914"}],"curies":[{"name":"wp","href":"https:\/\/api.w.org\/{rel}","templated":true}]}}