{"id":8918,"date":"2014-04-23T17:43:11","date_gmt":"2014-04-23T15:43:11","guid":{"rendered":"https:\/\/leguidedesmontres.com\/fr\/actualites\/tag-heuer-entre-amenagements-et-nouvelles-gammes\/"},"modified":"2014-04-23T17:43:11","modified_gmt":"2014-04-23T15:43:11","slug":"tag-heuer-entre-amenagements-et-nouvelles-gammes","status":"publish","type":"post","link":"https:\/\/leguidedesmontres.com\/fr\/actualites\/tag-heuer-entre-amenagements-et-nouvelles-gammes\/","title":{"rendered":"TAG Heuer : entre am\u00e9nagements et nouvelles gammes"},"content":{"rendered":"<p><img decoding=\"async\" data-src=\"\/fr\/wp-content\/uploads\/2025\/06\/354_tag_heuer_carrera_calibre_ch_80_chronograph_41mm_cba2110_ba0723.jpg\" alt=\"TAG Heuer : entre am\u00e9nagements et nouvelles gammes\" class=\"wp-image featured-image lazyload\" src=\"data:image\/svg+xml;base64,PHN2ZyB3aWR0aD0iMSIgaGVpZ2h0PSIxIiB4bWxucz0iaHR0cDovL3d3dy53My5vcmcvMjAwMC9zdmciPjwvc3ZnPg==\" style=\"--smush-placeholder-width: 620px; --smush-placeholder-aspect-ratio: 620\/698;\" \/><\/p>\n<p><strong><span>TAG Heuer<\/span><\/strong><span> a op\u00e9r\u00e9 de simples \u2018facelift\u2019 sur nombre de ses gammes, mais sans oublier deux entr\u00e9es remarqu\u00e9es : la premi\u00e8re pi\u00e8ce \u00e9quip\u00e9e du tout <strong>nouveau calibre maison<\/strong>, et une exceptionnelle <strong>Monaco V4 10<sup>\u00e8me<\/sup> anniversaire<\/strong>. <\/span><\/p>\n<\/p>\n<p><b><span>Carrera, modifications pour amateurs avertis<\/span><\/b><\/p>\n<p><b><\/b><\/p>\n<p><b><\/b><\/p>\n<p><span>Cette ann\u00e9e \u00e0 <strong>Baselworld<\/strong>, <strong>TAG Heuer<\/strong> n\u2019a pas op\u00e9r\u00e9 de changement majeur de sa gamme phare, la <strong>Carrera<\/strong>, mais <span> <\/span>de subtiles retouches qui viendront (seulement) combler les aficionados de la marque. <\/span><\/p>\n<\/p>\n<p><span>On parle ici d\u2019<strong>index<\/strong> et <strong>logos<\/strong> \u00e0 pr\u00e9sent appliqu\u00e9s, d\u2019un guichet de date retravaill\u00e9, d\u2019un <strong>nouveau mod\u00e8le Day Date de 41 mm<\/strong>. On note l\u2019arriv\u00e9e de la <strong>Twin Time Calibre 7<\/strong>, qui passe de 39 \u00e0 <strong>41 mm<\/strong>, \u00e0 un peu plus de <strong>3000 euros<\/strong>. De nombreuses<span>  <\/span>variations sont \u00e9galement propos\u00e9es en bi-tons or \/ acier, une tendance que l\u2019on a vu chez plusieurs marques et qui trahit une affection prononc\u00e9e de cette combinaison de la part de clients asiatiques. <\/span><\/p>\n<\/p>\n<p><span>C\u00f4t\u00e9 entr\u00e9e de gamme, la <strong>Formula 1<\/strong>, jusqu\u2019\u00e0 pr\u00e9sent <strong>100% quartz<\/strong>, se d\u00e9cline aujourd\u2019hui en automatique aux environs de <strong>1500 euros<\/strong> (1600 CHF). <strong>TAG Heuer<\/strong> positionne ainsi cette pi\u00e8ce en entr\u00e9e de gamme sur les deux segments (m\u00e9canique et quartz), un mouvement int\u00e9ressant qui place la marque sur un cr\u00e9neau frontal des <strong>Tissot<\/strong> et autres <strong>Oris<\/strong>. La base du calibre sera un <strong>ETA 2895<\/strong>. <\/span><\/p>\n<\/p>\n<p><span>L\u2019entr\u00e9e de gamme se trouve \u00e9galement confort\u00e9 par l\u2019<strong>Aquaracer<\/strong>, en <strong>27 mm<\/strong>, qui b\u00e9n\u00e9ficie aujourd\u2019hui d\u2019un nouveau bracelet que l\u2019on trouve aujourd\u2019hui sur de nombreux mod\u00e8les de la marque, avec maillon en H. Il ne s\u2019agit que d\u2019une simple retouche esth\u00e9tique mais la collection n\u2019avait pas \u00e9t\u00e9 rafraichie depuis 2004 !<\/span><\/p>\n<\/p>\n<p><span>Plus haut dans la gamme, la <strong>Carrera 1887 Dashboard<\/strong> vient, comme son nom l\u2019indique, en r\u00e9f\u00e9rence aux <strong>tableaux de bord des v\u00e9hicules de course<\/strong> des ann\u00e9es 60 et 70. Deux particularit\u00e9s : une petite seconde sans cadran, ainsi que les <strong>poussoirs<\/strong> \u00e0 midi, qui ne sont pas sans rappeler le format bullhead. Une belle r\u00e9ussite esth\u00e9tique, coh\u00e9rente, un <strong>look vintage<\/strong> \u00e0 souhait pour une pi\u00e8ce qui devrait se positioner autour des <strong>7000 euros<\/strong>. <\/span><\/p>\n<p><img decoding=\"async\" data-src=\"\/fr\/wp-content\/uploads\/2025\/06\/354_1431_car2c11.fc6327_tag_heuer_carrera_jack_heuer_1887_chronograph.jpg\" alt=\"\" class=\"wp-image lazyload\" src=\"data:image\/svg+xml;base64,PHN2ZyB3aWR0aD0iMSIgaGVpZ2h0PSIxIiB4bWxucz0iaHR0cDovL3d3dy53My5vcmcvMjAwMC9zdmciPjwvc3ZnPg==\" style=\"--smush-placeholder-width: 620px; --smush-placeholder-aspect-ratio: 620\/477;\" \/><\/p>\n<p><b><span>Quand 1969 devient CH80<\/span><\/b><\/p>\n<p><b><\/b><\/p>\n<p><b><\/b><\/p>\n<p><span>Enfin \u2013 et surtout \u2013 on applaudir l\u2019arriv\u00e9e de la premi\u00e8re pi\u00e8ce dot\u00e9e du tout <strong>nouveau calibre maison<\/strong>, le <strong>1969<\/strong> d\u00e9finitivement rebaptis\u00e9 <strong>CH80<\/strong> \u00e0 Bale. Dommage, soit dit en passant, mais la po\u00e9sie de cette d\u00e9nomination d\u2019une ann\u00e9e mythique pour l\u2019horlogerie a ainsi laiss\u00e9 place \u00e0 un nom qui accole \u00ab <strong>CH<\/strong> \u00bb pour \u00ab <strong>Chevenez<\/strong> \u00bb, lieu de conception du calibre, \u00e0 \u00ab <strong>80<\/strong> \u00bb, pour <strong>80 heures de r\u00e9serve de marche<\/strong>. <\/span><\/p>\n<\/p>\n<p><span>Deux premiers mod\u00e8les tr\u00e8s sobres sont propos\u00e9s, en variation noir ou blanc, rappelant les fameux mod\u00e8les <strong>Panda<\/strong> de la marque. Rien de r\u00e9volutionnaire sur le plan esth\u00e9tique, mais la pi\u00e8ce sera collector pour tout <strong>amateur d\u2019horlogerie<\/strong>, \u00e9tant la premi\u00e8re de l\u2019histoire \u00e0 renfermer ce tout nouveau calibre. Le prix final est attendu autour de <strong>5000 euros<\/strong>. <\/span><\/p>\n<p><img decoding=\"async\" data-src=\"\/fr\/wp-content\/uploads\/2025\/06\/354_1433_tag_heuer_carrera_ch80_chronograph_cba2111_fc6347.jpg\" alt=\"\" class=\"wp-image lazyload\" src=\"data:image\/svg+xml;base64,PHN2ZyB3aWR0aD0iMSIgaGVpZ2h0PSIxIiB4bWxucz0iaHR0cDovL3d3dy53My5vcmcvMjAwMC9zdmciPjwvc3ZnPg==\" style=\"--smush-placeholder-width: 620px; --smush-placeholder-aspect-ratio: 620\/654;\" \/><\/p>\n<p><b><span>10 ans de Monaco V4, un mod\u00e8le anniversaire<\/span><\/b><\/p>\n<p><b><span><\/span><\/b><\/p>\n<p><b><\/b><\/p>\n<p><b><\/b><\/p>\n<p><span>C\u00f4t\u00e9 <strong>Avant-Garde<\/strong> (les \u00ab <strong>A<\/strong> \u00bb et \u00ab <strong>G<\/strong> \u00bb de <strong>TAG<\/strong>), la marque d\u00e9voilait une impressionnante <strong>Monaco V4 Tourbillon<\/strong>. <\/span><\/p>\n<\/p>\n<p><span>La pi\u00e8ce propose l\u2019<strong>architecture \u00e0 courroie<\/strong> de la pi\u00e8ce d\u2019origine, d\u00e9voil\u00e9e il y a 10 ans, avec pour la premi\u00e8re fois un <strong>\u00e9chappement \u00e0 tourbillon<\/strong>. La gageure consistait donc \u00e0 faire fonctionner cet \u00e9chappement si sensible avec non plus des <strong>rouages<\/strong>, mais une <strong>transmission par courroies<\/strong>. Pour l\u2019occasion, il ne s\u2019agit pas simplement d\u2019une adaptation, mais d\u2019une r\u00e9\u00e9criture quasi-totale : le calibre a \u00e9t\u00e9 refait \u00e0 environ 90%. <\/span><\/p>\n<\/p>\n<p><span>L\u2019exercice est r\u00e9ussi et reste, \u00e0 ce jour, une <strong>montre de production tr\u00e8s limit\u00e9e<\/strong>. Et permet accessoirement \u00e0 <strong>TAG Heuer<\/strong> de conserver sa confortable avance en termes de <strong>R&#038;D<\/strong>. Quelques mod\u00e8les devraient \u00eatre livr\u00e9s en juin, \u00e0 environ <strong>150 000 euros<\/strong>. <\/span><\/p>\n<p><span><\/span><\/p>\n<\/p>\n<p><span>Olivier M\u00fcller<\/span><\/p>\n<p><span><\/span><\/p>\n<\/p>\n<p><i><span>Visuels \u00a9 TAG Heuer<\/span><\/i><\/p>\n<p><i><\/i><\/p>\n<p><i><\/i><\/p>\n<p><i><span><\/span><\/i><\/p>\n<p><i><span> <\/span><\/i><\/p>\n<p><i><\/i><br \/>\n<img decoding=\"async\" data-src=\"\/fr\/wp-content\/uploads\/2025\/06\/354_1435_tag_heuer_monaco_v4_tourbillon_waw2081_fc6348.jpg\" alt=\"\" class=\"wp-image lazyload\" src=\"data:image\/svg+xml;base64,PHN2ZyB3aWR0aD0iMSIgaGVpZ2h0PSIxIiB4bWxucz0iaHR0cDovL3d3dy53My5vcmcvMjAwMC9zdmciPjwvc3ZnPg==\" style=\"--smush-placeholder-width: 620px; --smush-placeholder-aspect-ratio: 620\/643;\" \/><\/p>\n","protected":false},"excerpt":{"rendered":"<p>TAG Heuer a op\u00e9r\u00e9 de simples \u2018facelift\u2019 sur nombre de ses gammes, mais sans oublier deux entr\u00e9es remarqu\u00e9es : la<\/p>\n","protected":false},"author":1,"featured_media":8919,"comment_status":"open","ping_status":"open","sticky":false,"template":"","format":"standard","meta":{"_acf_changed":false,"footnotes":""},"categories":[732],"tags":[706],"class_list":["post-8918","post","type-post","status-publish","format-standard","has-post-thumbnail","hentry","category-tag-heuer","tag-au-fil-de-lactualite"],"acf":[],"_links":{"self":[{"href":"https:\/\/leguidedesmontres.com\/fr\/wp-json\/wp\/v2\/posts\/8918","targetHints":{"allow":["GET"]}}],"collection":[{"href":"https:\/\/leguidedesmontres.com\/fr\/wp-json\/wp\/v2\/posts"}],"about":[{"href":"https:\/\/leguidedesmontres.com\/fr\/wp-json\/wp\/v2\/types\/post"}],"author":[{"embeddable":true,"href":"https:\/\/leguidedesmontres.com\/fr\/wp-json\/wp\/v2\/users\/1"}],"replies":[{"embeddable":true,"href":"https:\/\/leguidedesmontres.com\/fr\/wp-json\/wp\/v2\/comments?post=8918"}],"version-history":[{"count":0,"href":"https:\/\/leguidedesmontres.com\/fr\/wp-json\/wp\/v2\/posts\/8918\/revisions"}],"wp:featuredmedia":[{"embeddable":true,"href":"https:\/\/leguidedesmontres.com\/fr\/wp-json\/wp\/v2\/media\/8919"}],"wp:attachment":[{"href":"https:\/\/leguidedesmontres.com\/fr\/wp-json\/wp\/v2\/media?parent=8918"}],"wp:term":[{"taxonomy":"category","embeddable":true,"href":"https:\/\/leguidedesmontres.com\/fr\/wp-json\/wp\/v2\/categories?post=8918"},{"taxonomy":"post_tag","embeddable":true,"href":"https:\/\/leguidedesmontres.com\/fr\/wp-json\/wp\/v2\/tags?post=8918"}],"curies":[{"name":"wp","href":"https:\/\/api.w.org\/{rel}","templated":true}]}}