{"id":8926,"date":"2014-04-15T11:25:57","date_gmt":"2014-04-15T09:25:57","guid":{"rendered":"https:\/\/leguidedesmontres.com\/fr\/actualites\/jean-frederic-dufour-ceo-rolex\/"},"modified":"2014-04-15T11:25:57","modified_gmt":"2014-04-15T09:25:57","slug":"jean-frederic-dufour-ceo-rolex","status":"publish","type":"post","link":"https:\/\/leguidedesmontres.com\/fr\/actualites\/jean-frederic-dufour-ceo-rolex\/","title":{"rendered":"Jean-Fr\u00e9d\u00e9ric Dufour CEO Rolex"},"content":{"rendered":"<p><img decoding=\"async\" data-src=\"\/fr\/wp-content\/uploads\/2025\/06\/350_jean_frederic_dufour_ceo_rolex.jpg\" alt=\"Jean-Fr\u00e9d\u00e9ric Dufour CEO Rolex\" class=\"wp-image featured-image lazyload\" src=\"data:image\/svg+xml;base64,PHN2ZyB3aWR0aD0iMSIgaGVpZ2h0PSIxIiB4bWxucz0iaHR0cDovL3d3dy53My5vcmcvMjAwMC9zdmciPjwvc3ZnPg==\" style=\"--smush-placeholder-width: 620px; --smush-placeholder-aspect-ratio: 620\/575;\" \/><\/p>\n<p>La nouvelle qui a fait le tour du web ces derni\u00e8res heures est d\u00e9sormais officielle, <strong><a target=\"_blank\" href=\"https:\/\/leguidedesmontres.com\/fr\/videos\/47\/jean-frederic-dufour-zenith-nous-parle-de-la-lightweight\">Jean-Fr\u00e9d\u00e9ric Dufour<\/a><\/strong>, actuel CEO de la marque Z\u00e9nith (groupe LVMH) est nomm\u00e9 <strong>Directeur G\u00e9n\u00e9ral de Rolex S.A<\/strong>.<\/p>\n<\/p>\n<p>Cet homme brillant de 45 ans devrait donc succ\u00e9der \u00e0 <strong>Gian Riccardo Marini<\/strong>, nomm\u00e9 en 2011. V\u00e9ritable surprise dans le monde horloger, <strong>Jean-Fr\u00e9d\u00e9ric Dufour<\/strong> a su trouver la bonne recette pour remettre la marque \u00e0 l&rsquo;\u00e9toile (<strong>Z\u00e9nith<\/strong>) sur le devant de la sc\u00e8ne. De l&rsquo;\u00e9toile \u00e0 la couronne, nous sommes ravis que ce <strong>prodige du marketing<\/strong>, amateur de <strong>montres vintages de collections<\/strong>, tr\u00e8s impliqu\u00e9 dans le monde digital, soit couronn\u00e9 par <strong><a target=\"_blank\" href=\"https:\/\/leguidedesmontres.com\/fr\/prix-du-neuf\/rolex\">Rolex<\/a><\/strong>.<\/p>\n<\/p>\n<p>Notre <strong>interview vid\u00e9o<\/strong> exclusive de <strong>Jean-Fr\u00e9d\u00e9ric Dufour<\/strong> lors de <strong>Baselworld 2014<\/strong> arrive tr\u00e8s prochainement&#8230;<\/p>\n<\/p>\n<p><i><span>Visuels \u00a9<\/span><\/i><em><span> Z\u00e9ntih \/ Le Guide des Montres.com<\/span><\/em><\/p>\n<p>Ci dessus, <strong>Jean-Fr\u00e9d\u00e9ric Dufour<\/strong> lors de notre interview dans son bureau sur le stand <strong>Z\u00e9nith<\/strong> de <strong>Baselworld<\/strong>. Notez l&rsquo;arri\u00e8re plan&#8230;<\/p>\n","protected":false},"excerpt":{"rendered":"<p>La nouvelle qui a fait le tour du web ces derni\u00e8res heures est d\u00e9sormais officielle, Jean-Fr\u00e9d\u00e9ric Dufour, actuel CEO de<\/p>\n","protected":false},"author":1,"featured_media":8927,"comment_status":"open","ping_status":"open","sticky":false,"template":"","format":"standard","meta":{"_acf_changed":false,"footnotes":""},"categories":[714],"tags":[704],"class_list":["post-8926","post","type-post","status-publish","format-standard","has-post-thumbnail","hentry","category-rolex","tag-a-voir"],"acf":[],"_links":{"self":[{"href":"https:\/\/leguidedesmontres.com\/fr\/wp-json\/wp\/v2\/posts\/8926","targetHints":{"allow":["GET"]}}],"collection":[{"href":"https:\/\/leguidedesmontres.com\/fr\/wp-json\/wp\/v2\/posts"}],"about":[{"href":"https:\/\/leguidedesmontres.com\/fr\/wp-json\/wp\/v2\/types\/post"}],"author":[{"embeddable":true,"href":"https:\/\/leguidedesmontres.com\/fr\/wp-json\/wp\/v2\/users\/1"}],"replies":[{"embeddable":true,"href":"https:\/\/leguidedesmontres.com\/fr\/wp-json\/wp\/v2\/comments?post=8926"}],"version-history":[{"count":0,"href":"https:\/\/leguidedesmontres.com\/fr\/wp-json\/wp\/v2\/posts\/8926\/revisions"}],"wp:featuredmedia":[{"embeddable":true,"href":"https:\/\/leguidedesmontres.com\/fr\/wp-json\/wp\/v2\/media\/8927"}],"wp:attachment":[{"href":"https:\/\/leguidedesmontres.com\/fr\/wp-json\/wp\/v2\/media?parent=8926"}],"wp:term":[{"taxonomy":"category","embeddable":true,"href":"https:\/\/leguidedesmontres.com\/fr\/wp-json\/wp\/v2\/categories?post=8926"},{"taxonomy":"post_tag","embeddable":true,"href":"https:\/\/leguidedesmontres.com\/fr\/wp-json\/wp\/v2\/tags?post=8926"}],"curies":[{"name":"wp","href":"https:\/\/api.w.org\/{rel}","templated":true}]}}