{"id":8930,"date":"2014-04-10T18:46:31","date_gmt":"2014-04-10T16:46:31","guid":{"rendered":"https:\/\/leguidedesmontres.com\/fr\/actualites\/breitling-fete-la-patrouille-de-suisse\/"},"modified":"2014-04-10T18:46:31","modified_gmt":"2014-04-10T16:46:31","slug":"breitling-fete-la-patrouille-de-suisse","status":"publish","type":"post","link":"https:\/\/leguidedesmontres.com\/fr\/actualites\/breitling-fete-la-patrouille-de-suisse\/","title":{"rendered":"Breitling f\u00eate la Patrouille de Suisse"},"content":{"rendered":"<p><img decoding=\"async\" data-src=\"\/fr\/wp-content\/uploads\/2025\/06\/348_breitling_chronomat_44_gmt_patrouille_suisse_50yrs.jpg\" alt=\"Breitling f\u00eate la Patrouille de Suisse\" class=\"wp-image featured-image lazyload\" src=\"data:image\/svg+xml;base64,PHN2ZyB3aWR0aD0iMSIgaGVpZ2h0PSIxIiB4bWxucz0iaHR0cDovL3d3dy53My5vcmcvMjAwMC9zdmciPjwvc3ZnPg==\" style=\"--smush-placeholder-width: 620px; --smush-placeholder-aspect-ratio: 620\/464;\" \/><\/p>\n<p><strong><span>Breitling<\/span><\/strong><span> ne sait plus o\u00f9 donner de la t\u00eate. Cette seule ann\u00e9e 2014, la marque au <strong>B ail\u00e9<\/strong> f\u00eatera ses <strong>130 ans<\/strong>, les 30 ans de la renaissance de son <strong>Chronomat<\/strong>, et les <strong>50 ans de la Patrouille de Suisse<\/strong>. <\/span><\/p>\n<\/p>\n<p><span>Pour simplifier les choses, la manufacture a d\u00e9cid\u00e9 de joindre les deux derniers \u00e9v\u00e9nements ! Ainsi, <strong>Breitling<\/strong> f\u00eate le <strong>50e anniversaire<\/strong> de la <strong>Patrouille Suisse<\/strong> en d\u00e9diant \u00e0 cette formation une version exclusive du <strong>Chronomat<\/strong>, avec cadran personnalis\u00e9 et fond grav\u00e9. <\/span><\/p>\n<\/p>\n<p><span>Edit\u00e9 \u00e0 <strong>1000 exemplaires<\/strong>, ce chronographe d\u2019aviation refl\u00e8te une nouvelle fois les liens unissant la marque \u00e0 l\u2019\u00e9lite des pilotes. <strong>Breitling<\/strong> est en effet partenaire de la plupart des grandes patrouilles mondiales, comme celles d\u2019Angleterre, d\u2019Italie, de Suisse, de France, et de multiples autres. La plupart s\u2019\u00e9taient d\u2019ailleurs donn\u00e9 rendez-vous l\u2019ann\u00e9e derni\u00e8re \u00e0 Salon de Provence pour f\u00eater l\u2019anniversaire de la Patrouille de France, meeting a\u00e9rien de haut vol et de haute voltige dont Breitling \u00e9tait le naturel sponsor. <\/span><\/p>\n<\/p>\n<p><b><span>Double anniversaire<\/span><\/b><\/p>\n<p><b><\/b><\/p>\n<p><b><\/b><\/p>\n<p><span>Cette ann\u00e9e, en 2014, la Suisse et le monde de l\u2019a\u00e9ronautique f\u00eatent un double anniversaire: les cent ans des Forces a\u00e9riennes suisses et les cinquante ans de la Patrouille Suisse. <\/span><\/p>\n<\/p>\n<p><span>C\u2019est en 1964, en effet, que fut officialis\u00e9e la cr\u00e9ation d\u2019une formation acrobatique <span> <\/span>compos\u00e9e de pilotes professionnels de l\u2019arm\u00e9e de l\u2019air. Comptant d\u2019abord quatre, puis <span> <\/span>cinq avions de combat britanniques <strong>Hawker Hunter Mk 58<\/strong>, la Patrouille Suisse est <span> <\/span>pass\u00e9e \u00e0 six avions en 1978, en effectuant ses premi\u00e8res d\u00e9monstrations \u00e0 l\u2019\u00e9tranger.<\/span><\/p>\n<\/p>\n<p><span>Depuis 1995, elle s\u2019est impos\u00e9e parmi les rares patrouilles de jets supersoniques en faisant voler six chasseurs am\u00e9ricains <strong>F-5E Tiger II<\/strong>, reconnaissables \u00e0 leur c\u00e9l\u00e8bre livr\u00e9e rouge et blanc. La Patrouille Suisse se produit r\u00e9guli\u00e8rement lors de nombreux shows dans toute l\u2019Europe. <\/span><\/p>\n<\/p>\n<p><img decoding=\"async\" data-src=\"\/fr\/wp-content\/uploads\/2025\/06\/348_1404_patrouille_suisse_hotel_australia_breitling_team_in_mollis_f_a_332772.jpg\" alt=\"\" class=\"wp-image lazyload\" src=\"data:image\/svg+xml;base64,PHN2ZyB3aWR0aD0iMSIgaGVpZ2h0PSIxIiB4bWxucz0iaHR0cDovL3d3dy53My5vcmcvMjAwMC9zdmciPjwvc3ZnPg==\" style=\"--smush-placeholder-width: 620px; --smush-placeholder-aspect-ratio: 620\/496;\" \/><\/p>\n<p><b><span>Chronographe supersonique <\/span><\/b><\/p>\n<p><b><\/b><\/p>\n<p><b><\/b><\/p>\n<p><strong><span>Breitling<\/span><\/strong><span> entretient des relations de longue date avec la Patrouille Suisse. Ce rapprochement a d\u00e9j\u00e0 d\u00e9bouch\u00e9 sur la cr\u00e9ation de plusieurs mod\u00e8les personnalis\u00e9s. La marque s\u2019associe aujourd\u2019hui au <strong>50e anniversaire<\/strong> de la formation en lan\u00e7ant une \u00e9dition limit\u00e9e de son mod\u00e8le phare <strong>Chronomat<\/strong>, dans sa version \u00e0 <strong>double fuseau horaire<\/strong>. <\/span><\/p>\n<\/p>\n<p><span>Dot\u00e9 d\u2019un bo\u00eetier en acier satin\u00e9, ce <strong>chronographe m\u00e9canique<\/strong> se distingue par son cadran noir avec logo de la formation \u00e0 9h et sa lunette tournante aux chiffres incrust\u00e9s de caoutchouc. <\/span><\/p>\n<\/p>\n<p><span>La seconde aiguille des heures, termin\u00e9e par la silhouette d\u2019un <strong>F-5E Tiger II<\/strong> rouge, permet d\u2019afficher un deuxi\u00e8me fuseau horaire sur 24 heures en toute simplicit\u00e9 \u2013 gr\u00e2ce \u00e0 un syst\u00e8me de r\u00e9glage par la couronne. <\/span><\/p>\n<\/p>\n<p><span>L\u2019\u00e9chelle 24 heures figurant sur la lunette autorise la lecture d\u2019un <strong>troisi\u00e8me fuseau horaire<\/strong>. Le fond grav\u00e9 affiche le <strong>logo officiel du 50e anniversaire<\/strong>, surmont\u00e9 par le <strong>num\u00e9ro de s\u00e9rie limit\u00e9e<\/strong>. Etanche \u00e0 200 m, le <strong>Chronomat 44 GMT \u00ab50e Anniversaire Patrouille Suisse\u00bb<\/strong> abrite un <strong>Calibre manufacture B04<\/strong>, un mouvement de <strong>chronographe automatique<\/strong> enti\u00e8rement d\u00e9velopp\u00e9 et fabriqu\u00e9 par Breitling et <strong>certifi\u00e9 chronom\u00e8tre par le COSC<\/strong> (<strong>Contr\u00f4le Officiel Suisse des Chronom\u00e8tres<\/strong>). Le mod\u00e8le est propos\u00e9 avec <strong>deux bracelets <\/strong>: <strong>caoutchouc Diver Pro III<\/strong> ou <strong>bracelet m\u00e9tallique Pilot<\/strong>.<\/span><\/p>\n<\/p>\n<p><strong><span>Prix du mod\u00e8le pr\u00e9sent\u00e9 avec le bracelet acier satin\u00e9 : 8 820 \u20ac TTC<\/span><\/strong><\/p>\n<p><span><\/span><\/p>\n<\/p>\n<p><span><br \/><\/span><\/p>\n<p><span><span> <\/span><\/span><span>Olivier M\u00fcller<\/span><\/p>\n<p><span><\/span><\/p>\n<\/p>\n<p><i><span>Visuels \u00a9 Breitling<\/span><\/i><\/p>\n<p><i><\/i><\/p>\n<p><i><\/i><\/p>\n<p><span><\/span><\/p>\n<\/p>\n<p><img decoding=\"async\" data-src=\"\/fr\/wp-content\/uploads\/2025\/06\/348_1406_breitling_chronomat_44_gmt_patrouille_suisse_50th_anniversary.jpg\" alt=\"\" class=\"wp-image lazyload\" src=\"data:image\/svg+xml;base64,PHN2ZyB3aWR0aD0iMSIgaGVpZ2h0PSIxIiB4bWxucz0iaHR0cDovL3d3dy53My5vcmcvMjAwMC9zdmciPjwvc3ZnPg==\" style=\"--smush-placeholder-width: 620px; --smush-placeholder-aspect-ratio: 620\/648;\" \/><br \/>\n<img decoding=\"async\" data-src=\"\/fr\/wp-content\/uploads\/2025\/06\/348_1407_breitling_chronomat_44_gmt_patrouille_suisse_50_years.jpg\" alt=\"\" class=\"wp-image lazyload\" src=\"data:image\/svg+xml;base64,PHN2ZyB3aWR0aD0iMSIgaGVpZ2h0PSIxIiB4bWxucz0iaHR0cDovL3d3dy53My5vcmcvMjAwMC9zdmciPjwvc3ZnPg==\" style=\"--smush-placeholder-width: 620px; --smush-placeholder-aspect-ratio: 620\/512;\" \/><\/p>\n","protected":false},"excerpt":{"rendered":"<p>Breitling ne sait plus o\u00f9 donner de la t\u00eate. Cette seule ann\u00e9e 2014, la marque au B ail\u00e9 f\u00eatera ses<\/p>\n","protected":false},"author":1,"featured_media":8931,"comment_status":"open","ping_status":"open","sticky":false,"template":"","format":"standard","meta":{"_acf_changed":false,"footnotes":""},"categories":[725],"tags":[706],"class_list":["post-8930","post","type-post","status-publish","format-standard","has-post-thumbnail","hentry","category-breitling","tag-au-fil-de-lactualite"],"acf":[],"_links":{"self":[{"href":"https:\/\/leguidedesmontres.com\/fr\/wp-json\/wp\/v2\/posts\/8930","targetHints":{"allow":["GET"]}}],"collection":[{"href":"https:\/\/leguidedesmontres.com\/fr\/wp-json\/wp\/v2\/posts"}],"about":[{"href":"https:\/\/leguidedesmontres.com\/fr\/wp-json\/wp\/v2\/types\/post"}],"author":[{"embeddable":true,"href":"https:\/\/leguidedesmontres.com\/fr\/wp-json\/wp\/v2\/users\/1"}],"replies":[{"embeddable":true,"href":"https:\/\/leguidedesmontres.com\/fr\/wp-json\/wp\/v2\/comments?post=8930"}],"version-history":[{"count":0,"href":"https:\/\/leguidedesmontres.com\/fr\/wp-json\/wp\/v2\/posts\/8930\/revisions"}],"wp:featuredmedia":[{"embeddable":true,"href":"https:\/\/leguidedesmontres.com\/fr\/wp-json\/wp\/v2\/media\/8931"}],"wp:attachment":[{"href":"https:\/\/leguidedesmontres.com\/fr\/wp-json\/wp\/v2\/media?parent=8930"}],"wp:term":[{"taxonomy":"category","embeddable":true,"href":"https:\/\/leguidedesmontres.com\/fr\/wp-json\/wp\/v2\/categories?post=8930"},{"taxonomy":"post_tag","embeddable":true,"href":"https:\/\/leguidedesmontres.com\/fr\/wp-json\/wp\/v2\/tags?post=8930"}],"curies":[{"name":"wp","href":"https:\/\/api.w.org\/{rel}","templated":true}]}}