{"id":8932,"date":"2014-04-07T20:53:23","date_gmt":"2014-04-07T18:53:23","guid":{"rendered":"https:\/\/leguidedesmontres.com\/fr\/actualites\/patek-philippe-5990-et-5960-en-acier\/"},"modified":"2014-04-07T20:53:23","modified_gmt":"2014-04-07T18:53:23","slug":"patek-philippe-5990-et-5960-en-acier","status":"publish","type":"post","link":"https:\/\/leguidedesmontres.com\/fr\/actualites\/patek-philippe-5990-et-5960-en-acier\/","title":{"rendered":"Patek Philippe 5990 et 5960 en acier"},"content":{"rendered":"<p><img decoding=\"async\" data-src=\"\/fr\/wp-content\/uploads\/2025\/06\/347_patek_philippe_59601a.jpg\" alt=\"Patek Philippe 5990 et 5960 en acier\" class=\"wp-image featured-image lazyload\" src=\"data:image\/svg+xml;base64,PHN2ZyB3aWR0aD0iMSIgaGVpZ2h0PSIxIiB4bWxucz0iaHR0cDovL3d3dy53My5vcmcvMjAwMC9zdmciPjwvc3ZnPg==\" style=\"--smush-placeholder-width: 620px; --smush-placeholder-aspect-ratio: 620\/546;\" \/><\/p>\n<p><span>Non, <strong><a target=\"_blank\" href=\"https:\/\/leguidedesmontres.com\/fr\/prix-du-neuf\/patek-philippe\">Patek Philippe<\/a><\/strong> ne f\u00eatera pas ses <strong>175 ans<\/strong> \u00e0 <strong>Baselworld<\/strong>. Il faudra attendre le <strong>1<sup>er<\/sup> mai<\/strong> pour la c\u00e9l\u00e9bration et de magnifiques cr\u00e9ations, dixit la manufacture, qui arriveront en boutique au mois d\u2019octobre. En attendant, la maison d\u00e9voile \u00e0 Bale deux nouveaut\u00e9s. <\/span><\/p>\n<\/p>\n<p><span>La premi\u00e8re est un <strong>chronographe \u00e0 quanti\u00e8me annuel r\u00e9f\u00e9rence 5960\/1A.<\/strong><\/span><\/p>\n<p><span>Beaucoup l\u2019ignorent, mais le <strong>quanti\u00e8me annuel<\/strong> est, avant d\u2019\u00eatre une complication, un <strong>brevet Patek Philippe<\/strong>, datant de 1996. Comme le <strong>quanti\u00e8me perp\u00e9tuel<\/strong>, le quanti\u00e8me annuel prend automatiquement en compte les mois de 30 et 31 jours. Il doit cependant \u00eatre <strong>ajust\u00e9 une fois par an<\/strong>, \u00e0 la fin du mois de f\u00e9vrier. Selon les termes du brevet, le quanti\u00e8me annuel est \u00e9galement dot\u00e9 de secondes au centre &#8211; une fonction que pr\u00e9sentent rarement les quanti\u00e8me perp\u00e9tuels. Le troisi\u00e8me <strong>cadran<\/strong> auxiliaire affiche les 24 heures: une indication tr\u00e8s utile pour la mise \u00e0 <strong>l&rsquo;heure des montres<\/strong> \u00e0 quanti\u00e8me puisqu&rsquo;elle permet en effet de s&rsquo;assurer que le changement de date interviendra bien \u00e0 minuit (et non \u00e0 midi).<\/span><\/p>\n<\/p>\n<p><span>Lanc\u00e9 en 2006, le <strong>Chronographe \u00e0 Quanti\u00e8me Annuel<\/strong> en platine a \u00e9t\u00e9 le premier chronographe automatique dans l\u2019histoire de <strong>Patek Philippe<\/strong>. Apr\u00e8s les mod\u00e8les en <strong>platine<\/strong> et <strong>or rose<\/strong>, la manufacture cr\u00e9e la surprise en introduisant la <strong>nouvelle r\u00e9f\u00e9rence 5960\/1A<\/strong> \u2013 l\u2019une des tr\u00e8s <strong>rares montres Patek Philippe en acier<\/strong>, hormis les mod\u00e8les sport exclusifs <strong><a target=\"_blank\" href=\"https:\/\/leguidedesmontres.com\/fr\/prix-du-neuf\/patek-philippe\/1896\/57111-a\">Nautilus<\/a><\/strong> et <strong><a target=\"_blank\" href=\"https:\/\/leguidedesmontres.com\/fr\/prix-du-neuf\/patek-philippe\/1932\/5167-a\">Aquanaut<\/a><\/strong>. L\u2019\u00e9clat froid du m\u00e9tal donne au bo\u00eetier un <strong>look technique<\/strong> et <strong>masculin<\/strong>, que l\u2019on retrouve sur le cadran. Ce mod\u00e8le en acier de <strong>40,5 mm<\/strong> remplace toutes les versions pr\u00e9c\u00e9dentes en or et platine. <\/span><\/p>\n<p><img decoding=\"async\" data-src=\"\/fr\/wp-content\/uploads\/2025\/06\/347_1397_patek_philippe_chronographe_quantieme_annuel_59601a.jpg\" alt=\"\" class=\"wp-image lazyload\" src=\"data:image\/svg+xml;base64,PHN2ZyB3aWR0aD0iMSIgaGVpZ2h0PSIxIiB4bWxucz0iaHR0cDovL3d3dy53My5vcmcvMjAwMC9zdmciPjwvc3ZnPg==\" style=\"--smush-placeholder-width: 620px; --smush-placeholder-aspect-ratio: 620\/553;\" \/><\/p>\n<p><span>En parall\u00e8le, c\u2019est une <strong>nouvelle Nautilus r\u00e9f\u00e9rence 5990\/1A<\/strong> qui se d\u00e9voile \u00e0 Bale. C\u2019est la premi\u00e8re fois que <strong>Patek Philippe<\/strong> associe un <strong>double fuseau horaire<\/strong> et un <strong>chronographe<\/strong> dans ce <strong><a target=\"_blank\" href=\"https:\/\/leguidedesmontres.com\/fr\/collectionneurs\/29\/la-patek-philippe-nautilus-en-questions\">mod\u00e8le culte<\/a><\/strong> cr\u00e9\u00e9 en 1976 \u2013 une toute nouvelle alliance de fonctions dans le portefeuille de la manufacture. <\/span><\/p>\n<\/p>\n<p><span>Les deux poussoirs permettant de r\u00e9gler l\u2019aiguille de l\u2019heure locale vers l\u2019avant ou vers l\u2019arri\u00e8re, par crans d\u2019une heure, s\u2019int\u00e8grent dans le flanc du bo\u00eetier, \u00e0 9h, de mani\u00e8re \u00e0 ce que la montre conserve le fameux <strong>design Nautilus<\/strong> inspir\u00e9 d\u2019un <strong>hublot<\/strong>. <\/span><\/p>\n<\/p>\n<p><span>Pour am\u00e9liorer la fonctionnalit\u00e9, les poussoirs du <strong>chronographe<\/strong> ont \u00e9t\u00e9 rapproch\u00e9s de la couronne. Le cadran noir, avec d\u00e9grad\u00e9 de couleur et relief classique horizontal frapp\u00e9, innove par ses <strong>indications jour\/nuit<\/strong> pour les deux fuseaux horaires, sa date par aiguille \u00e0 12h et son totalisateur 60 minutes \u00e0 6h, l\u2019ensemble assurant une <strong>lisibilit\u00e9 optimale<\/strong>.<\/span><\/p>\n<p><span><\/span><\/p>\n<\/p>\n<p><span>Olivier M\u00fcller<\/span><\/p>\n<p><i><span>Visuels \u00a9 Le Guide des Montres <\/span><\/i><\/p>\n<p><i><\/i><\/p>\n<p><i><\/i><br \/>\n<img decoding=\"async\" data-src=\"\/fr\/wp-content\/uploads\/2025\/06\/347_1399_patek_philippe_nautilus_59901a.jpg\" alt=\"\" class=\"wp-image lazyload\" src=\"data:image\/svg+xml;base64,PHN2ZyB3aWR0aD0iMSIgaGVpZ2h0PSIxIiB4bWxucz0iaHR0cDovL3d3dy53My5vcmcvMjAwMC9zdmciPjwvc3ZnPg==\" style=\"--smush-placeholder-width: 620px; --smush-placeholder-aspect-ratio: 620\/465;\" \/><br \/>\n<img decoding=\"async\" data-src=\"\/fr\/wp-content\/uploads\/2025\/06\/347_1400_patek_philippe_nautilus_chronographe_travel_time.jpg\" alt=\"\" class=\"wp-image lazyload\" src=\"data:image\/svg+xml;base64,PHN2ZyB3aWR0aD0iMSIgaGVpZ2h0PSIxIiB4bWxucz0iaHR0cDovL3d3dy53My5vcmcvMjAwMC9zdmciPjwvc3ZnPg==\" style=\"--smush-placeholder-width: 620px; --smush-placeholder-aspect-ratio: 620\/600;\" \/><br \/>\n<img decoding=\"async\" data-src=\"\/fr\/wp-content\/uploads\/2025\/06\/347_1401_patek_nautilus_5990.jpg\" alt=\"\" class=\"wp-image lazyload\" src=\"data:image\/svg+xml;base64,PHN2ZyB3aWR0aD0iMSIgaGVpZ2h0PSIxIiB4bWxucz0iaHR0cDovL3d3dy53My5vcmcvMjAwMC9zdmciPjwvc3ZnPg==\" style=\"--smush-placeholder-width: 620px; --smush-placeholder-aspect-ratio: 620\/541;\" \/><br \/>\n<img decoding=\"async\" data-src=\"\/fr\/wp-content\/uploads\/2025\/06\/347_1402_wristshot_patek_nautilus_5990.jpg\" alt=\"\" class=\"wp-image lazyload\" src=\"data:image\/svg+xml;base64,PHN2ZyB3aWR0aD0iMSIgaGVpZ2h0PSIxIiB4bWxucz0iaHR0cDovL3d3dy53My5vcmcvMjAwMC9zdmciPjwvc3ZnPg==\" style=\"--smush-placeholder-width: 620px; --smush-placeholder-aspect-ratio: 620\/562;\" \/><\/p>\n","protected":false},"excerpt":{"rendered":"<p>Non, Patek Philippe ne f\u00eatera pas ses 175 ans \u00e0 Baselworld. Il faudra attendre le 1er mai pour la c\u00e9l\u00e9bration<\/p>\n","protected":false},"author":1,"featured_media":8933,"comment_status":"open","ping_status":"open","sticky":false,"template":"","format":"standard","meta":{"_acf_changed":false,"footnotes":""},"categories":[713],"tags":[706],"class_list":["post-8932","post","type-post","status-publish","format-standard","has-post-thumbnail","hentry","category-patek-philippe","tag-au-fil-de-lactualite"],"acf":[],"_links":{"self":[{"href":"https:\/\/leguidedesmontres.com\/fr\/wp-json\/wp\/v2\/posts\/8932","targetHints":{"allow":["GET"]}}],"collection":[{"href":"https:\/\/leguidedesmontres.com\/fr\/wp-json\/wp\/v2\/posts"}],"about":[{"href":"https:\/\/leguidedesmontres.com\/fr\/wp-json\/wp\/v2\/types\/post"}],"author":[{"embeddable":true,"href":"https:\/\/leguidedesmontres.com\/fr\/wp-json\/wp\/v2\/users\/1"}],"replies":[{"embeddable":true,"href":"https:\/\/leguidedesmontres.com\/fr\/wp-json\/wp\/v2\/comments?post=8932"}],"version-history":[{"count":0,"href":"https:\/\/leguidedesmontres.com\/fr\/wp-json\/wp\/v2\/posts\/8932\/revisions"}],"wp:featuredmedia":[{"embeddable":true,"href":"https:\/\/leguidedesmontres.com\/fr\/wp-json\/wp\/v2\/media\/8933"}],"wp:attachment":[{"href":"https:\/\/leguidedesmontres.com\/fr\/wp-json\/wp\/v2\/media?parent=8932"}],"wp:term":[{"taxonomy":"category","embeddable":true,"href":"https:\/\/leguidedesmontres.com\/fr\/wp-json\/wp\/v2\/categories?post=8932"},{"taxonomy":"post_tag","embeddable":true,"href":"https:\/\/leguidedesmontres.com\/fr\/wp-json\/wp\/v2\/tags?post=8932"}],"curies":[{"name":"wp","href":"https:\/\/api.w.org\/{rel}","templated":true}]}}