{"id":8944,"date":"2014-03-21T19:41:31","date_gmt":"2014-03-21T17:41:31","guid":{"rendered":"https:\/\/leguidedesmontres.com\/fr\/actualites\/pierre-rainero-gardien-du-style-cartier\/"},"modified":"2014-03-21T19:41:31","modified_gmt":"2014-03-21T17:41:31","slug":"pierre-rainero-gardien-du-style-cartier","status":"publish","type":"post","link":"https:\/\/leguidedesmontres.com\/fr\/actualites\/pierre-rainero-gardien-du-style-cartier\/","title":{"rendered":"Pierre Rainero, gardien du style Cartier"},"content":{"rendered":"<p><img decoding=\"async\" data-src=\"\/fr\/wp-content\/uploads\/2025\/06\/341_pierre_rainero_cartier.jpg\" alt=\"Pierre Rainero, gardien du style Cartier\" class=\"wp-image featured-image lazyload\" src=\"data:image\/svg+xml;base64,PHN2ZyB3aWR0aD0iMSIgaGVpZ2h0PSIxIiB4bWxucz0iaHR0cDovL3d3dy53My5vcmcvMjAwMC9zdmciPjwvc3ZnPg==\" style=\"--smush-placeholder-width: 620px; --smush-placeholder-aspect-ratio: 620\/620;\" \/><\/p>\n<p><strong><span>Pierre Rainero<\/span><\/strong><span> a souffl\u00e9 en ce <strong>SIHH<\/strong> ses 30 ans chez <strong>Cartier<\/strong>. Il occupe aujourd\u2019hui une place unique dans le <strong>secteur horlo-joaillier<\/strong> : <strong>directeur de l\u2019image et du patrimoine<\/strong>. <\/span><\/p>\n<p><span>Son r\u00f4le : <strong>garantir la coh\u00e9rence et la p\u00e9rennit\u00e9 du style Cartier<\/strong>. C\u2019est sur les fondamentaux dont il est l\u2019un des garants que peuvent ensuite \u0153uvrer les diff\u00e9rents bureaux cr\u00e9atifs de la maison. <span> <\/span><\/span><\/p>\n<\/p>\n<p><span>L\u2019une des derni\u00e8res actions visibles de l\u2019homme fut, avec de nombreux concours, <strong><a target=\"_blank\" href=\"https:\/\/leguidedesmontres.com\/fr\/collectionneurs\/305\/la-plus-importante-exposition-cartier-jamais-realisee-a-paris\">l\u2019exposition \u00ab Le Style et l\u2019Histoire \u00bb<\/a><\/strong>, au Grand Palais. <strong>Simple exposition ?<\/strong> Plus probablement un <strong>mus\u00e9e \u00e9ph\u00e9m\u00e8re<\/strong>, car pour <strong>Pierre Rainero<\/strong>, \u00ab <strong><i>un mus\u00e9e propri\u00e9taire et fixe n\u2019est pas le meilleur moyen, selon nous, de partager notre univers. Les institutions publiques comme le Grand Palais sont de bien meilleurs vecteurs pour cela <\/i><\/strong>\u00bb. Enonc\u00e9 de la sorte, cela para\u00eet \u00e9vident. Et pourtant, seule <strong>Cartier<\/strong> agit de la sorte. <\/span><\/p>\n<\/p>\n<p><b><span>Patrimoine d\u2019avenir<\/span><\/b><\/p>\n<p><b><\/b><\/p>\n<p><b><\/b><\/p>\n<p><span>Autre marque de fabrique de la maison : la conception de son patrimoine. L\u00e0 o\u00f9 la plupart des maisons l\u2019exploitent jusqu\u2019\u00e0 en devenir prisonni\u00e8res, <strong>Cartier<\/strong> s\u2019en sert comme tremplin pour l\u2019avenir. \u00ab <strong><i>En aucun cas le patrimoine ne repr\u00e9sente un mod\u00e8le absolu \u00e0 copier. Le plus important, c\u2019est le style qui le transcende. Pour le d\u00e9finir, le faire \u00e9voluer, il faut rechercher des points communs aux \u00e9l\u00e9ments de ce patrimoine, un fil conducteur. C\u2019est comme une langue vivante : une base bien d\u00e9finie mais \u00e9volutive, qui int\u00e8gre les modes de vie. Nous nous gardons la libert\u00e9 de faire \u00e9voluer notre langue tout en conservant une certaine supr\u00e9matie de l\u2019esth\u00e9tique<\/i> <\/strong>\u00bb. <\/span><\/p>\n<p><b><br \/><\/b><\/p>\n<p><img decoding=\"async\" data-src=\"\/fr\/wp-content\/uploads\/2025\/06\/341_1374_cartier_vintage.jpg\" alt=\"\" class=\"wp-image lazyload\" src=\"data:image\/svg+xml;base64,PHN2ZyB3aWR0aD0iMSIgaGVpZ2h0PSIxIiB4bWxucz0iaHR0cDovL3d3dy53My5vcmcvMjAwMC9zdmciPjwvc3ZnPg==\" style=\"--smush-placeholder-width: 620px; --smush-placeholder-aspect-ratio: 620\/636;\" \/><\/p>\n<p><b><span>Ouvert \u00e0 tout&#8230;ou presque !<\/span><\/b><\/p>\n<p><b><\/b><\/p>\n<p><b><\/b><\/p>\n<p><span>Sur de tels fondements, Cartier serait-elle donc ouverte&#8230;\u00e0 tout ? On ose glisser la question de <strong>montres \u00e9lectroniques<\/strong>, pour tester. Contre tout attente, <strong>Pierre Rainero<\/strong> ne marque pas de surprise \u00e0 la question, mais un simple temps de r\u00e9flexion. Avant de trancher, comme sa fonction l\u2019y oblige : \u00ab <strong><i>Non, nous n\u2019en ferons pas. Tout simplement parce que notre travail repose sur la main de l\u2019homme et que nous devons en toutes occasions apporter quelque chose<\/i><\/strong> \u00bb. La messe est dite. <\/span><\/p>\n<\/p>\n<p><b><span>Vocations durables<\/span><\/b><\/p>\n<p><b><\/b><\/p>\n<p><b><\/b><\/p>\n<p><span>Reste que la cr\u00e9ation repose sur les hommes. Et que toute maison, pour \u00e9voluer, doit s\u2019assurer de faire entrer r\u00e9guli\u00e8rement de nouveaux talents dans son giron. Or la voie d\u2019acc\u00e8s \u00e0 Cartier est d\u2019un acc\u00e8s difficile, ce que reconna\u00eet Pierre Rainero : \u00ab <strong><i>Lorsque l\u2019on arrive \u00e0 20 ans chez Cartier, on est form\u00e9, mais on ne devient r\u00e9ellement op\u00e9rationnel que 10 ans plus tard<\/i><\/strong><i> <\/i>\u00bb. Un long chemin que seuls les plus pers\u00e9v\u00e9rants emprunteront. <\/span><\/p>\n<\/p>\n<p><span>Or, si l\u2019on en croit <strong>Pierre Rainero<\/strong>, ils sont de plus en plus nombreux \u00e0 venir frapper \u00e0 la porte de <strong>Cartier<\/strong>. L\u2019homme reconna\u00eet que des actions comme l\u2019extraordinaire film \u00ab<strong> <\/strong><a target=\"_blank\" href=\"http:\/\/www.youtube.com\/watch?v=yaBNjTtCxd4\" rel=\"noopener noreferrer nofollow\"><strong>L\u2019Odyss\u00e9e de Cartier<\/strong><\/a> \u00bb, qui totalise des dizaines de millions de vues sur le web, est un catalyseur sans pr\u00e9c\u00e9dent. \u00ab<i> <\/i><strong><i>Sans conteste, le niveau de connaissances sur notre marque a augment\u00e9 ces derni\u00e8res ann\u00e9es<\/i><\/strong> \u00bb. <\/span><\/p>\n<p><span><\/span><\/p>\n<\/p>\n<p><span>Olivier M\u00fcller<\/span><\/p>\n<p><span><\/span><\/p>\n<\/p>\n<p><i><span>Visuels \u00a9Cartier, Delos Communications<\/span><\/i><\/p>\n<p><i><\/i><\/p>\n<p><i><\/i><\/p>\n<p><span><\/span><\/p>\n<\/p>\n<p><img decoding=\"async\" data-src=\"\/fr\/wp-content\/uploads\/2025\/06\/341_1376_cartier_archives.jpg\" alt=\"\" class=\"wp-image lazyload\" src=\"data:image\/svg+xml;base64,PHN2ZyB3aWR0aD0iMSIgaGVpZ2h0PSIxIiB4bWxucz0iaHR0cDovL3d3dy53My5vcmcvMjAwMC9zdmciPjwvc3ZnPg==\" style=\"--smush-placeholder-width: 620px; --smush-placeholder-aspect-ratio: 620\/412;\" \/><\/p>\n","protected":false},"excerpt":{"rendered":"<p>Pierre Rainero a souffl\u00e9 en ce SIHH ses 30 ans chez Cartier. Il occupe aujourd\u2019hui une place unique dans le<\/p>\n","protected":false},"author":1,"featured_media":8945,"comment_status":"open","ping_status":"open","sticky":false,"template":"","format":"standard","meta":{"_acf_changed":false,"footnotes":""},"categories":[712],"tags":[711],"class_list":["post-8944","post","type-post","status-publish","format-standard","has-post-thumbnail","hentry","category-cartier","tag-interview"],"acf":[],"_links":{"self":[{"href":"https:\/\/leguidedesmontres.com\/fr\/wp-json\/wp\/v2\/posts\/8944","targetHints":{"allow":["GET"]}}],"collection":[{"href":"https:\/\/leguidedesmontres.com\/fr\/wp-json\/wp\/v2\/posts"}],"about":[{"href":"https:\/\/leguidedesmontres.com\/fr\/wp-json\/wp\/v2\/types\/post"}],"author":[{"embeddable":true,"href":"https:\/\/leguidedesmontres.com\/fr\/wp-json\/wp\/v2\/users\/1"}],"replies":[{"embeddable":true,"href":"https:\/\/leguidedesmontres.com\/fr\/wp-json\/wp\/v2\/comments?post=8944"}],"version-history":[{"count":0,"href":"https:\/\/leguidedesmontres.com\/fr\/wp-json\/wp\/v2\/posts\/8944\/revisions"}],"wp:featuredmedia":[{"embeddable":true,"href":"https:\/\/leguidedesmontres.com\/fr\/wp-json\/wp\/v2\/media\/8945"}],"wp:attachment":[{"href":"https:\/\/leguidedesmontres.com\/fr\/wp-json\/wp\/v2\/media?parent=8944"}],"wp:term":[{"taxonomy":"category","embeddable":true,"href":"https:\/\/leguidedesmontres.com\/fr\/wp-json\/wp\/v2\/categories?post=8944"},{"taxonomy":"post_tag","embeddable":true,"href":"https:\/\/leguidedesmontres.com\/fr\/wp-json\/wp\/v2\/tags?post=8944"}],"curies":[{"name":"wp","href":"https:\/\/api.w.org\/{rel}","templated":true}]}}