{"id":8952,"date":"2014-03-04T20:39:55","date_gmt":"2014-03-04T18:39:55","guid":{"rendered":"https:\/\/leguidedesmontres.com\/fr\/actualites\/f-p-journe-2014-annee-elegante\/"},"modified":"2014-03-04T20:39:55","modified_gmt":"2014-03-04T18:39:55","slug":"f-p-journe-2014-annee-elegante","status":"publish","type":"post","link":"https:\/\/leguidedesmontres.com\/fr\/actualites\/f-p-journe-2014-annee-elegante\/","title":{"rendered":"F.P. Journe : 2014, ann\u00e9e El\u00e9gante"},"content":{"rendered":"<p><img decoding=\"async\" data-src=\"\/fr\/wp-content\/uploads\/2025\/06\/336_fp_journe_l_elegante.jpg\" alt=\"F.P. Journe : 2014, ann\u00e9e El\u00e9gante\" class=\"wp-image featured-image lazyload\" src=\"data:image\/svg+xml;base64,PHN2ZyB3aWR0aD0iMSIgaGVpZ2h0PSIxIiB4bWxucz0iaHR0cDovL3d3dy53My5vcmcvMjAwMC9zdmciPjwvc3ZnPg==\" style=\"--smush-placeholder-width: 620px; --smush-placeholder-aspect-ratio: 620\/515;\" \/><\/p>\n<p><span>Il souhaitait une pi\u00e8ce <strong>f\u00e9minine<\/strong>, <strong>\u00e9l\u00e9gante<\/strong> et <strong>pr\u00e9cise<\/strong>. Apr\u00e8s <strong>huit ans de recherches<\/strong>, <strong>F.P. Journe<\/strong> pr\u00e9sente sa premi\u00e8re collection pour dames, l\u2019 \u00ab <strong>El\u00e9gante<\/strong> \u00bb. <\/span><\/p>\n<\/p>\n<p><span>Contre toutes attentes, la <strong>manufacture<\/strong> n\u2019a pas pr\u00e9sent\u00e9 un mod\u00e8le <strong>m\u00e9canique<\/strong>. Elle a \u0153uvr\u00e9 dans le sens de l\u2019<strong>\u00e9lectrom\u00e9canique<\/strong>, dans une approche assez similaire \u00e0 ce que poss\u00e8de <strong>Seiko<\/strong> avec son <strong>Kin\u00e9tic<\/strong>. Gr\u00e2ce \u00e0 son <strong>mouvement \u00e9lectrom\u00e9canique<\/strong>, la montre Journe offre un confort d\u2019utilisation ainsi qu\u2019une <strong>longue dur\u00e9e de vie<\/strong> : <strong>10 ans port\u00e9e<\/strong> et <strong>18 ans en veille<\/strong>. <\/span><\/p>\n<\/p>\n<p><span>Situ\u00e9 sur son cadran \u00e0 cinq heures, <strong>l\u2019El\u00e9gante<\/strong> poss\u00e8de un <strong>d\u00e9tecteur de mouvement m\u00e9canique<\/strong>.<span>  <\/span>Apr\u00e8s <strong>30 minutes sans \u00eatre port\u00e9e<\/strong>, la montre s\u2019endort. Durant ce sommeil, le <strong>micro-processeur<\/strong> continue \u00e0 comptabiliser le temps; les pi\u00e8ces m\u00e9caniques s\u2019arr\u00eatent afin d\u2019\u00e9conomiser son \u00e9nergie. Lorsque la montre est \u00e0 nouveau port\u00e9e, elle se remet <strong>automatiquement \u00e0 l\u2019heure<\/strong> par le plus court chemin, soit en sens horaire ou en sens anti-horaire, toujours afin d\u2019\u00e9conomiser son \u00e9nergie. L\u2019orage visible c\u00f4t\u00e9 cadran \u00e0 5h est la <\/span><strong><span>m<\/span><span>asse oscillante de d\u00e9tection de mouvement<\/span><\/strong><span>. <\/span><\/p>\n<\/p>\n<p><span>Les pi\u00e8ces m\u00e9caniques du mouvement de l\u2019\u00ab<strong>El\u00e9gante<\/strong>\u00bb sont <strong>manufactur\u00e9es chez F.P. Journe<\/strong>, la partie \u00e9lectronique, quant \u00e0 elle, a \u00e9t\u00e9 d\u00e9velopp\u00e9e par un ing\u00e9nieur helv\u00e9tique et r\u00e9alis\u00e9e en Suisse avec un <strong>micro-processeur<\/strong> sp\u00e9cifiquement pour cette montre. <\/span><\/p>\n<\/p>\n<p><span>Pour sa <strong>premi\u00e8re collection f\u00e9minine<\/strong>, F.P. Journe a choisi un <strong>bo\u00eetier<\/strong> de <strong>forme Tortue plate<\/strong> de <strong>35 mm<\/strong>. Il est propos\u00e9 en trois versions : <strong>titane<\/strong>, <strong>or rouge<\/strong> ou <strong>platine<\/strong>. <\/span><\/p>\n<\/p>\n<p><span>Son <strong>cadran<\/strong>, bord\u00e9 d\u2019un <strong>chemin fer<\/strong> et dot\u00e9 de <strong>chiffres arabes<\/strong>, offre une <strong>parfaite lisibilit\u00e9 de l\u2019heure<\/strong>. A six heures se trouvent les secondes. <strong>L\u2019El\u00e9gante<\/strong> est dot\u00e9e d\u2019<strong>aiguilles bleuies<\/strong> sauf sur la version en Or rose qui elles, sont dor\u00e9es. <\/span><\/p>\n<\/p>\n<p><span>Selon la m\u00eame technique de d\u00e9coration qu\u2019un <strong>\u00e9mail cloisonn\u00e9<\/strong>, la collection Titane est r\u00e9alis\u00e9e avec un caoutchouc cloisonn\u00e9, d\u00e9clin\u00e9 de <strong>sept couleurs diff\u00e9rentes<\/strong> (blanc, rose, bleu ciel, bleu nuit, chocolat, bordeaux et vert kaki). Son bracelet en caoutchouc plat et cintr\u00e9 qui \u00e9pouse la forme du poignet, est assorti au bo\u00eetier. Fait rare, son <strong>cadran entier est luminescent<\/strong> et offre un jeu de lumi\u00e8re \u00e9voquant la nacre blanche. <\/span><\/p>\n<\/p>\n<p><span>La version en <strong>Or rouge 18 carats<\/strong>, se pare d\u2019un <strong>bracelet chocolat<\/strong> et la <strong>version Platine<\/strong> d\u2019un bracelet bleu nuit. <\/span><\/p>\n<\/p>\n<p><span>L&rsquo;ELEGANTE est disponible en <strong>version joaillerie<\/strong> avec <strong>sertissage de diamants<\/strong> sur la lunette mais \u00e9galement avec un cadran serti sur demande.<\/span><\/p>\n<\/p>\n<p><span>Sur chaque bo\u00eetier, un <strong>fond saphir<\/strong> permet d\u2019appr\u00e9cier mouvement et d\u00e9corations de <strong>l\u2019El\u00e9gante<\/strong>, telle ses <strong>Cotes de Gen\u00e8ve<\/strong>. Enfin, pour parfaire son c\u00f4t\u00e9 romantique et f\u00e9minin, au dos du mouvement, \u00e0 l\u2019emplacement du micro-processeur, un c\u0153ur a \u00e9t\u00e9 d\u00e9pos\u00e9 pour symboliser le c\u0153ur de la montre. <\/span><\/p>\n<\/p>\n<p><span>Quelques centaines de pi\u00e8ces seront produites chaque ann\u00e9e, pour un prix \u00e0 partir de <strong>10 000 euros<\/strong>, en boutique avant le printemps. <\/span><\/p>\n<\/p>\n<p><span>Olivier M\u00fcller<\/span><\/p>\n<\/p>\n<p><i><span>Visuels \u00a9 F.P. Journe \/ Le Guide des Montres.com<\/span><\/i><\/p>\n<\/p>\n<p><img decoding=\"async\" data-src=\"\/fr\/wp-content\/uploads\/2025\/06\/336_1350_l_elegante_fp_journe.jpg\" alt=\"\" class=\"wp-image lazyload\" src=\"data:image\/svg+xml;base64,PHN2ZyB3aWR0aD0iMSIgaGVpZ2h0PSIxIiB4bWxucz0iaHR0cDovL3d3dy53My5vcmcvMjAwMC9zdmciPjwvc3ZnPg==\" style=\"--smush-placeholder-width: 620px; --smush-placeholder-aspect-ratio: 620\/461;\" \/><br \/>\n<img decoding=\"async\" data-src=\"\/fr\/wp-content\/uploads\/2025\/06\/336_1351_collection_feminine_fp_journe.jpg\" alt=\"\" class=\"wp-image lazyload\" src=\"data:image\/svg+xml;base64,PHN2ZyB3aWR0aD0iMSIgaGVpZ2h0PSIxIiB4bWxucz0iaHR0cDovL3d3dy53My5vcmcvMjAwMC9zdmciPjwvc3ZnPg==\" style=\"--smush-placeholder-width: 620px; --smush-placeholder-aspect-ratio: 620\/602;\" \/><br \/>\n<img decoding=\"async\" data-src=\"\/fr\/wp-content\/uploads\/2025\/06\/336_1352_montre_femme_journe.jpg\" alt=\"\" class=\"wp-image lazyload\" src=\"data:image\/svg+xml;base64,PHN2ZyB3aWR0aD0iMSIgaGVpZ2h0PSIxIiB4bWxucz0iaHR0cDovL3d3dy53My5vcmcvMjAwMC9zdmciPjwvc3ZnPg==\" style=\"--smush-placeholder-width: 620px; --smush-placeholder-aspect-ratio: 620\/615;\" \/><\/p>\n<p>Ci-dessus, <strong>L&rsquo;ELEGANTE<\/strong> au poignet de <strong>Sophie Grimaud<\/strong>.<\/p>\n<p><img decoding=\"async\" data-src=\"\/fr\/wp-content\/uploads\/2025\/06\/336_1361_fp_journe_elegante_night_blue.jpg\" alt=\"\" class=\"wp-image lazyload\" src=\"data:image\/svg+xml;base64,PHN2ZyB3aWR0aD0iMSIgaGVpZ2h0PSIxIiB4bWxucz0iaHR0cDovL3d3dy53My5vcmcvMjAwMC9zdmciPjwvc3ZnPg==\" style=\"--smush-placeholder-width: 620px; --smush-placeholder-aspect-ratio: 620\/813;\" \/><\/p>\n","protected":false},"excerpt":{"rendered":"<p>Il souhaitait une pi\u00e8ce f\u00e9minine, \u00e9l\u00e9gante et pr\u00e9cise. Apr\u00e8s huit ans de recherches, F.P. Journe pr\u00e9sente sa premi\u00e8re collection pour<\/p>\n","protected":false},"author":1,"featured_media":8953,"comment_status":"open","ping_status":"open","sticky":false,"template":"","format":"standard","meta":{"_acf_changed":false,"footnotes":""},"categories":[738],"tags":[702],"class_list":["post-8952","post","type-post","status-publish","format-standard","has-post-thumbnail","hentry","category-f-p-journe","tag-coup-de-coeur"],"acf":[],"_links":{"self":[{"href":"https:\/\/leguidedesmontres.com\/fr\/wp-json\/wp\/v2\/posts\/8952","targetHints":{"allow":["GET"]}}],"collection":[{"href":"https:\/\/leguidedesmontres.com\/fr\/wp-json\/wp\/v2\/posts"}],"about":[{"href":"https:\/\/leguidedesmontres.com\/fr\/wp-json\/wp\/v2\/types\/post"}],"author":[{"embeddable":true,"href":"https:\/\/leguidedesmontres.com\/fr\/wp-json\/wp\/v2\/users\/1"}],"replies":[{"embeddable":true,"href":"https:\/\/leguidedesmontres.com\/fr\/wp-json\/wp\/v2\/comments?post=8952"}],"version-history":[{"count":0,"href":"https:\/\/leguidedesmontres.com\/fr\/wp-json\/wp\/v2\/posts\/8952\/revisions"}],"wp:featuredmedia":[{"embeddable":true,"href":"https:\/\/leguidedesmontres.com\/fr\/wp-json\/wp\/v2\/media\/8953"}],"wp:attachment":[{"href":"https:\/\/leguidedesmontres.com\/fr\/wp-json\/wp\/v2\/media?parent=8952"}],"wp:term":[{"taxonomy":"category","embeddable":true,"href":"https:\/\/leguidedesmontres.com\/fr\/wp-json\/wp\/v2\/categories?post=8952"},{"taxonomy":"post_tag","embeddable":true,"href":"https:\/\/leguidedesmontres.com\/fr\/wp-json\/wp\/v2\/tags?post=8952"}],"curies":[{"name":"wp","href":"https:\/\/api.w.org\/{rel}","templated":true}]}}