{"id":8958,"date":"2014-02-26T19:59:02","date_gmt":"2014-02-26T17:59:02","guid":{"rendered":"https:\/\/leguidedesmontres.com\/fr\/actualites\/girard-perregaux-1966-grande-complication\/"},"modified":"2014-02-26T19:59:02","modified_gmt":"2014-02-26T17:59:02","slug":"girard-perregaux-1966-grande-complication","status":"publish","type":"post","link":"https:\/\/leguidedesmontres.com\/fr\/actualites\/girard-perregaux-1966-grande-complication\/","title":{"rendered":"Girard Perregaux 1966 Grande Complication"},"content":{"rendered":"<p><img decoding=\"async\" data-src=\"\/fr\/wp-content\/uploads\/2025\/06\/333_girard_perregaux_1966_repetition_minutes_calendrier_annuel_equation_du_temps_99651_51_139_bkba.jpg\" alt=\"Girard Perregaux 1966 Grande Complication\" class=\"wp-image featured-image lazyload\" src=\"data:image\/svg+xml;base64,PHN2ZyB3aWR0aD0iMSIgaGVpZ2h0PSIxIiB4bWxucz0iaHR0cDovL3d3dy53My5vcmcvMjAwMC9zdmciPjwvc3ZnPg==\" style=\"--smush-placeholder-width: 620px; --smush-placeholder-aspect-ratio: 620\/600;\" \/><\/p>\n<p><span>En mati\u00e8re de <strong>complications<\/strong>, on tend \u00e0 l\u2019oublier, mais <strong><a target=\"_blank\" href=\"https:\/\/leguidedesmontres.com\/fr\/prix-du-neuf\/girard-perregaux\">Girard Perregaux<\/a><\/strong> poss\u00e8de une exp\u00e9rience qui n\u2019a pas \u00e0 rougir face \u00e0 <strong>Audemars Piguet<\/strong> ou <strong>A. Lange &#038; S\u00f6hne<\/strong>. On lui doit parmi les tout premier \u00ab <strong>GMT<\/strong> \u00bb, des <strong>QP<\/strong> d\u00e8s <strong>1890<\/strong>, ainsi que des <strong>tourbillons<\/strong> \u00e0 la pr\u00e9cision in\u00e9gal\u00e9e (<strong>premier prix d\u2019Observatoire<\/strong>) d\u00e8s 1889. <\/span><\/p>\n<\/p>\n<p><span>La r\u00e9union de ces savoir-faire dans une pi\u00e8ce unique est un \u00e9v\u00e9nement rare qu\u2019il faut saluer \u00e0 sa juste mesure. <strong>R\u00e9p\u00e9tition minutes<\/strong>, <strong>calendrier Annuel<\/strong>, <strong>\u00e9quation du temps<\/strong>\u2026 La <strong>Girard-Perregaux 1966<\/strong> accueille dans ses <strong>42 mm de diam\u00e8tre<\/strong> trois illustres <strong>complications horlog\u00e8res<\/strong>. <\/span><\/p>\n<\/p>\n<p><span>Cette <strong>collection 1966<\/strong> fut le fer de lance de <strong>Girard Perregaux<\/strong> tout au long de cette ann\u00e9e 2013. Cette collection comporte de nombreuses r\u00e9f\u00e9rences dont cette <strong>Grande Complication<\/strong> est le sommet. <\/span><\/p>\n<\/p>\n<p><span>C\u00f4t\u00e9 cadran, on trouve un d\u00e9cor soleill\u00e9 qui laisse appara\u00eetre la date, imposante, \u00e0 1h30. En vis-\u00e0-vis, le mois affich\u00e9 dans une fen\u00eatre compl\u00e8te le <strong>calendrier annuel<\/strong>. Cette complication (invent\u00e9e par <strong>Patek Philippe<\/strong>) ne demande qu\u2019un seul ajustement par an de la date, au mois de f\u00e9vrier, qui s\u2019effectue par la couronne. <\/span><\/p>\n<\/p>\n<p><span>Indiqu\u00e9e via une came figur\u00e9e en relief sur une roue effectuant une tour par an, l\u2019<strong>\u00e9quation du temps<\/strong> est affich\u00e9e \u00e0 4h30. Elle indique la diff\u00e9rence entre le temps civil et le temps solaire. En effet, la dur\u00e9e du jour solaire varie quotidiennement. Si les deux r\u00e9f\u00e9rences horaires correspondent quatre fois dans l\u2019ann\u00e9e, la diff\u00e9rence cumul\u00e9e peut par exemple atteindre 16 minutes en novembre. <\/span><\/p>\n<\/p>\n<p><span>Une <strong>r\u00e9p\u00e9tition minutes<\/strong>, quant \u00e0 elle, permet d\u2019\u00e9couter les <strong>heures<\/strong>, les <strong>quarts<\/strong> et les <strong>minutes<\/strong>. N\u00e9e \u00e0 une \u00e9poque sans \u00e9lectricit\u00e9, o\u00f9 l\u2019on avait besoin de disposer d\u2019une indication sonore de l\u2019heure pendant la nuit, elle est devenue aujourd\u2019hui l\u2019une des complications les plus pris\u00e9es. <strong>Girard-Perregaux<\/strong> a \u0153uvr\u00e9 sur trois points pr\u00e9cis pour la rendre la plus lisible possible : l\u2019optimisation entre le diam\u00e8tre int\u00e9rieur du bo\u00eetier et celui du calibre, pour une <strong>r\u00e9sonance maximale<\/strong> ; le fond galb\u00e9 qui augmente le volume d\u2019air entre le mouvement et le bo\u00eetier, et am\u00e9liore la propagation du son ; la partie inf\u00e9rieure du fond, diamant\u00e9e, qui r\u00e9duit les interf\u00e9rences <strong>acoustiques<\/strong>.<\/span><\/p>\n<\/p>\n<p><span>C\u00f4t\u00e9 fond, enfin, on appr\u00e9ciera le <strong>pont de balancier<\/strong> en forme de fl\u00e8che, venant rappeler la signature esth\u00e9tique de Girard Perregaux, les <strong>Trois Ponts d\u2019Or<\/strong>. Sa r\u00e9serve de marche est mesur\u00e9e pour <strong>100 heures<\/strong>. Cette dur\u00e9e diminuera d\u2019autant que le propri\u00e9taire voudra jouer avec sa <strong><a target=\"_blank\" href=\"https:\/\/leguidedesmontres.com\/fr\/lexique#R\">R\u00e9p\u00e9tition Minutes<\/a><\/strong>&#8230;<\/span><\/p>\n<\/p>\n<p><span>La pi\u00e8ce est une <strong>\u00e9dition limit\u00e9e<\/strong> \u00e0 <strong>15 exemplaires<\/strong>, \u00e0 <strong>269 000 euros<\/strong>. <\/span><\/p>\n<p><span><\/span><\/p>\n<\/p>\n<p><span>Olivier M\u00fcller<\/span><\/p>\n<p><i><span><\/span><\/i><\/p>\n<p><i> <\/i><\/p>\n<p><i><\/i><\/p>\n<p><i><span>Visuels \u00a9 Girard Perregaux<\/span><\/i><\/p>\n<p><i><\/i><\/p>\n<p><i><\/i><br \/>\n<img decoding=\"async\" data-src=\"\/fr\/wp-content\/uploads\/2025\/06\/333_1338_girard_perregaux_1966_repetition_minutes_calendrier_annuel_equation_du_temps.jpg\" alt=\"\" class=\"wp-image lazyload\" src=\"data:image\/svg+xml;base64,PHN2ZyB3aWR0aD0iMSIgaGVpZ2h0PSIxIiB4bWxucz0iaHR0cDovL3d3dy53My5vcmcvMjAwMC9zdmciPjwvc3ZnPg==\" style=\"--smush-placeholder-width: 620px; --smush-placeholder-aspect-ratio: 620\/620;\" \/><br \/>\n<img decoding=\"async\" data-src=\"\/fr\/wp-content\/uploads\/2025\/06\/333_1339_girard_perregaux_trois_ponts_d_or.jpg\" alt=\"\" class=\"wp-image lazyload\" src=\"data:image\/svg+xml;base64,PHN2ZyB3aWR0aD0iMSIgaGVpZ2h0PSIxIiB4bWxucz0iaHR0cDovL3d3dy53My5vcmcvMjAwMC9zdmciPjwvc3ZnPg==\" style=\"--smush-placeholder-width: 620px; --smush-placeholder-aspect-ratio: 620\/621;\" \/><\/p>\n","protected":false},"excerpt":{"rendered":"<p>En mati\u00e8re de complications, on tend \u00e0 l\u2019oublier, mais Girard Perregaux poss\u00e8de une exp\u00e9rience qui n\u2019a pas \u00e0 rougir face<\/p>\n","protected":false},"author":1,"featured_media":8959,"comment_status":"open","ping_status":"open","sticky":false,"template":"","format":"standard","meta":{"_acf_changed":false,"footnotes":""},"categories":[744],"tags":[704],"class_list":["post-8958","post","type-post","status-publish","format-standard","has-post-thumbnail","hentry","category-girard-perregaux","tag-a-voir"],"acf":[],"_links":{"self":[{"href":"https:\/\/leguidedesmontres.com\/fr\/wp-json\/wp\/v2\/posts\/8958","targetHints":{"allow":["GET"]}}],"collection":[{"href":"https:\/\/leguidedesmontres.com\/fr\/wp-json\/wp\/v2\/posts"}],"about":[{"href":"https:\/\/leguidedesmontres.com\/fr\/wp-json\/wp\/v2\/types\/post"}],"author":[{"embeddable":true,"href":"https:\/\/leguidedesmontres.com\/fr\/wp-json\/wp\/v2\/users\/1"}],"replies":[{"embeddable":true,"href":"https:\/\/leguidedesmontres.com\/fr\/wp-json\/wp\/v2\/comments?post=8958"}],"version-history":[{"count":0,"href":"https:\/\/leguidedesmontres.com\/fr\/wp-json\/wp\/v2\/posts\/8958\/revisions"}],"wp:featuredmedia":[{"embeddable":true,"href":"https:\/\/leguidedesmontres.com\/fr\/wp-json\/wp\/v2\/media\/8959"}],"wp:attachment":[{"href":"https:\/\/leguidedesmontres.com\/fr\/wp-json\/wp\/v2\/media?parent=8958"}],"wp:term":[{"taxonomy":"category","embeddable":true,"href":"https:\/\/leguidedesmontres.com\/fr\/wp-json\/wp\/v2\/categories?post=8958"},{"taxonomy":"post_tag","embeddable":true,"href":"https:\/\/leguidedesmontres.com\/fr\/wp-json\/wp\/v2\/tags?post=8958"}],"curies":[{"name":"wp","href":"https:\/\/api.w.org\/{rel}","templated":true}]}}