{"id":8986,"date":"2014-02-06T20:42:08","date_gmt":"2014-02-06T18:42:08","guid":{"rendered":"https:\/\/leguidedesmontres.com\/fr\/actualites\/van-cleef-arpels-lunivers-au-poignet\/"},"modified":"2014-02-06T20:42:08","modified_gmt":"2014-02-06T18:42:08","slug":"van-cleef-arpels-lunivers-au-poignet","status":"publish","type":"post","link":"https:\/\/leguidedesmontres.com\/fr\/actualites\/van-cleef-arpels-lunivers-au-poignet\/","title":{"rendered":"Van Cleef &amp; Arpels : L\u2019univers au poignet"},"content":{"rendered":"<p><img decoding=\"async\" data-src=\"\/fr\/wp-content\/uploads\/2025\/06\/318_van_cleef_arpels_astronomie_poetique_planetarium_packshot_midnight_planetarium.jpg\" alt=\"Van Cleef &#038; Arpels : L\u2019univers au poignet\" class=\"wp-image featured-image lazyload\" src=\"data:image\/svg+xml;base64,PHN2ZyB3aWR0aD0iMSIgaGVpZ2h0PSIxIiB4bWxucz0iaHR0cDovL3d3dy53My5vcmcvMjAwMC9zdmciPjwvc3ZnPg==\" style=\"--smush-placeholder-width: 620px; --smush-placeholder-aspect-ratio: 620\/792;\" \/><\/p>\n<p>Lorsque <strong>Van Cleef &#038; Arpels<\/strong> a cr\u00e9\u00e9 ses <strong>Complications Po\u00e9tiques<\/strong> en 2006, la marque n\u2019a pas seulement d\u00e9velopp\u00e9 une <strong>nouvelle ligne de montres<\/strong> : elle a ouvert la voie \u00e0 une nouvelle approche de l\u2019<strong>horlogerie f\u00e9minine<\/strong>. Pour la premi\u00e8re fois, on comprenait avec elle qu\u2019une <strong>montre pour femme<\/strong> pouvait \u00eatre <strong>excessivement compliqu\u00e9e<\/strong>&#8230;<strong>sans que l\u2019on n\u2019en sache rien<\/strong>. Il suffisait de mettre cette technique au profit d\u2019une histoire, d\u2019une po\u00e9sie, de la rendre vivante par des <strong>cr\u00e9ations artisanales de haut vol<\/strong>. <strong>Van Cleef &#038; Arpels<\/strong> avait enfin r\u00e9alis\u00e9 ce que tout monde savait mais que personne ne faisait : <strong>refaire du mouvement le c\u0153ur de la montre<\/strong>. Et un c\u0153ur fait s\u2019animer un corps et un esprit, mais ne se voit pas, c\u2019est une \u00e2me invisible au service d\u2019une entit\u00e9 sup\u00e9rieure.<\/p>\n<\/p>\n<p>En 2014, cette approche est encore plus vraie qu\u2019elle ne l\u2019a jamais \u00e9t\u00e9, puisque la maison s\u2019attaque \u00e0 l\u2019un des sommets les plus \u00e9lev\u00e9s de l\u2019<strong>horlogerie<\/strong> : le <strong>planetarium<\/strong>. Elle a pour cela l\u2019\u00e9l\u00e9gance de valoriser ses partenaires \u2013 hier <strong>Agenhor<\/strong>, aujourd\u2019hui <strong>Christian van der Klaauw<\/strong>, grand ma\u00eetre en la mati\u00e8re, quasiment l\u2019un des seuls qui n\u2019ait jamais cess\u00e9 de se concentrer sur cette complication si atypique et difficile \u00e0 r\u00e9aliser.<\/p>\n<\/p>\n<p>Pour cette \u00e9dition du <strong>SIHH 2014<\/strong> , <strong>Van Cleef &#038; Arpels<\/strong> capture le ciel dans les proportions d\u2019une montre de poignet. Six ans apr\u00e8s le lancement du mod\u00e8le <strong>Lady Arpels Jour Nuit<\/strong>, elle c\u00e9l\u00e8bre ainsi de nouveau le ciel en s\u2019inspirant de la <strong>tradition historique des plan\u00e9taires<\/strong>.<\/p>\n<\/p>\n<p>Tr\u00e8s appr\u00e9ci\u00e9s au XVIIIe si\u00e8cle, ces objets permettaient de repr\u00e9senter en trois dimensions le <strong>syst\u00e8me solaire<\/strong> et le <strong>mouvement des plan\u00e8tes autour du soleil<\/strong>. Anc\u00eatres des actuels <strong>plan\u00e9tariums<\/strong>, ils \u00e9taient anim\u00e9s manuellement ou gr\u00e2ce \u00e0 un <strong>m\u00e9canisme horloger d\u2019une grande complexit\u00e9<\/strong>.<\/p>\n<\/p>\n<p>Aujourd\u2019hui, <strong>Van Cleef &#038; Arpels<\/strong> revisite ce principe avec une touche po\u00e9tique additionnelle : la montre <strong>Midnight Plan\u00e9tarium<\/strong> permet d\u2019inscrire son jour de chance dans l\u2019univers, en compl\u00e9ment de la course des plan\u00e8tes.<\/p>\n<p><img decoding=\"async\" data-src=\"\/fr\/wp-content\/uploads\/2025\/06\/318_1263_van_cleef_arpels_astronomie_poetique_planetarium_savoir_faire.jpg\" alt=\"\" class=\"wp-image lazyload\" src=\"data:image\/svg+xml;base64,PHN2ZyB3aWR0aD0iMSIgaGVpZ2h0PSIxIiB4bWxucz0iaHR0cDovL3d3dy53My5vcmcvMjAwMC9zdmciPjwvc3ZnPg==\" style=\"--smush-placeholder-width: 620px; --smush-placeholder-aspect-ratio: 620\/730;\" \/><\/p>\n<p><b>La t\u00eate dans les \u00e9toiles<\/b><\/p>\n<p><b><\/b><\/p>\n<p><b><\/b><\/p>\n<p><b><\/b><\/p>\n<p>Cette nouvelle <strong>Complication Po\u00e9tique<\/strong> reproduit en miniature le mouvement de <strong>six plan\u00e8tes autour du soleil et leur position<\/strong> <strong>\u00e0 une heure donn\u00e9e<\/strong>. La Terre et Mercure, V\u00e9nus, Mars, Jupiter et Saturne \u2013 visibles de la Terre \u00e0 l\u2019\u0153il nu \u2013 sont anim\u00e9es gr\u00e2ce \u00e0 un <strong>mouvement automatique<\/strong> d\u2019une grande complexit\u00e9. Dot\u00e9 d\u2019un module d\u00e9velopp\u00e9 en collaboration avec <strong>Christiaan van der Klaauw<\/strong>, il totalise <strong>396 pi\u00e8ces<\/strong>. <\/p>\n<\/p>\n<p>Chacune des plan\u00e8tes se d\u00e9place conform\u00e9ment \u00e0 son temps de rotation r\u00e9el : <strong>plus de 29 ans<\/strong> seront ainsi n\u00e9cessaires \u00e0 <strong>Saturne<\/strong> pour faire le <strong>tour complet du cadran<\/strong>, tandis que <strong>Jupiter<\/strong> mettra presque <strong>12 ans<\/strong>, <strong>Mars 687 jours<\/strong>, la<strong> Terre 365 jours<\/strong>, <strong>V\u00e9nus 224 jours<\/strong> et <strong>Mercure 88 jours<\/strong>.<\/p>\n<\/p>\n<p>L\u2019heure se lit avec l\u2019\u00e9toile filante indiqu\u00e9e sur le <strong>cadran<\/strong>, qui se d\u00e9place donc sur <strong>24 heures<\/strong>. L\u2019histoire se prolonge au dos de la <strong>montre<\/strong>, o\u00f9 la <strong>masse oscillante<\/strong> est grav\u00e9e d\u2019un d\u00e9cor \u00e9toil\u00e9. Deux guichets permettent de consulter le <strong>jour<\/strong>, le <strong>mois<\/strong> et l\u2019<strong>ann\u00e9e<\/strong>, r\u00e9gl\u00e9s gr\u00e2ce \u00e0 <strong>deux poussoirs<\/strong>.<\/p>\n<\/p>\n<p>Ces fonctions se doublent d\u2019une invitation \u00e0 c\u00e9l\u00e9brer son jour de chance. Gr\u00e2ce \u00e0 la <strong>lunette tournante<\/strong>, le <strong>propri\u00e9taire de la montre<\/strong> s\u00e9lectionne le jour de son choix en positionnant le triangle rouge sur un calendrier gradu\u00e9. \u00c0 cette date, la Terre viendra se placer pr\u00e9cis\u00e9ment au<span>\u2011<\/span>dessous de l\u2019\u00e9toile grav\u00e9e sur la glace saphir, en signe de chance. Du reste, <strong>seuls 22 chanceux propri\u00e9taires pourront s\u2019offrir cette merveille de po\u00e9sie et de technique<\/strong> (prix non communiqu\u00e9).<\/p>\n<\/p>\n<p>Olivier M\u00fcller<\/p>\n<\/p>\n<p><i>Visuels \u00a9Van Cleef &#038; Arpels<\/i><\/p>\n<p><i><\/i><\/p>\n<p><i><\/i><br \/>\n<img decoding=\"async\" data-src=\"\/fr\/wp-content\/uploads\/2025\/06\/318_1265_vca_astronomie_poetique_01_planetarium_savoirfaire.jpg\" alt=\"\" class=\"wp-image lazyload\" src=\"data:image\/svg+xml;base64,PHN2ZyB3aWR0aD0iMSIgaGVpZ2h0PSIxIiB4bWxucz0iaHR0cDovL3d3dy53My5vcmcvMjAwMC9zdmciPjwvc3ZnPg==\" style=\"--smush-placeholder-width: 620px; --smush-placeholder-aspect-ratio: 620\/848;\" \/><br \/>\n<img decoding=\"async\" data-src=\"\/fr\/wp-content\/uploads\/2025\/06\/318_1266_van_cleef_astronomie_poetique_planetarium.jpg\" alt=\"\" class=\"wp-image lazyload\" src=\"data:image\/svg+xml;base64,PHN2ZyB3aWR0aD0iMSIgaGVpZ2h0PSIxIiB4bWxucz0iaHR0cDovL3d3dy53My5vcmcvMjAwMC9zdmciPjwvc3ZnPg==\" style=\"--smush-placeholder-width: 620px; --smush-placeholder-aspect-ratio: 620\/458;\" \/><\/p>\n","protected":false},"excerpt":{"rendered":"<p>Lorsque Van Cleef &#038; Arpels a cr\u00e9\u00e9 ses Complications Po\u00e9tiques en 2006, la marque n\u2019a pas seulement d\u00e9velopp\u00e9 une nouvelle<\/p>\n","protected":false},"author":1,"featured_media":8987,"comment_status":"open","ping_status":"open","sticky":false,"template":"","format":"standard","meta":{"_acf_changed":false,"footnotes":""},"categories":[705],"tags":[702],"class_list":["post-8986","post","type-post","status-publish","format-standard","has-post-thumbnail","hentry","category-autre","tag-coup-de-coeur"],"acf":[],"_links":{"self":[{"href":"https:\/\/leguidedesmontres.com\/fr\/wp-json\/wp\/v2\/posts\/8986","targetHints":{"allow":["GET"]}}],"collection":[{"href":"https:\/\/leguidedesmontres.com\/fr\/wp-json\/wp\/v2\/posts"}],"about":[{"href":"https:\/\/leguidedesmontres.com\/fr\/wp-json\/wp\/v2\/types\/post"}],"author":[{"embeddable":true,"href":"https:\/\/leguidedesmontres.com\/fr\/wp-json\/wp\/v2\/users\/1"}],"replies":[{"embeddable":true,"href":"https:\/\/leguidedesmontres.com\/fr\/wp-json\/wp\/v2\/comments?post=8986"}],"version-history":[{"count":0,"href":"https:\/\/leguidedesmontres.com\/fr\/wp-json\/wp\/v2\/posts\/8986\/revisions"}],"wp:featuredmedia":[{"embeddable":true,"href":"https:\/\/leguidedesmontres.com\/fr\/wp-json\/wp\/v2\/media\/8987"}],"wp:attachment":[{"href":"https:\/\/leguidedesmontres.com\/fr\/wp-json\/wp\/v2\/media?parent=8986"}],"wp:term":[{"taxonomy":"category","embeddable":true,"href":"https:\/\/leguidedesmontres.com\/fr\/wp-json\/wp\/v2\/categories?post=8986"},{"taxonomy":"post_tag","embeddable":true,"href":"https:\/\/leguidedesmontres.com\/fr\/wp-json\/wp\/v2\/tags?post=8986"}],"curies":[{"name":"wp","href":"https:\/\/api.w.org\/{rel}","templated":true}]}}