{"id":9012,"date":"2014-01-09T19:08:54","date_gmt":"2014-01-09T17:08:54","guid":{"rendered":"https:\/\/leguidedesmontres.com\/fr\/actualites\/la-plus-importante-exposition-cartier-jamais-realisee-a-paris\/"},"modified":"2014-01-09T19:08:54","modified_gmt":"2014-01-09T17:08:54","slug":"la-plus-importante-exposition-cartier-jamais-realisee-a-paris","status":"publish","type":"post","link":"https:\/\/leguidedesmontres.com\/fr\/actualites\/la-plus-importante-exposition-cartier-jamais-realisee-a-paris\/","title":{"rendered":"La plus importante exposition Cartier jamais r\u00e9alis\u00e9e \u00e0 Paris"},"content":{"rendered":"<p><img decoding=\"async\" data-src=\"\/fr\/wp-content\/uploads\/2025\/06\/305_expo_cartier_le_style_et_l_histoire.jpg\" alt=\"La plus importante exposition Cartier jamais r\u00e9alis\u00e9e \u00e0 Paris\" class=\"wp-image featured-image lazyload\" src=\"data:image\/svg+xml;base64,PHN2ZyB3aWR0aD0iMSIgaGVpZ2h0PSIxIiB4bWxucz0iaHR0cDovL3d3dy53My5vcmcvMjAwMC9zdmciPjwvc3ZnPg==\" style=\"--smush-placeholder-width: 620px; --smush-placeholder-aspect-ratio: 620\/477;\" \/><\/p>\n<p>L\u2019ambiance int\u00e9rieure contraste avec le d\u00e9corum ext\u00e9rieur du <strong>Grand Palais<\/strong>. <strong>Cartier<\/strong>, qui y d\u00e9ploie actuellement l\u2019une des plus grandes <strong>expositions<\/strong> de son histoire, aime perdre son visiteur. Dehors, tout est faste et lumi\u00e8re, dedans, le spectateur est plong\u00e9 dans la p\u00e9nombre. Seules sont \u00e9clair\u00e9es les pi\u00e8ces de <strong>haute joaillerie<\/strong>, <strong>horlogerie<\/strong> et parures de la c\u00e9l\u00e8bre maison.<\/p>\n<\/p>\n<p>Le premier tableau de l\u2019exposition surprend : d\u2019embl\u00e9e, <strong>Cartier<\/strong> s\u2019expose avec ses diad\u00e8mes, aux milliers de diamants scintillants. Ces pi\u00e8ces de <strong>haute joaillerie<\/strong> impose d\u2019office la stature historique comme technique de <strong>Cartier<\/strong>.<\/p>\n<\/p>\n<p>Ces deux dimensions se retrouvent aussi tout au long des <strong>pi\u00e8ces horlog\u00e8res<\/strong> que la maison a rassembl\u00e9es pour l\u2019occasion. Historique, car on retrouve par exemple les origines de pi\u00e8ces mythiques, comme les toutes premi\u00e8res <strong>Tank<\/strong>. On peut aussi voir les effets horlogers personnels d\u2019un certain nombre de <strong>t\u00eates couronn\u00e9es<\/strong>, <strong>tsar<\/strong> et autres <strong>maharadjahs<\/strong>. <strong>Cartier<\/strong> n\u2019a pas simplement accompagn\u00e9 son temps, elle l\u2019a aussi fa\u00e7onn\u00e9.<\/p>\n<\/p>\n<p><b>Ma\u00eetrise technique et esth\u00e9tique<\/b><\/p>\n<p><b><\/b><\/p>\n<p><b><\/b><\/p>\n<p>Technique, car les <strong>pendules myst\u00e9rieuses<\/strong> de la maison sont incontournables. Elles sont d\u2019ailleurs pour la plupart assembl\u00e9es au sein d\u2019un espace d\u00e9di\u00e9 au sein de l\u2019exposition. Leur inspiration vient du magicien <strong>Jean-Eug\u00e8ne Robert Houdin<\/strong>, qui en eut l\u2019id\u00e9e en <strong>1839<\/strong>. Un <strong>horloger<\/strong> exclusif \u00e0 <strong>Cartier<\/strong>, <strong>Maurice Cou\u00ebt<\/strong> en reprendra le principe d\u00e8s 1912. En 20 ans, devant la complexit\u00e9 de la t\u00e2che, seulement une centaine d\u2019exemplaires sera r\u00e9alis\u00e9e. Avec, entre 1923 et 1925, des mod\u00e8les \u00ab <strong>portiques<\/strong> \u00bb donnant l\u2019illusion que la pendule est suspendue dans le vide, aujourd\u2019hui <strong>tr\u00e8s recherch\u00e9s<\/strong>.<\/p>\n<\/p>\n<p>La sc\u00e9nographie de l\u2019<strong>exposition<\/strong> s\u2019\u00e9tire du sol au plafond, puisque m\u00eame celui du <strong>Grand Palais<\/strong> est color\u00e9 de projections multiples reprenant les grandes collections de la marque. L\u2019univers <strong>Cartier<\/strong> est vaste et toutes les cr\u00e9ations (<strong>horlogerie<\/strong>, <strong>joaillerie<\/strong>, <strong>v\u00eatements<\/strong>, etc.) sont m\u00eal\u00e9s. Pourtant, l\u2019ensemble garde une parfaite coh\u00e9rence, preuve que la maison a su au fil des d\u00e9cennies garder un fil conducteur, qu\u2019elle que soit son domaine cr\u00e9atif.<\/p>\n<\/p>\n<p><b>90% de pi\u00e8ces maison<\/b><\/p>\n<p><b><\/b><\/p>\n<p><b><\/b><\/p>\n<p>Cette <strong>exposition Cartier au Grand Palais<\/strong> est l\u2019une des plus importantes jamais pr\u00e9sent\u00e9e, par le nombre de pi\u00e8ces expos\u00e9es. Elle montre l\u2019\u00e9tendue d\u2019un <strong>patrimoine<\/strong> qui n\u2019est pourtant structur\u00e9 et assembl\u00e9 que depuis <strong>1983<\/strong>. Avec succ\u00e8s, puisque plus de 90 % des pi\u00e8ces pr\u00e9sent\u00e9es proviennent des propres <strong>collections Cartier<\/strong>, le reste \u00e9tant pr\u00eat\u00e9 par des familles royales et rares collectionneurs.<\/p>\n<p>A d\u00e9couvrir du <strong>4 d\u00e9cembre 2013<\/strong> au <strong>16 f\u00e9vrier 2014<\/strong>, au <strong>Grand Palais, \u00e0 Paris<\/strong>.<\/p>\n<\/p>\n<\/p>\n<p>Olivier M\u00fcller<\/p>\n<\/p>\n<p><i>Visuels \u00a9 Cartier, Delos Communications<\/i><\/p>\n<p><i><\/i><\/p>\n<p><i><\/i><br \/>\n<img decoding=\"async\" data-src=\"\/fr\/wp-content\/uploads\/2025\/06\/305_1196_pendule_cartier.jpg\" alt=\"\" class=\"wp-image lazyload\" src=\"data:image\/svg+xml;base64,PHN2ZyB3aWR0aD0iMSIgaGVpZ2h0PSIxIiB4bWxucz0iaHR0cDovL3d3dy53My5vcmcvMjAwMC9zdmciPjwvc3ZnPg==\" style=\"--smush-placeholder-width: 620px; --smush-placeholder-aspect-ratio: 620\/595;\" \/><br \/>\n<img decoding=\"async\" data-src=\"\/fr\/wp-content\/uploads\/2025\/06\/305_1197_cartier_tank_premier_modele.jpg\" alt=\"\" class=\"wp-image lazyload\" src=\"data:image\/svg+xml;base64,PHN2ZyB3aWR0aD0iMSIgaGVpZ2h0PSIxIiB4bWxucz0iaHR0cDovL3d3dy53My5vcmcvMjAwMC9zdmciPjwvc3ZnPg==\" style=\"--smush-placeholder-width: 620px; --smush-placeholder-aspect-ratio: 620\/628;\" \/><br \/>\n<img decoding=\"async\" data-src=\"\/fr\/wp-content\/uploads\/2025\/06\/305_1198_collection_cartier_archives.jpg\" alt=\"\" class=\"wp-image lazyload\" src=\"data:image\/svg+xml;base64,PHN2ZyB3aWR0aD0iMSIgaGVpZ2h0PSIxIiB4bWxucz0iaHR0cDovL3d3dy53My5vcmcvMjAwMC9zdmciPjwvc3ZnPg==\" style=\"--smush-placeholder-width: 620px; --smush-placeholder-aspect-ratio: 620\/412;\" \/><br \/>\n<img decoding=\"async\" data-src=\"\/fr\/wp-content\/uploads\/2025\/06\/305_1199_cartier_id_two.jpg\" alt=\"\" class=\"wp-image lazyload\" src=\"data:image\/svg+xml;base64,PHN2ZyB3aWR0aD0iMSIgaGVpZ2h0PSIxIiB4bWxucz0iaHR0cDovL3d3dy53My5vcmcvMjAwMC9zdmciPjwvc3ZnPg==\" style=\"--smush-placeholder-width: 620px; --smush-placeholder-aspect-ratio: 620\/462;\" \/><\/p>\n","protected":false},"excerpt":{"rendered":"<p>L\u2019ambiance int\u00e9rieure contraste avec le d\u00e9corum ext\u00e9rieur du Grand Palais. Cartier, qui y d\u00e9ploie actuellement l\u2019une des plus grandes expositions<\/p>\n","protected":false},"author":1,"featured_media":9013,"comment_status":"open","ping_status":"open","sticky":false,"template":"","format":"standard","meta":{"_acf_changed":false,"footnotes":""},"categories":[712],"tags":[724],"class_list":["post-9012","post","type-post","status-publish","format-standard","has-post-thumbnail","hentry","category-cartier","tag-vintage"],"acf":[],"_links":{"self":[{"href":"https:\/\/leguidedesmontres.com\/fr\/wp-json\/wp\/v2\/posts\/9012","targetHints":{"allow":["GET"]}}],"collection":[{"href":"https:\/\/leguidedesmontres.com\/fr\/wp-json\/wp\/v2\/posts"}],"about":[{"href":"https:\/\/leguidedesmontres.com\/fr\/wp-json\/wp\/v2\/types\/post"}],"author":[{"embeddable":true,"href":"https:\/\/leguidedesmontres.com\/fr\/wp-json\/wp\/v2\/users\/1"}],"replies":[{"embeddable":true,"href":"https:\/\/leguidedesmontres.com\/fr\/wp-json\/wp\/v2\/comments?post=9012"}],"version-history":[{"count":0,"href":"https:\/\/leguidedesmontres.com\/fr\/wp-json\/wp\/v2\/posts\/9012\/revisions"}],"wp:featuredmedia":[{"embeddable":true,"href":"https:\/\/leguidedesmontres.com\/fr\/wp-json\/wp\/v2\/media\/9013"}],"wp:attachment":[{"href":"https:\/\/leguidedesmontres.com\/fr\/wp-json\/wp\/v2\/media?parent=9012"}],"wp:term":[{"taxonomy":"category","embeddable":true,"href":"https:\/\/leguidedesmontres.com\/fr\/wp-json\/wp\/v2\/categories?post=9012"},{"taxonomy":"post_tag","embeddable":true,"href":"https:\/\/leguidedesmontres.com\/fr\/wp-json\/wp\/v2\/tags?post=9012"}],"curies":[{"name":"wp","href":"https:\/\/api.w.org\/{rel}","templated":true}]}}