{"id":9024,"date":"2013-12-24T17:33:49","date_gmt":"2013-12-24T15:33:49","guid":{"rendered":"https:\/\/leguidedesmontres.com\/fr\/actualites\/patek-philippe-5270g-subtile-evolution\/"},"modified":"2013-12-24T17:33:49","modified_gmt":"2013-12-24T15:33:49","slug":"patek-philippe-5270g-subtile-evolution","status":"publish","type":"post","link":"https:\/\/leguidedesmontres.com\/fr\/actualites\/patek-philippe-5270g-subtile-evolution\/","title":{"rendered":"Patek Philippe 5270G : Subtile \u00e9volution"},"content":{"rendered":"<p><img decoding=\"async\" data-src=\"\/fr\/wp-content\/uploads\/2025\/06\/299_patek_philippe_5270g_014.jpg\" alt=\"Patek Philippe 5270G : Subtile \u00e9volution\" class=\"wp-image featured-image lazyload\" src=\"data:image\/svg+xml;base64,PHN2ZyB3aWR0aD0iMSIgaGVpZ2h0PSIxIiB4bWxucz0iaHR0cDovL3d3dy53My5vcmcvMjAwMC9zdmciPjwvc3ZnPg==\" style=\"--smush-placeholder-width: 620px; --smush-placeholder-aspect-ratio: 620\/779;\" \/><\/p>\n<p><strong>\u00ab <i>Aucune communication ne sera faite sur le sujet <\/i>\u00bb<\/strong>. Au moins, <strong><a target=\"_blank\" href=\"https:\/\/leguidedesmontres.com\/fr\/prix-du-neuf\/patek-philippe\">Patek Philippe<\/a><\/strong> a pr\u00e9venu : les deux nouvelles r\u00e9f\u00e9rences de <strong>chronographes \u00e0 quanti\u00e8me perp\u00e9tuel<span> <\/span><\/strong><span> <\/span>resteront discr\u00e8tes.<\/p>\n<\/p>\n<p>On savait la marque amateur de cette double complication, qui est m\u00eame devenue au fil des d\u00e9cennies l\u2019une de ses marques de fabrique. Ce duo affole toujours r\u00e9guli\u00e8rement les compteurs des salles de vente, avec des pi\u00e8ces vendues <strong>130 000 \u00e0 150 000 euros<\/strong>.<\/p>\n<\/p>\n<p>En parall\u00e8le, la marque avait commenc\u00e9 \u00e0 explorer les <strong><a target=\"_blank\" href=\"https:\/\/leguidedesmontres.com\/fr\/actualites\/172\/tendance-la-vie-en-bleu\">cadrans bleus<\/a><\/strong>, mais jamais au-del\u00e0 du <strong>chronographe<\/strong> et <strong>quanti\u00e8me annuel<\/strong>, que l\u2019on retrouvait par exemple sur la <strong><a target=\"_blank\" href=\"https:\/\/leguidedesmontres.com\/fr\/prix-du-neuf\/patek-philippe\/1928\/5961-p\">5961P<\/a><\/strong>, mont\u00e9e sur bo\u00eete en platine. On trouvait en parall\u00e8le des <strong>Calendriers Perp\u00e9tuels<\/strong> (QP), sur fond bleu, comme le <strong><a target=\"_blank\" href=\"https:\/\/leguidedesmontres.com\/fr\/prix-du-neuf\/patek-philippe\/2271\/5140-p\">5140P<\/a><\/strong>&#8230;mais sans <strong>chronographe<\/strong>.<\/p>\n<\/p>\n<p>C\u2019est donc un mariage d\u2019un nouveau genre que la marque inaugure avec la premi\u00e8re association d\u2019un <strong>QP<\/strong>, d\u2019un<strong> chronographe<\/strong>, et le tout sur cadran bleu. Ce sera au profit de la <strong><a target=\"_blank\" href=\"https:\/\/leguidedesmontres.com\/fr\/prix-du-neuf\/patek-philippe\/1866\/5270-g\">5270G<\/a><\/strong>, r\u00e9f\u00e9rence p\u00e9renne de la marque, <strong>100% manufacture<\/strong>. <strong>Patek Philippe<\/strong> donne ainsi suite \u00e0 la <strong><a target=\"_blank\" href=\"https:\/\/leguidedesmontres.com\/fr\/actualites\/172\/tendance-la-vie-en-bleu\">tendance des cadrans bleus<\/a><\/strong>, que l\u2019on a vu fleurir tout au long de l\u2019ann\u00e9e avec <strong>Jaquet Droz<\/strong>, <strong>Vulcain<\/strong>, <strong>Hublot<\/strong>, <strong>Tudor<\/strong>,  <strong>De Bethune<\/strong> et autre <strong>Glash\u00fctte<\/strong>. C\u2019est d\u2019ailleurs l\u2019une des rares occurrences o\u00f9, en horlogerie, deux finitions parviennent \u00e0 coexister, avec ces multiples r\u00e9f\u00e9rences bleus qui font jeu \u00e9gal avec la mode, toujours tr\u00e8s forte, du \u2018full black\u2019, PVD, DLC et fibre de carbone en t\u00eate, d\u2019<strong>Audemars Piguet<\/strong> \u00e0 <strong>Breitling<\/strong> jusqu\u2019\u00e0 Hublot et, pour ainsi dire, la quasi-totalit\u00e9 des marques !<\/p>\n<\/p>\n<p>Cette nouvelle r\u00e9f\u00e9rence \u00ab <strong>5270G-014<\/strong> \u00bb ne diff\u00e8re en rien de son homologue \u00e0 cadran blanc. On reste donc dans le terrain connu d\u2019une bo\u00eete de <strong>41 mm<\/strong>, d\u2019une <strong>phase de Lune<\/strong> (techniquement associ\u00e9e \u00e0 n\u2019importe quel QP), et des deux fen\u00eatres habituelles : \u00e0 5h pour marquer les <strong>cycles bissextiles<\/strong> (de 1 \u00e0 4), \u00e0 7h pour l\u2019<strong>indication jour \/ nuit<\/strong>. Le <strong>Calibre CH 29-535 PS Q<\/strong> est \u00e0 <strong>remontage manuel<\/strong>, avec toujours le PS pour \u00ab Petite Seconde \u00bb et le Q pour \u00ab Quanti\u00e8me \u00bb.<\/p>\n<\/p>\n<p>Olivier M\u00fcller<\/p>\n<\/p>\n<p><i>Visuels \u00a9 Patek Philippe<\/i><\/p>\n<\/p>\n<p><i><\/i><\/p>\n<p><i><\/i><\/p>\n<p><i><\/i><br \/>\n<img decoding=\"async\" data-src=\"\/fr\/wp-content\/uploads\/2025\/06\/299_1175_patek_philippe_5270g_cadran_gris.jpg\" alt=\"\" class=\"wp-image lazyload\" src=\"data:image\/svg+xml;base64,PHN2ZyB3aWR0aD0iMSIgaGVpZ2h0PSIxIiB4bWxucz0iaHR0cDovL3d3dy53My5vcmcvMjAwMC9zdmciPjwvc3ZnPg==\" style=\"--smush-placeholder-width: 620px; --smush-placeholder-aspect-ratio: 620\/780;\" \/><\/p>\n","protected":false},"excerpt":{"rendered":"<p>\u00ab Aucune communication ne sera faite sur le sujet \u00bb. Au moins, Patek Philippe a pr\u00e9venu : les deux nouvelles<\/p>\n","protected":false},"author":1,"featured_media":9025,"comment_status":"open","ping_status":"open","sticky":false,"template":"","format":"standard","meta":{"_acf_changed":false,"footnotes":""},"categories":[713],"tags":[706],"class_list":["post-9024","post","type-post","status-publish","format-standard","has-post-thumbnail","hentry","category-patek-philippe","tag-au-fil-de-lactualite"],"acf":[],"_links":{"self":[{"href":"https:\/\/leguidedesmontres.com\/fr\/wp-json\/wp\/v2\/posts\/9024","targetHints":{"allow":["GET"]}}],"collection":[{"href":"https:\/\/leguidedesmontres.com\/fr\/wp-json\/wp\/v2\/posts"}],"about":[{"href":"https:\/\/leguidedesmontres.com\/fr\/wp-json\/wp\/v2\/types\/post"}],"author":[{"embeddable":true,"href":"https:\/\/leguidedesmontres.com\/fr\/wp-json\/wp\/v2\/users\/1"}],"replies":[{"embeddable":true,"href":"https:\/\/leguidedesmontres.com\/fr\/wp-json\/wp\/v2\/comments?post=9024"}],"version-history":[{"count":0,"href":"https:\/\/leguidedesmontres.com\/fr\/wp-json\/wp\/v2\/posts\/9024\/revisions"}],"wp:featuredmedia":[{"embeddable":true,"href":"https:\/\/leguidedesmontres.com\/fr\/wp-json\/wp\/v2\/media\/9025"}],"wp:attachment":[{"href":"https:\/\/leguidedesmontres.com\/fr\/wp-json\/wp\/v2\/media?parent=9024"}],"wp:term":[{"taxonomy":"category","embeddable":true,"href":"https:\/\/leguidedesmontres.com\/fr\/wp-json\/wp\/v2\/categories?post=9024"},{"taxonomy":"post_tag","embeddable":true,"href":"https:\/\/leguidedesmontres.com\/fr\/wp-json\/wp\/v2\/tags?post=9024"}],"curies":[{"name":"wp","href":"https:\/\/api.w.org\/{rel}","templated":true}]}}