{"id":9026,"date":"2013-12-21T22:17:22","date_gmt":"2013-12-21T20:17:22","guid":{"rendered":"https:\/\/leguidedesmontres.com\/fr\/actualites\/le-jeu-des-7-questions-avec-peter-stas-ceo-groupe-frederique-constant\/"},"modified":"2013-12-21T22:17:22","modified_gmt":"2013-12-21T20:17:22","slug":"le-jeu-des-7-questions-avec-peter-stas-ceo-groupe-frederique-constant","status":"publish","type":"post","link":"https:\/\/leguidedesmontres.com\/fr\/actualites\/le-jeu-des-7-questions-avec-peter-stas-ceo-groupe-frederique-constant\/","title":{"rendered":"Le jeu des 7 questions avec Peter Stas,  CEO Groupe Fr\u00e9d\u00e9rique Constant"},"content":{"rendered":"<p><img decoding=\"async\" data-src=\"\/fr\/wp-content\/uploads\/2025\/06\/298_frederique_constant_peter_stas.jpg\" alt=\"Le jeu des 7 questions avec Peter Stas,  CEO Groupe Fr\u00e9d\u00e9rique Constant\" class=\"wp-image featured-image lazyload\" src=\"data:image\/svg+xml;base64,PHN2ZyB3aWR0aD0iMSIgaGVpZ2h0PSIxIiB4bWxucz0iaHR0cDovL3d3dy53My5vcmcvMjAwMC9zdmciPjwvc3ZnPg==\" style=\"--smush-placeholder-width: 620px; --smush-placeholder-aspect-ratio: 620\/905;\" \/><\/p>\n<p><strong><span>Peter Stas<\/span><\/strong><span> est le <strong>CEO<\/strong> de la marque <strong>Fr\u00e9d\u00e9rique Constant<\/strong>, mais c&rsquo;est aussi et surtout le <strong>patron du groupe<\/strong> du m\u00eame nom, lequel regroupe la marque <strong>Fr\u00e9d\u00e9rique Constant<\/strong> \u00e0 proprement parler, <strong>Alpina<\/strong> et <strong>Ateliers deMonaco<\/strong>. Apr\u00e8s 25 ans \u00e0 la t\u00eate de ce qui est devenu un v\u00e9ritable <strong>groupe horloger<\/strong>, il se livre avec sa gentillesse habituelle au jeu des sept questions, avec des r\u00e9ponses d\u2019une franchise rafraichissante. <\/span><\/p>\n<\/p>\n<p><b><span>Ce dont vous \u00eates le plus fier apr\u00e8s ce quart de si\u00e8cle \u00e0 la t\u00eate du groupe Fr\u00e9d\u00e9rique Constant ? <\/span><\/b><\/p>\n<p><b><\/b><\/p>\n<p><b><\/b><\/p>\n<p><span>Tout simplement l&rsquo;avoir cr\u00e9\u00e9 et l&rsquo;avoir men\u00e9 l\u00e0 o\u00f9 il est aujourd&rsquo;hui. Nous avions bien \u00e9videmment des ambitions, mais les atteindre aussi rapidement est incroyable. Nous sommes sur une tendance de <strong>croissance de 20% par an<\/strong>. Ce qui signifie que dans 4 ou 5 ans, nous aurons encore doubl\u00e9. <\/span><\/p>\n<\/p>\n<p><b><span>Ce que vous regrettez? <\/span><\/b><\/p>\n<p><b><\/b><\/p>\n<p><b><\/b><\/p>\n<p><span>De ne pas avoir d\u00e9pos\u00e9 le dessin de la <strong>Heartbeat<\/strong>. Maintenant, c&rsquo;est trop tard, c&rsquo;est presque du domaine public. C&rsquo;est un de nos plus <strong>grands succ\u00e8s<\/strong> mais nous avons \u00e9t\u00e9 abondamment copi\u00e9s et je ne peux plus rien faire. On aurait aussi pu engager du top management plus t\u00f4t, comme nous venons de le faire avec <strong>Alpina<\/strong>. Un CEO pour <strong>Fr\u00e9d\u00e9rique Constant<\/strong> sera un jour aussi n\u00e9cessaire, m\u00eame si j&rsquo;assure encore pleinement cette fonction. <\/span><\/p>\n<\/p>\n<p><b><span>Des pi\u00e8ces \u00e0 3000 euros&#8230;et un tourbillon ? <\/span><\/b><\/p>\n<p><b><\/b><\/p>\n<p><b><\/b><\/p>\n<p><span>Oui, ce <strong>tourbillon<\/strong> est paradoxal, mais c&rsquo;\u00e9tait une mani\u00e8re de montrer nos capacit\u00e9s. Avec les <strong>Ateliers deMonaco<\/strong>, nous avons des capacit\u00e9s de <strong>haute horlogerie<\/strong>. Mais nous ne pouvons pas les d\u00e9ployer sur une marque comme <strong>Fr\u00e9d\u00e9rique Constant<\/strong>. Les Ateliers font <strong>60 \u00e0 70 pi\u00e8ces par an<\/strong>. Si je prends leur <strong>QP<\/strong>, par exemple, pour le d\u00e9cliner sur une <strong>Fr\u00e9d\u00e9rique Constant<\/strong>, on en vendrait tout de suite beaucoup plus. Ils ne pourraient pas suivre. Nous ferons donc des s\u00e9ries plus restreintes.<\/span><\/p>\n<\/p>\n<p><b><span>Eldorado chinois, la fin d&rsquo;une \u00e9poque ? <\/span><\/b><\/p>\n<p><b><\/b><\/p>\n<p><b><\/b><\/p>\n<p><span>Pour nous, oui, h\u00e9las. M\u00eame si le march\u00e9 local reste en <strong>croissance \u00e0 deux chiffres<\/strong>, nous, nous avons fait <strong>0% de croissance<\/strong> l\u00e0-bas cette ann\u00e9e. M\u00eame <strong>Cartier a ferm\u00e9 14 boutiques en Chine<\/strong>. La fin des cadeaux horlogers aux officiels \u00e9t\u00e9 un coup dur, entre autres. La <strong>croissance horlog\u00e8re<\/strong> sur place ces derni\u00e8res ann\u00e9es n&rsquo;\u00e9tait de toutes mani\u00e8res pas r\u00e9aliste. D\u00e8s que les ventes ont diminu\u00e9, il y a eu moins de rotations dans les pi\u00e8ces command\u00e9es par les d\u00e9taillants et, in\u00e9vitablement, moins de cash. <\/span><\/p>\n<\/p>\n<p><b><span>Fr\u00e9d\u00e9rique Constant, seule marque \u00e0 proposer des montres m\u00e9caniques pour jeunes adultes ? <\/span><\/b><\/p>\n<p><b><\/b><\/p>\n<p><b><\/b><\/p>\n<p><span>Oui, ce fut un grand succ\u00e8s la premi\u00e8re ann\u00e9e. On les offrait pour les communions, r\u00e9ussite aux premiers examens, premier travail, etc. Et puis l&rsquo;on s&rsquo;est rendu compte, en raison de leur <strong>prix attractif<\/strong> (<strong>495 euros<\/strong>) que m\u00eame des adultes en portaient, au d\u00e9triment des mod\u00e8les qui leur \u00e9taient d\u00e9di\u00e9s. C&rsquo;\u00e9tait un effet collat\u00e9ral auquel nous nous attendions mais qu&rsquo;il a fallu g\u00e9rer. On a donc propos\u00e9 un premier <strong>mod\u00e8le homme \u00e0 695 euros<\/strong>. <\/span><\/p>\n<\/p>\n<p><b><span>Votre franc-parler, rare dans le s\u00e9rail horloger ? <\/span><\/b><\/p>\n<p><b><\/b><\/p>\n<p><b><\/b><\/p>\n<p><span>La transparence a toujours fait partie de notre culture. Nous sommes tr\u00e8s pr\u00e9sents sur les <strong>r\u00e9seaux sociaux<\/strong> depuis toujours, mais ce n&rsquo;est pas vraiment le terrain le plus glissant. A l&rsquo;inverse, on s&rsquo;est ouvert parfois un peu trop \u00e0 des d\u00e9taillants sur nos projets de d\u00e9veloppements de nouveaux mod\u00e8les&#8230;qu&rsquo;au final on voyait arriver six mois avant les n\u00f4tres chez ces m\u00eames d\u00e9taillants, mais par d&rsquo;autres marques. Nous avons d\u00fb int\u00e9grer une culture un peu plus marqu\u00e9e du secret commercial&#8230;<\/span><\/p>\n<\/p>\n<p><b><span>Des boutiques exclusives, demain, chez Fr\u00e9d\u00e9rique Constant ? <\/span><\/b><\/p>\n<p><b><\/b><\/p>\n<p><b><\/b><\/p>\n<p><span>Non. Ca n&rsquo;a pas de sens pour la marque. Nous voulons au contraire que les clients puissent avoir <strong>deux montres<\/strong> dans les mains, dont l&rsquo;une des, n\u00f4tres, pouvoir comparer leur <strong>qualit\u00e9<\/strong> et leur<strong> prix<\/strong>. A ce jeu, nous sortons toujours gagnants. Comment voudriez-vous comparer deux marques diff\u00e9rentes dans une boutique&#8230;mono-marque ? <\/span><\/p>\n<p><span>Olivier M\u00fcller<\/span><\/p>\n<\/p>\n<p><span><\/span><\/p>\n<\/p>\n<p><i><span>Visuels \u00a9 David Carteron \/ Delos<\/span><\/i><i><span> Communications, Frederique Constant<\/span><\/i><\/p>\n<p><i><\/i><\/p>\n<p><i><\/i><br \/>\n<img decoding=\"async\" data-src=\"\/fr\/wp-content\/uploads\/2025\/06\/298_1171_peter_stas_ceo_frederique_constant.jpg\" alt=\"\" class=\"wp-image lazyload\" src=\"data:image\/svg+xml;base64,PHN2ZyB3aWR0aD0iMSIgaGVpZ2h0PSIxIiB4bWxucz0iaHR0cDovL3d3dy53My5vcmcvMjAwMC9zdmciPjwvc3ZnPg==\" style=\"--smush-placeholder-width: 620px; --smush-placeholder-aspect-ratio: 620\/410;\" \/><br \/>\n<img decoding=\"async\" data-src=\"\/fr\/wp-content\/uploads\/2025\/06\/298_1172_frederique_constant_ceo.jpg\" alt=\"\" class=\"wp-image lazyload\" src=\"data:image\/svg+xml;base64,PHN2ZyB3aWR0aD0iMSIgaGVpZ2h0PSIxIiB4bWxucz0iaHR0cDovL3d3dy53My5vcmcvMjAwMC9zdmciPjwvc3ZnPg==\" style=\"--smush-placeholder-width: 620px; --smush-placeholder-aspect-ratio: 620\/873;\" \/><br \/>\n<img decoding=\"async\" data-src=\"\/fr\/wp-content\/uploads\/2025\/06\/298_1173_frederique_constant_310whf2p6.jpg\" alt=\"\" class=\"wp-image lazyload\" src=\"data:image\/svg+xml;base64,PHN2ZyB3aWR0aD0iMSIgaGVpZ2h0PSIxIiB4bWxucz0iaHR0cDovL3d3dy53My5vcmcvMjAwMC9zdmciPjwvc3ZnPg==\" style=\"--smush-placeholder-width: 620px; --smush-placeholder-aspect-ratio: 620\/875;\" \/><\/p>\n","protected":false},"excerpt":{"rendered":"<p>Peter Stas est le CEO de la marque Fr\u00e9d\u00e9rique Constant, mais c&rsquo;est aussi et surtout le patron du groupe du<\/p>\n","protected":false},"author":1,"featured_media":9027,"comment_status":"open","ping_status":"open","sticky":false,"template":"","format":"standard","meta":{"_acf_changed":false,"footnotes":""},"categories":[705],"tags":[711],"class_list":["post-9026","post","type-post","status-publish","format-standard","has-post-thumbnail","hentry","category-autre","tag-interview"],"acf":[],"_links":{"self":[{"href":"https:\/\/leguidedesmontres.com\/fr\/wp-json\/wp\/v2\/posts\/9026","targetHints":{"allow":["GET"]}}],"collection":[{"href":"https:\/\/leguidedesmontres.com\/fr\/wp-json\/wp\/v2\/posts"}],"about":[{"href":"https:\/\/leguidedesmontres.com\/fr\/wp-json\/wp\/v2\/types\/post"}],"author":[{"embeddable":true,"href":"https:\/\/leguidedesmontres.com\/fr\/wp-json\/wp\/v2\/users\/1"}],"replies":[{"embeddable":true,"href":"https:\/\/leguidedesmontres.com\/fr\/wp-json\/wp\/v2\/comments?post=9026"}],"version-history":[{"count":0,"href":"https:\/\/leguidedesmontres.com\/fr\/wp-json\/wp\/v2\/posts\/9026\/revisions"}],"wp:featuredmedia":[{"embeddable":true,"href":"https:\/\/leguidedesmontres.com\/fr\/wp-json\/wp\/v2\/media\/9027"}],"wp:attachment":[{"href":"https:\/\/leguidedesmontres.com\/fr\/wp-json\/wp\/v2\/media?parent=9026"}],"wp:term":[{"taxonomy":"category","embeddable":true,"href":"https:\/\/leguidedesmontres.com\/fr\/wp-json\/wp\/v2\/categories?post=9026"},{"taxonomy":"post_tag","embeddable":true,"href":"https:\/\/leguidedesmontres.com\/fr\/wp-json\/wp\/v2\/tags?post=9026"}],"curies":[{"name":"wp","href":"https:\/\/api.w.org\/{rel}","templated":true}]}}