{"id":9036,"date":"2013-12-14T17:11:07","date_gmt":"2013-12-14T15:11:07","guid":{"rendered":"https:\/\/leguidedesmontres.com\/fr\/actualites\/cartier-un-sihh-2014-dexception\/"},"modified":"2013-12-14T17:11:07","modified_gmt":"2013-12-14T15:11:07","slug":"cartier-un-sihh-2014-dexception","status":"publish","type":"post","link":"https:\/\/leguidedesmontres.com\/fr\/actualites\/cartier-un-sihh-2014-dexception\/","title":{"rendered":"Cartier : un SIHH 2014 d\u2019exception"},"content":{"rendered":"<p><img decoding=\"async\" data-src=\"\/fr\/wp-content\/uploads\/2025\/06\/293_cartier_rotonde_terre_et_lune_tourbillon.jpg\" alt=\"Cartier : un SIHH 2014 d\u2019exception\" class=\"wp-image featured-image lazyload\" src=\"data:image\/svg+xml;base64,PHN2ZyB3aWR0aD0iMSIgaGVpZ2h0PSIxIiB4bWxucz0iaHR0cDovL3d3dy53My5vcmcvMjAwMC9zdmciPjwvc3ZnPg==\" style=\"--smush-placeholder-width: 620px; --smush-placeholder-aspect-ratio: 620\/702;\" \/><\/p>\n<p><strong><span>Cartier<\/span><\/strong><span> vient de d\u00e9voiler, hier soir, les <strong>quatre grandes cr\u00e9ations<\/strong> qui seront pr\u00e9sent\u00e9es dans quelques jours au <strong>SIHH 2014<\/strong>. L\u2019enjeu est de taille pour la <strong>manufacture<\/strong>, qui avait d\u00e9j\u00e0 frapp\u00e9 tr\u00e8s fort l\u2019ann\u00e9e derni\u00e8re avec des <strong>complications hors norme<\/strong>, comme le <strong>Double Tourbillon Myst\u00e9rieux<\/strong>, une <strong>cr\u00e9ation technique d\u2019exception<\/strong> en m\u00eame temps qu\u2019un hommage appuy\u00e9 aux pendulettes myst\u00e9rieuses qui ont forg\u00e9 <strong>la l\u00e9gende Cartier<\/strong>. <\/span><\/p>\n<\/p>\n<p><span>De prime abord, le pari 2014 est d\u00e9j\u00e0 remport\u00e9. <strong>Quatre nouveaux mod\u00e8les<\/strong> manifestent la ma\u00eetrise cr\u00e9ative et technique de la marque, avec toujours une tr\u00e8s forte <strong>signature esth\u00e9tique Cartier<\/strong>. <\/span><\/p>\n<\/p>\n<p><b><span>La premi\u00e8re montre de plong\u00e9e Cartier<\/span><\/b><\/p>\n<p><b><\/b><\/p>\n<p><b><\/b><\/p>\n<p><span>La premi\u00e8re <strong>r\u00e9v\u00e9lation 2014<\/strong> sera une <strong>montre de plong\u00e9e<\/strong>. C\u2019est un segment dont <strong>Cartier<\/strong> \u00e9tait jusqu\u2019\u00e0 pr\u00e9sent absent. Aujourd\u2019hui, la manufacture d\u00e9voile une pi\u00e8ce <strong>\u00e9tanche \u00e0 300 m\u00e8tres<\/strong> reposant sur son mod\u00e8le <strong>Calibre<\/strong>, cr\u00e9\u00e9 en 2010. Toute la difficult\u00e9 fut donc d\u2019adapter ce mouvement urbain aux contraintes d\u2019une pi\u00e8ce \u00e9tanche, tout en conservant les proportions d\u2019une <strong>pi\u00e8ce de style<\/strong>. C\u2019est le tour de force r\u00e9ussi de la maison, avec un bo\u00eetier qui ne d\u00e9passe pas <strong>11 mm d\u2019\u00e9paisseur<\/strong>. <\/span><\/p>\n<\/p>\n<p><span>Cette cr\u00e9ation fait le trait d\u2019union entre <strong>montre de plong\u00e9e<\/strong> et <strong>belle horlogerie<\/strong> selon <strong>Cartier<\/strong>, avec un jeu contrast\u00e9 de <strong>finitions satin\u00e9es<\/strong> et <strong>polies<\/strong>, une <strong>lunette tournante<\/strong> rev\u00eatue d\u2019<strong>ADLC<\/strong>. On retrouve le <strong>XII<\/strong> surdimensionn\u00e9 et<strong> <\/strong><strong>luminescent<\/strong>, marque de la maison. Deux versions seront propos\u00e9es, en <strong>acier<\/strong> ou <strong>or rose<\/strong>, sur <strong>bracelets caoutchouc<\/strong>. <\/span><\/p>\n<\/p>\n<p><img decoding=\"async\" data-src=\"\/fr\/wp-content\/uploads\/2025\/06\/293_1152_cartier_calibre_diver_sihh_2014.jpg\" alt=\"\" class=\"wp-image lazyload\" src=\"data:image\/svg+xml;base64,PHN2ZyB3aWR0aD0iMSIgaGVpZ2h0PSIxIiB4bWxucz0iaHR0cDovL3d3dy53My5vcmcvMjAwMC9zdmciPjwvc3ZnPg==\" style=\"--smush-placeholder-width: 620px; --smush-placeholder-aspect-ratio: 620\/694;\" \/><\/p>\n<p><b><span>Une nouvelle approche esth\u00e9tique du QP<\/span><\/b><\/p>\n<p><b><\/b><\/p>\n<p><b><\/b><\/p>\n<p><span>Deux nouvelles <strong>montres compliqu\u00e9es<\/strong> suivent. La premi\u00e8re est la <strong>Rotonde Astrocalendaire<\/strong>. Elle s\u2019attaque \u00e0 l\u2019une des principales difficult\u00e9s des <strong>quanti\u00e8mes perp\u00e9tuels<\/strong>, ces fameux <strong>QP<\/strong> : la <strong>lisibilit\u00e9<\/strong> et la <strong>simplicit\u00e9 d\u2019usage<\/strong>. La lisibilit\u00e9 est souvent mise \u00e0 mal par une <strong>grande quantit\u00e9 d\u2019informations<\/strong> \u00e0 disposer sur un cadran dont la surface n\u2019est pas extensible. La simplicit\u00e9 l\u2019est tout autant en raison du nombre de variables \u00e0 ajuster pour un QP : <strong>jour de la semaine<\/strong>, <strong>quanti\u00e8me de jour<\/strong>, <strong>mois<\/strong>, <strong>ann\u00e9es<\/strong>, <strong>ann\u00e9es bissextiles<\/strong>, en plus des indications horaires habituelles. <\/span><\/p>\n<\/p>\n<p><span>Con\u00e7u comme un <strong>amphith\u00e9\u00e2tre<\/strong> destin\u00e9 \u00e0 clarifier la <strong>lecture des indications du quanti\u00e8me perp\u00e9tue<\/strong><strong>l<\/strong>, l\u2019affichage de la <strong>Rotonde Astrocalendaire<\/strong> est <strong>tridimensionnel<\/strong>. Dispos\u00e9 en \u00e9tages et <strong>concentrique<\/strong>, l\u2019affichage des fonctions du quanti\u00e8me perp\u00e9tuel se d\u00e9roule au fil de <strong>diff\u00e9rents niveaux<\/strong> : le <strong>jour<\/strong> est indiqu\u00e9 sur le premier. Il est suivi du <strong>mois<\/strong> sur le second, lui-m\u00eame surplomb\u00e9 par la <strong>date<\/strong>. De fins guichets se d\u00e9placent le long de ces gradins. La derni\u00e8re fonction du <strong>quanti\u00e8me perp\u00e9tuel<\/strong> est indiqu\u00e9e, quant \u00e0 elle, par une aiguille situ\u00e9e au dos de la montre, pr\u00e9cisant la nature de l\u2019<strong>ann\u00e9e<\/strong> : <strong>bissextile ou non<\/strong>.<span>  <\/span><\/span><\/p>\n<p><span><\/span><\/p>\n<\/p>\n<p><span>Partiellement <strong>brevet\u00e9<\/strong>, le syst\u00e8me de rouages du <strong>mouvement 9459 MC<\/strong> substitue aux m\u00e9canismes traditionnels \u00e0 bascules et ressorts un <strong>m\u00e9canisme \u00e0 roues<\/strong> qui limite les risques de casse lors d\u2019un <strong>remontage excessif<\/strong> aux <strong>plages horaires d\u00e9conseill\u00e9es<\/strong>. En effet, la conception traditionnelle du quanti\u00e8me perp\u00e9tuel interdit toute <strong>correction manuelle<\/strong> plusieurs heures avant et apr\u00e8s minuit, <strong>sous peine de casse<\/strong>. Quant aux ajustements qui se font par quatre minuscules <strong>poussoirs<\/strong> sur le flanc de bo\u00eete, ils sont souvent peu pratiques ni clairement identifi\u00e9s. <\/span><\/p>\n<p><span><span> <\/span><\/span><\/p>\n<p><span>Le <strong>mouvement<\/strong> de la <strong>Rotonde Astrocalendaire<\/strong> se fait gr\u00e2ce \u00e0 un <strong>r\u00e9glage par la couronne<\/strong>. En plus du r\u00e9glage traditionnel de l\u2019<strong>heure<\/strong> et de la <strong>minute<\/strong>, elle contr\u00f4le aussi l\u2019indicateur de la date et de celui du mois, avec la possibilit\u00e9 de corriger les fonctions en avant aussi bien qu\u2019en arri\u00e8re. Les utilisateurs n\u2019ont plus \u00e0 craindre d\u2019aller au-del\u00e0 de la date pr\u00e9sente car cette erreur de manipulation est facilement rattrapable.<span>  <\/span><\/span><\/p>\n<\/p>\n<p><img decoding=\"async\" data-src=\"\/fr\/wp-content\/uploads\/2025\/06\/293_1154_cartier_rotonde_astrocalendaire_qp_sihh_2014.jpg\" alt=\"\" class=\"wp-image lazyload\" src=\"data:image\/svg+xml;base64,PHN2ZyB3aWR0aD0iMSIgaGVpZ2h0PSIxIiB4bWxucz0iaHR0cDovL3d3dy53My5vcmcvMjAwMC9zdmciPjwvc3ZnPg==\" style=\"--smush-placeholder-width: 620px; --smush-placeholder-aspect-ratio: 620\/679;\" \/><br \/>\n<img decoding=\"async\" data-src=\"\/fr\/wp-content\/uploads\/2025\/06\/293_1155_cartier_rotonde_astrocalendaire_platine_mouvement.jpg\" alt=\"\" class=\"wp-image lazyload\" src=\"data:image\/svg+xml;base64,PHN2ZyB3aWR0aD0iMSIgaGVpZ2h0PSIxIiB4bWxucz0iaHR0cDovL3d3dy53My5vcmcvMjAwMC9zdmciPjwvc3ZnPg==\" style=\"--smush-placeholder-width: 620px; --smush-placeholder-aspect-ratio: 620\/607;\" \/><\/p>\n<p><b><span>Premi\u00e8re phase de Lune sur demande<\/span><\/b><\/p>\n<p><span>Autre <strong>complication<\/strong> \u00e0 l\u2019ordre du jour, un <strong>tourbillon phase de Lune<\/strong>, avec une pi\u00e8ce intitul\u00e9e la <strong>Rotonde Terre et Lune<\/strong>. Le m\u00e9canisme de <strong>phase de Lune<\/strong> repose sur une <strong>conception complexe<\/strong> et <strong>cr\u00e9ative<\/strong> qui allie <strong>tourbillon<\/strong>, <strong>phases de lune<\/strong> \u00e0 la demande et second fuseau. En actionnant le poussoir situ\u00e9 \u00e0 quatre heures sur le c\u00f4t\u00e9 du bo\u00eetier, un cache descend et occulte partiellement la <strong>cage de tourbillon<\/strong>. Le croissant ainsi dessin\u00e9 reproduit exactement celui que la lune trace dans le ciel. Le <strong>second fuseau<\/strong> repose quant \u00e0 lui sur un <strong>syst\u00e8me de disque<\/strong>, plus conventionnel mais n\u00e9anmoins in\u00e9dit jusqu\u2019\u00e0 ce jour chez <strong>Cartier<\/strong>. <\/span><\/p>\n<\/p>\n<p><b><span>Nouvelle Tank Squelette<\/span><\/b> <\/p>\n<p><span>Enfin, derni\u00e8re cr\u00e9ation, la <strong>Tank MC Squelette<\/strong>. Elle accueille la premi\u00e8re ex\u00e9cution bicolore du <strong>calibre 9611 MC<\/strong> dont le caract\u00e8re tient dans la d\u00e9mesure des <strong>chiffres romains squelett\u00e9s<\/strong>, <span> <\/span>caract\u00e9ristiques de la <strong>Maison Cartier<\/strong>. Dans cette architecture ajour\u00e9e, les <strong>III<\/strong>, <strong>VI<\/strong>, <strong>IX<\/strong> et <strong>XII<\/strong> <span> <\/span>structurent le mouvement et d\u00e9finissent son apparence. On en retiendra surtout la <strong>finition \u00e0 deux tons<\/strong>, notamment sur les <strong>angles du calibre<\/strong>, une subtilit\u00e9 esth\u00e9tique qui souligne la structure du squelette. <\/span><\/p>\n<\/p>\n<p><span>Olivier M\u00fcller<\/span><\/p>\n<\/p>\n<p><i><span>Visuels Laziz Hamani \u00a9 Cartier 2013<\/span><\/i><\/p>\n<\/p>\n<p><img decoding=\"async\" data-src=\"\/fr\/wp-content\/uploads\/2025\/06\/293_1157_cartier_rotonde_tourbillon_terre_et_lune.jpg\" alt=\"\" class=\"wp-image lazyload\" src=\"data:image\/svg+xml;base64,PHN2ZyB3aWR0aD0iMSIgaGVpZ2h0PSIxIiB4bWxucz0iaHR0cDovL3d3dy53My5vcmcvMjAwMC9zdmciPjwvc3ZnPg==\" style=\"--smush-placeholder-width: 620px; --smush-placeholder-aspect-ratio: 620\/610;\" \/><br \/>\n<img decoding=\"async\" data-src=\"\/fr\/wp-content\/uploads\/2025\/06\/293_1158_mouvement_cartier_rotonde_terre_et_lune_tourbillon.jpg\" alt=\"\" class=\"wp-image lazyload\" src=\"data:image\/svg+xml;base64,PHN2ZyB3aWR0aD0iMSIgaGVpZ2h0PSIxIiB4bWxucz0iaHR0cDovL3d3dy53My5vcmcvMjAwMC9zdmciPjwvc3ZnPg==\" style=\"--smush-placeholder-width: 620px; --smush-placeholder-aspect-ratio: 620\/779;\" \/><br \/>\n<img decoding=\"async\" data-src=\"\/fr\/wp-content\/uploads\/2025\/06\/293_1159_rotonde_terre_et_lune_cartier.jpg\" alt=\"\" class=\"wp-image lazyload\" src=\"data:image\/svg+xml;base64,PHN2ZyB3aWR0aD0iMSIgaGVpZ2h0PSIxIiB4bWxucz0iaHR0cDovL3d3dy53My5vcmcvMjAwMC9zdmciPjwvc3ZnPg==\" style=\"--smush-placeholder-width: 620px; --smush-placeholder-aspect-ratio: 620\/817;\" \/><br \/>\n<img decoding=\"async\" data-src=\"\/fr\/wp-content\/uploads\/2025\/06\/293_1160_calibre_diver_cartier.jpg\" alt=\"\" class=\"wp-image lazyload\" src=\"data:image\/svg+xml;base64,PHN2ZyB3aWR0aD0iMSIgaGVpZ2h0PSIxIiB4bWxucz0iaHR0cDovL3d3dy53My5vcmcvMjAwMC9zdmciPjwvc3ZnPg==\" style=\"--smush-placeholder-width: 620px; --smush-placeholder-aspect-ratio: 620\/578;\" \/><\/p>\n","protected":false},"excerpt":{"rendered":"<p>Cartier vient de d\u00e9voiler, hier soir, les quatre grandes cr\u00e9ations qui seront pr\u00e9sent\u00e9es dans quelques jours au SIHH 2014. L\u2019enjeu<\/p>\n","protected":false},"author":1,"featured_media":9037,"comment_status":"open","ping_status":"open","sticky":false,"template":"","format":"standard","meta":{"_acf_changed":false,"footnotes":""},"categories":[712],"tags":[702],"class_list":["post-9036","post","type-post","status-publish","format-standard","has-post-thumbnail","hentry","category-cartier","tag-coup-de-coeur"],"acf":[],"_links":{"self":[{"href":"https:\/\/leguidedesmontres.com\/fr\/wp-json\/wp\/v2\/posts\/9036","targetHints":{"allow":["GET"]}}],"collection":[{"href":"https:\/\/leguidedesmontres.com\/fr\/wp-json\/wp\/v2\/posts"}],"about":[{"href":"https:\/\/leguidedesmontres.com\/fr\/wp-json\/wp\/v2\/types\/post"}],"author":[{"embeddable":true,"href":"https:\/\/leguidedesmontres.com\/fr\/wp-json\/wp\/v2\/users\/1"}],"replies":[{"embeddable":true,"href":"https:\/\/leguidedesmontres.com\/fr\/wp-json\/wp\/v2\/comments?post=9036"}],"version-history":[{"count":0,"href":"https:\/\/leguidedesmontres.com\/fr\/wp-json\/wp\/v2\/posts\/9036\/revisions"}],"wp:featuredmedia":[{"embeddable":true,"href":"https:\/\/leguidedesmontres.com\/fr\/wp-json\/wp\/v2\/media\/9037"}],"wp:attachment":[{"href":"https:\/\/leguidedesmontres.com\/fr\/wp-json\/wp\/v2\/media?parent=9036"}],"wp:term":[{"taxonomy":"category","embeddable":true,"href":"https:\/\/leguidedesmontres.com\/fr\/wp-json\/wp\/v2\/categories?post=9036"},{"taxonomy":"post_tag","embeddable":true,"href":"https:\/\/leguidedesmontres.com\/fr\/wp-json\/wp\/v2\/tags?post=9036"}],"curies":[{"name":"wp","href":"https:\/\/api.w.org\/{rel}","templated":true}]}}