{"id":9050,"date":"2013-12-04T20:03:23","date_gmt":"2013-12-04T18:03:23","guid":{"rendered":"https:\/\/leguidedesmontres.com\/fr\/actualites\/besancon-decolle\/"},"modified":"2013-12-04T20:03:23","modified_gmt":"2013-12-04T18:03:23","slug":"besancon-decolle","status":"publish","type":"post","link":"https:\/\/leguidedesmontres.com\/fr\/actualites\/besancon-decolle\/","title":{"rendered":"Besan\u00e7on d\u00e9colle"},"content":{"rendered":"<p><img decoding=\"async\" data-src=\"\/fr\/wp-content\/uploads\/2025\/06\/286_observatoire_de_besancon.jpg\" alt=\"Besan\u00e7on d\u00e9colle\" class=\"wp-image featured-image lazyload\" src=\"data:image\/svg+xml;base64,PHN2ZyB3aWR0aD0iMSIgaGVpZ2h0PSIxIiB4bWxucz0iaHR0cDovL3d3dy53My5vcmcvMjAwMC9zdmciPjwvc3ZnPg==\" style=\"--smush-placeholder-width: 620px; --smush-placeholder-aspect-ratio: 620\/433;\" \/><\/p>\n<p><span>Ceux qui ne l\u2019ont pas encore remarqu\u00e9 feraient bien de s\u2019y pencher un peu : le <strong>d\u00e9collage de l\u2019horlogerie fran\u00e7aise<\/strong> est aujourd\u2019hui une r\u00e9alit\u00e9 av\u00e9r\u00e9e. Il se passe en <strong>Franche-Comt\u00e9<\/strong>, du c\u00f4t\u00e9 de <strong>Besan\u00e7on<\/strong>.<\/span><\/p>\n<p><span> <\/span><\/p>\n<\/p>\n<p><strong><span><a target=\"_blank\" href=\"https:\/\/leguidedesmontres.com\/fr\/prix-du-neuf\/pequignet\">Pequignet<\/a><\/span><\/strong><span> y est repris en de bonnes mains et s\u2019offre un nouvel avenir. <strong><a target=\"_blank\" href=\"https:\/\/leguidedesmontres.com\/fr\/prix-du-neuf\/breitling\">Breitling<\/a><\/strong> y installe un <strong><a target=\"_blank\" href=\"https:\/\/leguidedesmontres.com\/fr\/actualites\/267\/breitling-france-le-nouveau-sav\">SAV europ\u00e9en<\/a><\/strong>. <strong><a target=\"_blank\" href=\"https:\/\/leguidedesmontres.com\/fr\/prix-du-neuf\/cartier\">Cartier<\/a><\/strong> y prend ses quartiers. <strong><a target=\"_blank\" href=\"https:\/\/leguidedesmontres.com\/fr\/prix-du-neuf\/hermes\">Herm\u00e8s<\/a><\/strong> y ouvre deux nouveaux ateliers. <strong>L\u2019\u00e9cole d\u2019horlogerie de Morteau<\/strong> compte 15 places pour quatre fois plus de dossiers d\u00e9pos\u00e9s. <strong>Michel Herbelin<\/strong> d\u00e9passe les <strong>15 millions d\u2019euros de CA<\/strong>. <strong>ETA<\/strong> y emploie <strong>250 personnes<\/strong> depuis 2011. Le tissu industriel et micro-technique sert toute <strong>l\u2019industrie suisse<\/strong>. La <strong>couronne<\/strong> de la montre suisse que vous portez au poignet en lisant ces lignes a d\u2019ailleurs plus de <strong>94% de chances<\/strong> de venir d\u2019une entreprise de Franche-Comt\u00e9. Et ce n\u2019est qu\u2019un d\u00e9but.<\/span><\/p>\n<p><span> <\/span><\/p>\n<\/p>\n<p><b><span>Un Concours hors norme<\/span><\/b><\/p>\n<p><b><\/b><\/p>\n<p><b><\/b><\/p>\n<p><span>Le 24 octobre, la c\u00e9r\u00e9monie du <strong>Concours de Chronom\u00e9trie<\/strong> ne s\u2019est pas tenue dans le <strong>canton de Neuch\u00e2tel<\/strong>, comme d\u2019habitude. Elle eut lieu au <strong>Mus\u00e9e du Temps<\/strong>&#8230;de <strong>Besan\u00e7on<\/strong>. Et qui ce Concours a-t-il r\u00e9compens\u00e9 comme <strong>montre la plus pr\u00e9cise<\/strong> dans la cat\u00e9gorie reine, \u2018<strong>Tourbillons<\/strong>\u2019 ? Une marque de Franche-Comt\u00e9 : <strong>Leroy<\/strong>, laquelle a ainsi coiff\u00e9 au poteau 15 autres pr\u00e9tendantes, dont <strong>14 marques suisses<\/strong> ! Une prouesse hors norme d\u00fbment certifi\u00e9e par le <strong>COSC<\/strong> accompagn\u00e9 de&#8230;l\u2019<strong>Observatoire de Besan\u00e7on<\/strong>. Ce m\u00eame <strong>Observatoire<\/strong> dans lequel se font certifier une autre maison du terroir : <strong>Dodane 1857<\/strong>.<\/span><\/p>\n<p><span> <\/span><\/p>\n<\/p>\n<p><span>Pr\u00e8s de 40 ans apr\u00e8s la fracture <strong>Lip<\/strong>, on pourrait penser : il \u00e9tait temps que <strong>Besan\u00e7on<\/strong> et ses environs se r\u00e9veillent. Certes, ce red\u00e9marrage a pris son temps, mais il s\u2019av\u00e8re aujourd\u2019hui infiniment plus solide que ses \u00e9quivalents anglais ou m\u00eame allemands.<\/span><\/p>\n<p><span> <\/span><\/p>\n<\/p>\n<p><b><span>Ni anglaise, ni allemande : franc-comtoise !<\/span><\/b><\/p>\n<p><b><\/b><\/p>\n<p><b><\/b><\/p>\n<p><span>Dans le premier cas, par exemple, on assiste \u00e0 une multiplication de marques volontiers dynamiques mais essentiellement \u2018<strong>lifestyle<\/strong>\u2019, sans aucune assise \u00e9conomique ou industrielle : <strong>Bremont<\/strong>, <strong>Meridian<\/strong>, <strong>Schofield<\/strong>, <strong>Pinion<\/strong>, entre autres. Peut-\u00eatre de beaux succ\u00e8s commerciaux \u00e0 terme mais certainement pas de quoi relancer une industrie, une r\u00e9gion, encore moins des m\u00e9tiers.<\/span><\/p>\n<p><span> <\/span><\/p>\n<\/p>\n<p><span>En Allemagne, le cas de la si petite ville de <strong>Glash\u00fctte<\/strong> laisse r\u00eaveur. Son aura est inversement proportionnelle \u00e0 ses quelques milliers d\u2019habitants. Joli coup, bel exemple de r\u00e9industrialisation d\u2019une r\u00e9gion sinistr\u00e9e. Sans aucun doute. Mais sous totale perfusion du <strong>Swatch Group<\/strong> dans le bras gauche, et de <strong>Richemont<\/strong> dans le bras droit. <strong>Efficace, mais fragile<\/strong>.<\/span><\/p>\n<p><span> <\/span><\/p>\n<\/p>\n<p><span>En Franche-Comt\u00e9, le <strong>r<\/strong><strong>ed\u00e9ploiement de l\u2019horlogerie<\/strong> est plus progressif mais ses fondamentaux plus solides. Il repose sur des capacit\u00e9s industrielles, un <strong>tissu \u00e9conomique \u00e9tendu<\/strong> sur un arc de Jura complet, sur non pas une comp\u00e9tition avec la Suisse mais une coop\u00e9ration : le mouvement pendulaire des frontaliers l\u2019illustre tous les jours.<\/span><\/p>\n<p><span> <\/span><\/p>\n<\/p>\n<p><span>Et demain ? Cette envol\u00e9e n\u2019est qu\u2019un d\u00e9but. Seul le politique pourra \u00e9ventuellement la ralentir car la Franche Comt\u00e9 doit encore et toujours offrir des incitations \u00e0 l\u2019emploi, \u00e0 l\u2019implantation de site, \u00e0 la formation. C\u2019est-\u00e0-dire \u00e0 des cr\u00e9dits d\u2019imp\u00f4ts ou de charges ou, plus prosa\u00efquement, \u00e0 un interventionnisme r\u00e9duit, laissant la part belle \u00e0 l\u2019entreprenariat local, lequel aligne d\u00e9j\u00e0 les succ\u00e8s. A suivre aux prochaines \u00e9lections&#8230;<\/span><\/p>\n<\/p>\n<p><span><\/span><\/p>\n<\/p>\n<p><span>Olivier M\u00fcller<\/span><\/p>\n<\/p>\n<p><span><\/span><\/p>\n<\/p>\n<p><i><span>Visuels \u00a9 David Carteron \u2013 Delos Communications, J-C Sexe \u2013 Ville de Besan\u00e7on, Dodane 1857, Ateliers Leroy<\/span><\/i><\/p>\n<\/p>\n<p><i><span><\/span><\/i><\/p>\n<p><i><\/i><\/p>\n<p><i><\/i><br \/>\n<img decoding=\"async\" data-src=\"\/fr\/wp-content\/uploads\/2025\/06\/286_1116_besancon_vue_aerienne.jpg\" alt=\"\" class=\"wp-image lazyload\" src=\"data:image\/svg+xml;base64,PHN2ZyB3aWR0aD0iMSIgaGVpZ2h0PSIxIiB4bWxucz0iaHR0cDovL3d3dy53My5vcmcvMjAwMC9zdmciPjwvc3ZnPg==\" style=\"--smush-placeholder-width: 620px; --smush-placeholder-aspect-ratio: 620\/465;\" \/><br \/>\n<img decoding=\"async\" data-src=\"\/fr\/wp-content\/uploads\/2025\/06\/286_1117_leroy_regulateur_tourbillon_squelette_or_gris.jpg\" alt=\"\" class=\"wp-image lazyload\" src=\"data:image\/svg+xml;base64,PHN2ZyB3aWR0aD0iMSIgaGVpZ2h0PSIxIiB4bWxucz0iaHR0cDovL3d3dy53My5vcmcvMjAwMC9zdmciPjwvc3ZnPg==\" style=\"--smush-placeholder-width: 620px; --smush-placeholder-aspect-ratio: 620\/722;\" \/><br \/>\n<img decoding=\"async\" data-src=\"\/fr\/wp-content\/uploads\/2025\/06\/286_1118_dodane_1857_type_21.jpg\" alt=\"\" class=\"wp-image lazyload\" src=\"data:image\/svg+xml;base64,PHN2ZyB3aWR0aD0iMSIgaGVpZ2h0PSIxIiB4bWxucz0iaHR0cDovL3d3dy53My5vcmcvMjAwMC9zdmciPjwvc3ZnPg==\" style=\"--smush-placeholder-width: 620px; --smush-placeholder-aspect-ratio: 620\/429;\" \/><\/p>\n","protected":false},"excerpt":{"rendered":"<p>Ceux qui ne l\u2019ont pas encore remarqu\u00e9 feraient bien de s\u2019y pencher un peu : le d\u00e9collage de l\u2019horlogerie fran\u00e7aise<\/p>\n","protected":false},"author":1,"featured_media":9051,"comment_status":"open","ping_status":"open","sticky":false,"template":"","format":"standard","meta":{"_acf_changed":false,"footnotes":""},"categories":[705],"tags":[704],"class_list":["post-9050","post","type-post","status-publish","format-standard","has-post-thumbnail","hentry","category-autre","tag-a-voir"],"acf":[],"_links":{"self":[{"href":"https:\/\/leguidedesmontres.com\/fr\/wp-json\/wp\/v2\/posts\/9050","targetHints":{"allow":["GET"]}}],"collection":[{"href":"https:\/\/leguidedesmontres.com\/fr\/wp-json\/wp\/v2\/posts"}],"about":[{"href":"https:\/\/leguidedesmontres.com\/fr\/wp-json\/wp\/v2\/types\/post"}],"author":[{"embeddable":true,"href":"https:\/\/leguidedesmontres.com\/fr\/wp-json\/wp\/v2\/users\/1"}],"replies":[{"embeddable":true,"href":"https:\/\/leguidedesmontres.com\/fr\/wp-json\/wp\/v2\/comments?post=9050"}],"version-history":[{"count":0,"href":"https:\/\/leguidedesmontres.com\/fr\/wp-json\/wp\/v2\/posts\/9050\/revisions"}],"wp:featuredmedia":[{"embeddable":true,"href":"https:\/\/leguidedesmontres.com\/fr\/wp-json\/wp\/v2\/media\/9051"}],"wp:attachment":[{"href":"https:\/\/leguidedesmontres.com\/fr\/wp-json\/wp\/v2\/media?parent=9050"}],"wp:term":[{"taxonomy":"category","embeddable":true,"href":"https:\/\/leguidedesmontres.com\/fr\/wp-json\/wp\/v2\/categories?post=9050"},{"taxonomy":"post_tag","embeddable":true,"href":"https:\/\/leguidedesmontres.com\/fr\/wp-json\/wp\/v2\/tags?post=9050"}],"curies":[{"name":"wp","href":"https:\/\/api.w.org\/{rel}","templated":true}]}}