{"id":9082,"date":"2013-11-05T15:01:32","date_gmt":"2013-11-05T13:01:32","guid":{"rendered":"https:\/\/leguidedesmontres.com\/fr\/actualites\/la-saison-des-salons-est-ouverte\/"},"modified":"2013-11-05T15:01:32","modified_gmt":"2013-11-05T13:01:32","slug":"la-saison-des-salons-est-ouverte","status":"publish","type":"post","link":"https:\/\/leguidedesmontres.com\/fr\/actualites\/la-saison-des-salons-est-ouverte\/","title":{"rendered":"La saison des salons est ouverte !"},"content":{"rendered":"<p><img decoding=\"async\" data-src=\"\/fr\/wp-content\/uploads\/2025\/06\/266_salon_les_montres_2013.jpg\" alt=\"La saison des salons est ouverte !\" class=\"wp-image featured-image lazyload\" src=\"data:image\/svg+xml;base64,PHN2ZyB3aWR0aD0iMSIgaGVpZ2h0PSIxIiB4bWxucz0iaHR0cDovL3d3dy53My5vcmcvMjAwMC9zdmciPjwvc3ZnPg==\" style=\"--smush-placeholder-width: 620px; --smush-placeholder-aspect-ratio: 620\/493;\" \/><\/p>\n<p><b><span>La saison des salons fran\u00e7ais est officiellement ouverte !<\/span><\/b><\/p>\n<\/p>\n<p><span>Le premier d\u2019entre eux, par son importance (<strong>15 500 visiteurs l\u2019ann\u00e9e derni\u00e8re<\/strong>), est <strong><a target=\"_blank\" href=\"https:\/\/leguidedesmontres.com\/fr\/actualites\/97\/belles-montres-ronronne\">Belles Montres<\/a><\/strong>, qui se d\u00e9roulera du <strong>29 novembre au 1<sup>er<\/sup> d\u00e9cembre<\/strong> au <strong>Carrousel du Louvre<\/strong>, \u00e0 Paris. Pour <strong>12 euros<\/strong> par entr\u00e9e (<strong>de 10h \u00e0 19h<\/strong>), il sera possible de voir les montres de plus d\u2019une quarantaine de marque avec, dans bien des cas, directement leurs <strong>concepteurs pour les pr\u00e9senter<\/strong>. <\/span><\/p>\n<\/p>\n<p><strong><span>Belles Montres<\/span><\/strong><span> affichent toujours ses deux principales caract\u00e9ristiques : d\u2019abord, une sc\u00e9nographie sobre, o\u00f9 toutes les marques sont log\u00e9es de mani\u00e8re presque similaire, aussi bien en termes de surface au sol que de d\u00e9coration. <strong>Objectif<\/strong> : mettre tout le monde \u00e0 la m\u00eame enseigne afin que les marques les plus puissantes, de grands groupes, ne prennent l\u2019ascendant visuel sur les petits ind\u00e9pendants \u00e0 leurs c\u00f4t\u00e9s. Ensuite, un salon o\u00f9 la vente est impossible, de mani\u00e8re \u00e0 \u00e9viter toute pression d\u2019achat lors de la visite et pouvoir effectuer sereinement sa d\u00e9couverte des marques. <\/span><\/p>\n<\/p>\n<p><b><span>2003-2013 : 10 ans de Montres<\/span><\/b><\/p>\n<\/p>\n<p><span>Le salon de la <strong>boutique Les Montres<\/strong> pr\u00e9sentera sa <strong>dixi\u00e8me \u00e9dition<\/strong>, <strong> 7, 8 et 9  novembre<\/strong>, <strong>4 place Saint-Germain-des-Pr\u00e8s<\/strong> \u00e0 Paris. Le cadre sera plus <strong>intime<\/strong>, avec seulement <strong>16 marques<\/strong> pr\u00e9sent\u00e9es. On y trouvera toutefois des outsiders int\u00e9ressants, comme <strong>Utinam<\/strong> ou <strong>Barracco<\/strong>. A noter, la pr\u00e9sence d&rsquo;<strong><a target=\"_blank\" href=\"http:\/\/www.objectifhorlogerie.fr\/\" rel=\"noopener noreferrer nofollow\">Objectif Horlogerie<\/a> <\/strong>qui donnera gracieusement des <strong>c<\/strong><strong>ours d&rsquo;horlogerie<\/strong> sur inscription.<\/span><\/p>\n<\/p>\n<p><span>Pour les grands voyageurs, le tr\u00e8s classieux <strong><a target=\"_blank\" href=\"http:\/\/www.salonqp.com\/\" rel=\"noopener noreferrer nofollow\">Salon QP<\/a><\/strong> de <strong>Londres<\/strong> se tiendra en m\u00eame temps et qui ouvrira ses portes le <strong>7 novembre<\/strong> \u00e0 nouveau \u00e0 la <strong>Saatchi Gallery<\/strong>. Billets en pr\u00e9vente uniquement&#8230;et d\u00e9j\u00e0 largement \u00e9puis\u00e9s. Pour <strong>amateurs avertis<\/strong> et <strong>fortun\u00e9s<\/strong>, avec pr\u00e8s de <strong>70 marques<\/strong> repr\u00e9sent\u00e9s !<\/span><\/p>\n<\/p>\n<p><b><span>ROCollection<\/span><\/b><\/p>\n<\/p>\n<p><span>Enfin, on retiendra la petite manifestation <strong><a target=\"_blank\" href=\"http:\/\/www.rocollection.fr\/\" rel=\"noopener noreferrer nofollow\">ROCollection<\/a><\/strong>, qui ouvrira le bal d\u00e8s le <strong>24 novembre<\/strong>, au <strong>1 place Saint-Gervais<\/strong> \u00e0 Paris. Il ne s\u2019agit pas \u00e0 proprement parler d\u2019un salon institutionnel mais d\u2019un rassemblement de vendeurs de <strong>pi\u00e8ces de collection<\/strong>, <strong>montres<\/strong>, mais aussi <strong>stylos<\/strong> ou <strong>couteaux<\/strong>. Un \u00e9v\u00e9nement <strong>atypique<\/strong>, <strong>inattendu<\/strong>, qui tient fi\u00e8rement sa <strong>4<sup>\u00e8me<\/sup> bougie<\/strong>. <\/span><\/p>\n<\/p>\n<p><span>Olivier M\u00fcller<\/span><\/p>\n<\/p>\n<p><img decoding=\"async\" data-src=\"\/fr\/wp-content\/uploads\/2025\/06\/266_1004_saatchi_gallery_londres.jpg\" alt=\"\" class=\"wp-image lazyload\" src=\"data:image\/svg+xml;base64,PHN2ZyB3aWR0aD0iMSIgaGVpZ2h0PSIxIiB4bWxucz0iaHR0cDovL3d3dy53My5vcmcvMjAwMC9zdmciPjwvc3ZnPg==\" style=\"--smush-placeholder-width: 620px; --smush-placeholder-aspect-ratio: 620\/435;\" \/><br \/>\n<img decoding=\"async\" data-src=\"\/fr\/wp-content\/uploads\/2025\/06\/266_1005_salon_qp_london.jpg\" alt=\"\" class=\"wp-image lazyload\" src=\"data:image\/svg+xml;base64,PHN2ZyB3aWR0aD0iMSIgaGVpZ2h0PSIxIiB4bWxucz0iaHR0cDovL3d3dy53My5vcmcvMjAwMC9zdmciPjwvc3ZnPg==\" style=\"--smush-placeholder-width: 620px; --smush-placeholder-aspect-ratio: 620\/470;\" \/><br \/>\n<img decoding=\"async\" data-src=\"\/fr\/wp-content\/uploads\/2025\/06\/266_1006_les_montres_salon_2013.jpg\" alt=\"\" class=\"wp-image lazyload\" src=\"data:image\/svg+xml;base64,PHN2ZyB3aWR0aD0iMSIgaGVpZ2h0PSIxIiB4bWxucz0iaHR0cDovL3d3dy53My5vcmcvMjAwMC9zdmciPjwvc3ZnPg==\" style=\"--smush-placeholder-width: 620px; --smush-placeholder-aspect-ratio: 620\/413;\" \/><\/p>\n","protected":false},"excerpt":{"rendered":"<p>La saison des salons fran\u00e7ais est officiellement ouverte ! Le premier d\u2019entre eux, par son importance (15 500 visiteurs l\u2019ann\u00e9e<\/p>\n","protected":false},"author":1,"featured_media":9083,"comment_status":"open","ping_status":"open","sticky":false,"template":"","format":"standard","meta":{"_acf_changed":false,"footnotes":""},"categories":[705],"tags":[704],"class_list":["post-9082","post","type-post","status-publish","format-standard","has-post-thumbnail","hentry","category-autre","tag-a-voir"],"acf":[],"_links":{"self":[{"href":"https:\/\/leguidedesmontres.com\/fr\/wp-json\/wp\/v2\/posts\/9082","targetHints":{"allow":["GET"]}}],"collection":[{"href":"https:\/\/leguidedesmontres.com\/fr\/wp-json\/wp\/v2\/posts"}],"about":[{"href":"https:\/\/leguidedesmontres.com\/fr\/wp-json\/wp\/v2\/types\/post"}],"author":[{"embeddable":true,"href":"https:\/\/leguidedesmontres.com\/fr\/wp-json\/wp\/v2\/users\/1"}],"replies":[{"embeddable":true,"href":"https:\/\/leguidedesmontres.com\/fr\/wp-json\/wp\/v2\/comments?post=9082"}],"version-history":[{"count":0,"href":"https:\/\/leguidedesmontres.com\/fr\/wp-json\/wp\/v2\/posts\/9082\/revisions"}],"wp:featuredmedia":[{"embeddable":true,"href":"https:\/\/leguidedesmontres.com\/fr\/wp-json\/wp\/v2\/media\/9083"}],"wp:attachment":[{"href":"https:\/\/leguidedesmontres.com\/fr\/wp-json\/wp\/v2\/media?parent=9082"}],"wp:term":[{"taxonomy":"category","embeddable":true,"href":"https:\/\/leguidedesmontres.com\/fr\/wp-json\/wp\/v2\/categories?post=9082"},{"taxonomy":"post_tag","embeddable":true,"href":"https:\/\/leguidedesmontres.com\/fr\/wp-json\/wp\/v2\/tags?post=9082"}],"curies":[{"name":"wp","href":"https:\/\/api.w.org\/{rel}","templated":true}]}}