{"id":9090,"date":"2013-10-29T18:29:33","date_gmt":"2013-10-29T16:29:33","guid":{"rendered":"https:\/\/leguidedesmontres.com\/fr\/actualites\/f-p-journe-30-ans-plus-tard\/"},"modified":"2013-10-29T18:29:33","modified_gmt":"2013-10-29T16:29:33","slug":"f-p-journe-30-ans-plus-tard","status":"publish","type":"post","link":"https:\/\/leguidedesmontres.com\/fr\/actualites\/f-p-journe-30-ans-plus-tard\/","title":{"rendered":"F.P. Journe, 30 ans plus tard"},"content":{"rendered":"<p><img decoding=\"async\" data-src=\"\/fr\/wp-content\/uploads\/2025\/06\/262_fp_journe_tourbillon_historique.jpg\" alt=\"F.P. Journe, 30 ans plus tard\" class=\"wp-image featured-image lazyload\" src=\"data:image\/svg+xml;base64,PHN2ZyB3aWR0aD0iMSIgaGVpZ2h0PSIxIiB4bWxucz0iaHR0cDovL3d3dy53My5vcmcvMjAwMC9zdmciPjwvc3ZnPg==\" style=\"--smush-placeholder-width: 620px; --smush-placeholder-aspect-ratio: 620\/624;\" \/><\/p>\n<p><span>En 1983, <strong>Fran\u00e7ois-Paul Journe<\/strong> r\u00e9alise sa <strong>premi\u00e8re montre de poche<\/strong> \u00e0 <strong>tourbillon<\/strong>. En 2013, il s\u2019appr\u00eate \u00e0 en f\u00eater les <strong>30 ans<\/strong> avec une <strong>\u00e9dition limit\u00e9e<\/strong> de <strong>99 exemplaires<\/strong> d\u2019une pi\u00e8ce devenue, entre temps, une montre bracelet. <\/span><\/p>\n<\/p>\n<p><span>Cette r\u00e9alisation est fid\u00e8le en de nombreux points \u00e0 l\u2019originale. Elle utilise par exemple les m\u00eames mat\u00e9riaux qu\u2019il y a 30 ans. On trouve ainsi un <strong>bo\u00eetier en argent<\/strong> avec <strong>carrure guilloch\u00e9e<\/strong>, rehauss\u00e9 par deux lunettes en <strong>or rose 4N<\/strong>. La manufacture pr\u00e9f\u00e9rant depuis longtemps le tout or, cette pi\u00e8ce en <strong>argent<\/strong> sort donc particuli\u00e8rement de l\u2019univers Journe actuel. <\/span><\/p>\n<\/p>\n<p><span>Autre particularit\u00e9, la mention de cadran, qui a \u00e9t\u00e9 adapt\u00e9e : \u00ab <strong>F.P. Journe \u2013 A Paris<\/strong> \u00bb a \u00e9t\u00e9 remplac\u00e9e par \u00ab <strong>F.P. Journe  &#8211; Invenit et Fecit<\/strong> \u00bb, devenue entre temps la <strong>devise de la manufacture<\/strong>. <\/span><\/p>\n<\/p>\n<p><span>Le fond saphir de la pi\u00e8ce 2013 se cache derri\u00e8re une construction de type <strong>Officier<\/strong>, c\u2019est-\u00e0-dire un <strong>cache venant se rabattre sur le fond saphir<\/strong> par l\u2019entremise d\u2019une charni\u00e8re. Il sera ici tr\u00e8s int\u00e9ressant de voir le syst\u00e8me de charni\u00e8re imagin\u00e9 par <strong><a target=\"_blank\" href=\"https:\/\/leguidedesmontres.com\/fr\/actualites\/195\/fp-journe-linterview-dans-lintimite-du-nouveau-qp\">F.P. Journe<\/a><\/strong>, ce proc\u00e9d\u00e9 ayant depuis fait de grandes avanc\u00e9es de la part de <strong><a target=\"_blank\" href=\"https:\/\/leguidedesmontres.com\/fr\/prix-du-neuf\/patek-philippe\">Patek Philippe<\/a><\/strong> sur ses <strong>Calatrava 5227<\/strong> telles que pr\u00e9sent\u00e9es \u00e0 <strong><a target=\"_blank\" href=\"https:\/\/leguidedesmontres.com\/fr\/actualites\/175\/patek-philippe-subtil-baselworld\">Baselworld 2013<\/a><\/strong>. <\/span><\/p>\n<\/p>\n<p><span>Ce fond, une fois ouvert, permet d\u2019admirer le <strong>mouvement \u00e0 tourbillon<\/strong> en <strong>laiton dor\u00e9<\/strong>, identique \u00e0 celui de 1983. Deux barillets mont\u00e9s en parall\u00e8le distribuent l\u2019\u00e9nergie \u00e0 un rouage, dispos\u00e9 dans l\u2019axe de la montre, qui anime le <strong>tourbillon<\/strong> faisant sa r\u00e9volution en <strong>une minute<\/strong>. L\u2019\u00e9chappement \u00e0 ancre lat\u00e9rale, plus compatible pour une montre bracelet, vient se substituer \u00e0 l\u2019\u00e9chappement \u00e0 d\u00e9tente de l\u2019originale. Le remontage et la mise \u00e0 l\u2019heure \u00e0 cl\u00e9 se font d\u00e9sormais par la couronne \u00e0 3 heures. Les heures sont indiqu\u00e9es par des <strong>aiguilles de type Breguet<\/strong>, identiques \u00e0 l\u2019originale, en acier tremp\u00e9 et bleui.<\/span><\/p>\n<\/p>\n<p><span>Cette <strong>\u00e9dition limit\u00e9e<\/strong> a \u00e9t\u00e9 pr\u00e9sent\u00e9e en octobre \u00e0 Tokyo, \u00e0 l\u2019occasion des <strong>10 ans de la premi\u00e8re Boutique F.P. Journe<\/strong>. Elle sera \u00e0 Paris dans quelques jours. L\u2019occasion d\u2019en savoir plus&#8230;<\/span><\/p>\n<\/p>\n<p><span><\/span><\/p>\n<\/p>\n<p><span><\/span><\/p>\n<\/p>\n<p><span>Olivier M\u00fcller<\/span><\/p>\n<\/p>\n<p><span><\/span><\/p>\n<\/p>\n<p><i><span>Visuels \u00a9 F.P. Journe<\/span><\/i><\/p>\n<p><i><\/i><\/p>\n<p><i><\/i><br \/>\n<img decoding=\"async\" data-src=\"\/fr\/wp-content\/uploads\/2025\/06\/262_988_journe_t30_tourbillon_anniversary_2013.jpg\" alt=\"\" class=\"wp-image lazyload\" src=\"data:image\/svg+xml;base64,PHN2ZyB3aWR0aD0iMSIgaGVpZ2h0PSIxIiB4bWxucz0iaHR0cDovL3d3dy53My5vcmcvMjAwMC9zdmciPjwvc3ZnPg==\" style=\"--smush-placeholder-width: 620px; --smush-placeholder-aspect-ratio: 620\/502;\" \/><br \/>\n<img decoding=\"async\" data-src=\"\/fr\/wp-content\/uploads\/2025\/06\/262_989_fp_journe_jeune.jpg\" alt=\"\" class=\"wp-image lazyload\" src=\"data:image\/svg+xml;base64,PHN2ZyB3aWR0aD0iMSIgaGVpZ2h0PSIxIiB4bWxucz0iaHR0cDovL3d3dy53My5vcmcvMjAwMC9zdmciPjwvc3ZnPg==\" style=\"--smush-placeholder-width: 620px; --smush-placeholder-aspect-ratio: 620\/920;\" \/><br \/>\n<img decoding=\"async\" data-src=\"\/fr\/wp-content\/uploads\/2025\/06\/262_990_fp_journe_t30_anniversaire_tourbillon.jpg\" alt=\"\" class=\"wp-image lazyload\" src=\"data:image\/svg+xml;base64,PHN2ZyB3aWR0aD0iMSIgaGVpZ2h0PSIxIiB4bWxucz0iaHR0cDovL3d3dy53My5vcmcvMjAwMC9zdmciPjwvc3ZnPg==\" style=\"--smush-placeholder-width: 620px; --smush-placeholder-aspect-ratio: 620\/787;\" \/><\/p>\n","protected":false},"excerpt":{"rendered":"<p>En 1983, Fran\u00e7ois-Paul Journe r\u00e9alise sa premi\u00e8re montre de poche \u00e0 tourbillon. En 2013, il s\u2019appr\u00eate \u00e0 en f\u00eater les<\/p>\n","protected":false},"author":1,"featured_media":9091,"comment_status":"open","ping_status":"open","sticky":false,"template":"","format":"standard","meta":{"_acf_changed":false,"footnotes":""},"categories":[738],"tags":[706],"class_list":["post-9090","post","type-post","status-publish","format-standard","has-post-thumbnail","hentry","category-f-p-journe","tag-au-fil-de-lactualite"],"acf":[],"_links":{"self":[{"href":"https:\/\/leguidedesmontres.com\/fr\/wp-json\/wp\/v2\/posts\/9090","targetHints":{"allow":["GET"]}}],"collection":[{"href":"https:\/\/leguidedesmontres.com\/fr\/wp-json\/wp\/v2\/posts"}],"about":[{"href":"https:\/\/leguidedesmontres.com\/fr\/wp-json\/wp\/v2\/types\/post"}],"author":[{"embeddable":true,"href":"https:\/\/leguidedesmontres.com\/fr\/wp-json\/wp\/v2\/users\/1"}],"replies":[{"embeddable":true,"href":"https:\/\/leguidedesmontres.com\/fr\/wp-json\/wp\/v2\/comments?post=9090"}],"version-history":[{"count":0,"href":"https:\/\/leguidedesmontres.com\/fr\/wp-json\/wp\/v2\/posts\/9090\/revisions"}],"wp:featuredmedia":[{"embeddable":true,"href":"https:\/\/leguidedesmontres.com\/fr\/wp-json\/wp\/v2\/media\/9091"}],"wp:attachment":[{"href":"https:\/\/leguidedesmontres.com\/fr\/wp-json\/wp\/v2\/media?parent=9090"}],"wp:term":[{"taxonomy":"category","embeddable":true,"href":"https:\/\/leguidedesmontres.com\/fr\/wp-json\/wp\/v2\/categories?post=9090"},{"taxonomy":"post_tag","embeddable":true,"href":"https:\/\/leguidedesmontres.com\/fr\/wp-json\/wp\/v2\/tags?post=9090"}],"curies":[{"name":"wp","href":"https:\/\/api.w.org\/{rel}","templated":true}]}}