{"id":9092,"date":"2013-10-28T20:24:20","date_gmt":"2013-10-28T18:24:20","guid":{"rendered":"https:\/\/leguidedesmontres.com\/fr\/actualites\/suisse-smartwatches-le-rendez-vous-manque\/"},"modified":"2013-10-28T20:24:20","modified_gmt":"2013-10-28T18:24:20","slug":"suisse-smartwatches-le-rendez-vous-manque","status":"publish","type":"post","link":"https:\/\/leguidedesmontres.com\/fr\/actualites\/suisse-smartwatches-le-rendez-vous-manque\/","title":{"rendered":"Suisse, Smartwatches : le rendez-vous manqu\u00e9 ?"},"content":{"rendered":"<p><img decoding=\"async\" data-src=\"\/fr\/wp-content\/uploads\/2025\/06\/261_smartwatches_montres_electroniques.jpg\" alt=\"Suisse, Smartwatches : le rendez-vous manqu\u00e9 ?\" class=\"wp-image featured-image lazyload\" src=\"data:image\/svg+xml;base64,PHN2ZyB3aWR0aD0iMSIgaGVpZ2h0PSIxIiB4bWxucz0iaHR0cDovL3d3dy53My5vcmcvMjAwMC9zdmciPjwvc3ZnPg==\" style=\"--smush-placeholder-width: 620px; --smush-placeholder-aspect-ratio: 620\/377;\" \/><\/p>\n<p><strong><span>Ernst Thomke<\/span><\/strong><span> est un nom connu des seuls initi\u00e9s, mais son \u0153uvre a connu la post\u00e9rit\u00e9 : la <strong>Swatch<\/strong>, co-cr\u00e9\u00e9e avec <strong>Elmar Mocke<\/strong> et <strong>Jacques M\u00fcller<\/strong>. En plus de ses diff\u00e9rents postes cl\u00e9s au sein d\u2019<strong>ETA<\/strong>, <strong>Thomke<\/strong> est donc aujourd\u2019hui un r\u00e9f\u00e9rent horloger tel que le fut <strong>Nicolas Hayek<\/strong>. <\/span><\/p>\n<\/p>\n<p><span><\/span><\/p>\n<\/p>\n<p><span>Aussi, quand l\u2019homme s\u2019attaque \u00e0 l\u2019<strong>industrie horlog\u00e8re suisse<\/strong>, on lui pr\u00eate une oreille attentive. Et pourtant, ses derniers propos, parus dans le quotidien local \u2018<strong>Le Temps<\/strong>\u2019, ne sont pas tendres. Il estime que cette industrie, actuellement, \u00ab <strong><i>emprunte une mauvaise voie<\/i><\/strong><i> <\/i><span>\u00bb.<\/span><\/span><span> <\/span><span>En cause : <strong>le virage manqu\u00e9 des smartwatches<\/strong>, selon Thomke. <\/span><\/p>\n<\/p>\n<p><span>L\u2019analyse est juste : les <strong>smartwatches <\/strong>(voir le site<strong> <a target=\"_blank\" href=\"http:\/\/www.lamontrebleue.fr\/\" rel=\"noopener noreferrer nofollow\">La Montre Bleue<\/a><\/strong>, <strong>site de vente en ligne de Smartwatches<\/strong>)<strong> <\/strong>sont l\u2019apanage de la Cor\u00e9e du Sud ou du Japon \u2013 et sans g\u00e9n\u00e9raliser \u00e0 outrance, de l\u2019Asie. Est-ce pour autant une erreur suisse que de ne pas avoir emprunt\u00e9 cette voie ? <\/span><\/p>\n<\/p>\n<p><span><\/span><\/p>\n<\/p>\n<p><b><span>A l\u2019impossible nul n\u2019est tenu<\/span><\/b><\/p>\n<p><b><\/b><\/p>\n<p><b><\/b><\/p>\n<p><span>On peut opposer un point \u00e0 l\u2019analyse de M. Thomke : tout ce qui se porte au poignet n\u2019est pas une montre. Ma\u00eetriser une <strong>grande complication<\/strong>, ou m\u00eame tout simplement une <strong>Swatch<\/strong>, n\u2019est pas du m\u00eame ressort que la <strong>programmation logicielle<\/strong> et de la <strong>miniaturisation de composants \u00e9lectroniques<\/strong>. <\/span><\/p>\n<\/p>\n<p><span><\/span><\/p>\n<\/p>\n<p><span>Il y a encore 10 ans, lorsque la <strong>R&#038;D<\/strong> li\u00e9e au <strong>smartwatches<\/strong> se mettaient en place, la Suisse \u00e9tait un pays qui d\u00e9ployait encore les deux tiers de son PIB dans les services. Qui plus est, l\u2019enjeu national \u00e9tait encore en ce temps au d\u00e9veloppement de l\u2019<strong>horlogerie traditionnelle<\/strong>. Sans compter que la <strong>crise de 2007 \u2013 2008<\/strong> allait, plus que jamais, monopoliser les forces vives \u00e0 en redresser la barre. Les <strong>smartwatches<\/strong> n\u2019\u00e9taient pas n\u00e9cessairement en haut des priorit\u00e9s. <\/span><\/p>\n<\/p>\n<p><span><\/span><\/p>\n<\/p>\n<p><span>Par ailleurs, la Suisse ne compte pas de marque leader d\u2019\u00e9lectronique grand public portable, comme <strong>Apple<\/strong>, <strong>Samsung<\/strong>, <strong>LG<\/strong> et autres <strong>Asus<\/strong>. Cr\u00e9er une technologie est une chose, la faire endosser par une marque qui remporterait l\u2019adh\u00e9sion du public en est une autre. <\/span><\/p>\n<\/p>\n<p><span><\/span><\/p>\n<\/p>\n<p><span>A demi-mots, <strong>Ernst Thomke<\/strong> est-il donc en train de viser&#8230;son ex-employeur ? Le <strong>Swatch Group<\/strong>, dont il fut l\u2019un des artisans, aurait \u00e9t\u00e9 le seul \u00e0 pouvoir s\u2019emparer de l\u2019\u00e9lectronique horlog\u00e8re. Le groupe avait d\u00e9j\u00e0 la <strong>puissance financi\u00e8re requise<\/strong>. Il ma\u00eetrisait une partie de la cha\u00eene d\u2019approvisionnement de circuits \u00e9lectroniques, d\u00e9j\u00e0 utilis\u00e9s pour ses <strong>montres \u00e0 quartz<\/strong>. Il ne risquait aucun conflit d\u2019image \u00e0 se lancer dans cette bataille, contrairement \u00e0 <strong>Richemont<\/strong> ou <strong>LVMH<\/strong>. <\/span><\/p>\n<\/p>\n<p><span><\/span><\/p>\n<\/p>\n<p><span>Aujourd\u2019hui, il est trop tard pour la Suisse pour s\u2019engager dans le <strong>march\u00e9 des smartwatches<\/strong>. Ce n\u2019est pas pour autant une erreur. <strong>Hayek<\/strong> p\u00e8re avait choisi une autre voie : la <strong>d\u00e9mocratisation de la montre m\u00e9canique<\/strong>, bient\u00f4t incarn\u00e9e par la <strong>Swatch Sistem51<\/strong>. L\u2019avenir dira qui des deux aura vu juste&#8230;<\/span><\/p>\n<\/p>\n<p><span><\/span><\/p>\n<\/p>\n<p><span><\/span><\/p>\n<\/p>\n<p><span>Olivier M\u00fcller<\/span><\/p>\n<p><img decoding=\"async\" data-src=\"\/fr\/wp-content\/uploads\/2025\/06\/261_982_ernst_thomke.jpg\" alt=\"\" class=\"wp-image lazyload\" src=\"data:image\/svg+xml;base64,PHN2ZyB3aWR0aD0iMSIgaGVpZ2h0PSIxIiB4bWxucz0iaHR0cDovL3d3dy53My5vcmcvMjAwMC9zdmciPjwvc3ZnPg==\" style=\"--smush-placeholder-width: 620px; --smush-placeholder-aspect-ratio: 620\/294;\" \/><br \/>\n<img decoding=\"async\" data-src=\"\/fr\/wp-content\/uploads\/2025\/06\/261_983_ernst_thomke_swatch_group.jpg\" alt=\"\" class=\"wp-image lazyload\" src=\"data:image\/svg+xml;base64,PHN2ZyB3aWR0aD0iMSIgaGVpZ2h0PSIxIiB4bWxucz0iaHR0cDovL3d3dy53My5vcmcvMjAwMC9zdmciPjwvc3ZnPg==\" style=\"--smush-placeholder-width: 620px; --smush-placeholder-aspect-ratio: 620\/261;\" \/><br \/>\n<img decoding=\"async\" data-src=\"\/fr\/wp-content\/uploads\/2025\/06\/261_985_swatch_sistem_51.jpg\" alt=\"\" class=\"wp-image lazyload\" src=\"data:image\/svg+xml;base64,PHN2ZyB3aWR0aD0iMSIgaGVpZ2h0PSIxIiB4bWxucz0iaHR0cDovL3d3dy53My5vcmcvMjAwMC9zdmciPjwvc3ZnPg==\" style=\"--smush-placeholder-width: 620px; --smush-placeholder-aspect-ratio: 620\/601;\" \/><\/p>\n","protected":false},"excerpt":{"rendered":"<p>Ernst Thomke est un nom connu des seuls initi\u00e9s, mais son \u0153uvre a connu la post\u00e9rit\u00e9 : la Swatch, co-cr\u00e9\u00e9e<\/p>\n","protected":false},"author":1,"featured_media":9093,"comment_status":"open","ping_status":"open","sticky":false,"template":"","format":"standard","meta":{"_acf_changed":false,"footnotes":""},"categories":[705],"tags":[704],"class_list":["post-9092","post","type-post","status-publish","format-standard","has-post-thumbnail","hentry","category-autre","tag-a-voir"],"acf":[],"_links":{"self":[{"href":"https:\/\/leguidedesmontres.com\/fr\/wp-json\/wp\/v2\/posts\/9092","targetHints":{"allow":["GET"]}}],"collection":[{"href":"https:\/\/leguidedesmontres.com\/fr\/wp-json\/wp\/v2\/posts"}],"about":[{"href":"https:\/\/leguidedesmontres.com\/fr\/wp-json\/wp\/v2\/types\/post"}],"author":[{"embeddable":true,"href":"https:\/\/leguidedesmontres.com\/fr\/wp-json\/wp\/v2\/users\/1"}],"replies":[{"embeddable":true,"href":"https:\/\/leguidedesmontres.com\/fr\/wp-json\/wp\/v2\/comments?post=9092"}],"version-history":[{"count":0,"href":"https:\/\/leguidedesmontres.com\/fr\/wp-json\/wp\/v2\/posts\/9092\/revisions"}],"wp:featuredmedia":[{"embeddable":true,"href":"https:\/\/leguidedesmontres.com\/fr\/wp-json\/wp\/v2\/media\/9093"}],"wp:attachment":[{"href":"https:\/\/leguidedesmontres.com\/fr\/wp-json\/wp\/v2\/media?parent=9092"}],"wp:term":[{"taxonomy":"category","embeddable":true,"href":"https:\/\/leguidedesmontres.com\/fr\/wp-json\/wp\/v2\/categories?post=9092"},{"taxonomy":"post_tag","embeddable":true,"href":"https:\/\/leguidedesmontres.com\/fr\/wp-json\/wp\/v2\/tags?post=9092"}],"curies":[{"name":"wp","href":"https:\/\/api.w.org\/{rel}","templated":true}]}}