{"id":9098,"date":"2013-10-23T18:03:22","date_gmt":"2013-10-23T16:03:22","guid":{"rendered":"https:\/\/leguidedesmontres.com\/fr\/actualites\/perrelet-turbine-et-pourquoi-pas\/"},"modified":"2013-10-23T18:03:22","modified_gmt":"2013-10-23T16:03:22","slug":"perrelet-turbine-et-pourquoi-pas","status":"publish","type":"post","link":"https:\/\/leguidedesmontres.com\/fr\/actualites\/perrelet-turbine-et-pourquoi-pas\/","title":{"rendered":"Perrelet Turbine : et pourquoi pas ?"},"content":{"rendered":"<p><img decoding=\"async\" data-src=\"\/fr\/wp-content\/uploads\/2025\/06\/258_perrelet_turbine_chronographe_a1074_2_lifestyle_white.jpg\" alt=\"Perrelet Turbine : et pourquoi pas ?\" class=\"wp-image featured-image lazyload\" src=\"data:image\/svg+xml;base64,PHN2ZyB3aWR0aD0iMSIgaGVpZ2h0PSIxIiB4bWxucz0iaHR0cDovL3d3dy53My5vcmcvMjAwMC9zdmciPjwvc3ZnPg==\" style=\"--smush-placeholder-width: 620px; --smush-placeholder-aspect-ratio: 620\/586;\" \/><\/p>\n<p><span>Pour la premi\u00e8re fois depuis son lancement en 2009, la <strong>collection Turbine<\/strong>, ic\u00f4ne <strong>Perrelet<\/strong>, se voit dot\u00e9e d\u2019une complication : le <strong>chronographe<\/strong>. <\/span><\/p>\n<\/p>\n<p><span>Int\u00e9grer un chronographe \u00e0 une montre <strong>Turbine<\/strong> ne fut pas sans difficult\u00e9. Sur le cadran de la <strong>Turbine Chrono automatique<\/strong>, la fonction additionnelle s\u2019affiche clairement, sans d\u00e9naturer <strong>l\u2019identit\u00e9 singuli\u00e8re<\/strong> de la collection.<\/span><\/p>\n<p><span><\/span><\/p>\n<\/p>\n<p><span>Les mesures chronographiques s\u2019effectuent gr\u00e2ce \u00e0 une classique aguille de <strong>chrono seconde centrale<\/strong> et \u00e0 un <strong>compteur 60 minutes<\/strong> qui l\u2019est moins. Il se compose en effet de deux \u00e9l\u00e9ments en <strong>verre saphir juxtapos\u00e9s<\/strong>. Un <strong>disque mobile<\/strong> portant les graduations tourne au centre d\u2019une bague fixe marqu\u00e9e d\u2019une fl\u00e8che rouge, avec inscription \u201cmin\u201d, pour ainsi pointer les temps enregistr\u00e9s.<\/span><\/p>\n<p><span><\/span><\/p>\n<\/p>\n<p><span>Gr\u00e2ce \u00e0 la transparence du compteur de chronographe, le <strong>rotor<\/strong>  des <strong>Turbine<\/strong> demeure visible. On peut ainsi appr\u00e9cier pleinement le jeu des pales balayant la surface du cadran de base. Sur la <strong>Turbine Chrono<\/strong>, elles produisent des effets discrets pour mieux faire ressortir l\u2019affichage inattendu de la date. Cette derni\u00e8re appara\u00eet en effet dans un guichet plac\u00e9 \u00e0 6 heures, au gr\u00e9 des mouvements de la turbine qui la survole.<\/span><\/p>\n<p><span><\/span><\/p>\n<\/p>\n<p><span>Avec diff\u00e9rentes versions \u00e9tag\u00e9es de <strong>6.600 \u20ac<\/strong> \u00e0 <strong>11.400 \u20ac<\/strong>, notamment deux belles r\u00e9alisations <strong>full black<\/strong> et <strong>or rose<\/strong>, <strong>Perrelet<\/strong> s\u2019impose progressivement comme une <strong>alternative ludique \u00e0 l\u2019horlogerie traditionnelle<\/strong>, de <strong>parfaite facture<\/strong>. Appuy\u00e9e par le <strong>groupe Festina<\/strong>, Perrelet trace intelligemment sa propre route avec un regard frais et coh\u00e9rent sur les complications les plus traditionnelles de l\u2019horlogerie. <\/span><\/p>\n<p><span><\/span><\/p>\n<\/p>\n<p><span><\/span><\/p>\n<\/p>\n<p><span>Olivier M\u00fcller<\/span><\/p>\n<p><i><span>Visuels \u00a9 Perrelet<\/span><\/i><\/p>\n<p><i><\/i><\/p>\n<p><i><\/i><br \/>\n<img decoding=\"async\" data-src=\"\/fr\/wp-content\/uploads\/2025\/06\/258_972_perrelet_turbine_chronographe_a3036_1_black.jpg\" alt=\"\" class=\"wp-image lazyload\" src=\"data:image\/svg+xml;base64,PHN2ZyB3aWR0aD0iMSIgaGVpZ2h0PSIxIiB4bWxucz0iaHR0cDovL3d3dy53My5vcmcvMjAwMC9zdmciPjwvc3ZnPg==\" style=\"--smush-placeholder-width: 620px; --smush-placeholder-aspect-ratio: 620\/755;\" \/><br \/>\n<img decoding=\"async\" data-src=\"\/fr\/wp-content\/uploads\/2025\/06\/258_973_perrelet_turbine_chronographe_a1079_1_black.jpg\" alt=\"\" class=\"wp-image lazyload\" src=\"data:image\/svg+xml;base64,PHN2ZyB3aWR0aD0iMSIgaGVpZ2h0PSIxIiB4bWxucz0iaHR0cDovL3d3dy53My5vcmcvMjAwMC9zdmciPjwvc3ZnPg==\" style=\"--smush-placeholder-width: 620px; --smush-placeholder-aspect-ratio: 620\/752;\" \/><\/p>\n","protected":false},"excerpt":{"rendered":"<p>Pour la premi\u00e8re fois depuis son lancement en 2009, la collection Turbine, ic\u00f4ne Perrelet, se voit dot\u00e9e d\u2019une complication :<\/p>\n","protected":false},"author":1,"featured_media":9099,"comment_status":"open","ping_status":"open","sticky":false,"template":"","format":"standard","meta":{"_acf_changed":false,"footnotes":""},"categories":[705],"tags":[706],"class_list":["post-9098","post","type-post","status-publish","format-standard","has-post-thumbnail","hentry","category-autre","tag-au-fil-de-lactualite"],"acf":[],"_links":{"self":[{"href":"https:\/\/leguidedesmontres.com\/fr\/wp-json\/wp\/v2\/posts\/9098","targetHints":{"allow":["GET"]}}],"collection":[{"href":"https:\/\/leguidedesmontres.com\/fr\/wp-json\/wp\/v2\/posts"}],"about":[{"href":"https:\/\/leguidedesmontres.com\/fr\/wp-json\/wp\/v2\/types\/post"}],"author":[{"embeddable":true,"href":"https:\/\/leguidedesmontres.com\/fr\/wp-json\/wp\/v2\/users\/1"}],"replies":[{"embeddable":true,"href":"https:\/\/leguidedesmontres.com\/fr\/wp-json\/wp\/v2\/comments?post=9098"}],"version-history":[{"count":0,"href":"https:\/\/leguidedesmontres.com\/fr\/wp-json\/wp\/v2\/posts\/9098\/revisions"}],"wp:featuredmedia":[{"embeddable":true,"href":"https:\/\/leguidedesmontres.com\/fr\/wp-json\/wp\/v2\/media\/9099"}],"wp:attachment":[{"href":"https:\/\/leguidedesmontres.com\/fr\/wp-json\/wp\/v2\/media?parent=9098"}],"wp:term":[{"taxonomy":"category","embeddable":true,"href":"https:\/\/leguidedesmontres.com\/fr\/wp-json\/wp\/v2\/categories?post=9098"},{"taxonomy":"post_tag","embeddable":true,"href":"https:\/\/leguidedesmontres.com\/fr\/wp-json\/wp\/v2\/tags?post=9098"}],"curies":[{"name":"wp","href":"https:\/\/api.w.org\/{rel}","templated":true}]}}