{"id":9120,"date":"2013-10-04T17:25:40","date_gmt":"2013-10-04T15:25:40","guid":{"rendered":"https:\/\/leguidedesmontres.com\/fr\/actualites\/le-pas-de-deux-de-cartier-et-tag-heuer\/"},"modified":"2013-10-04T17:25:40","modified_gmt":"2013-10-04T15:25:40","slug":"le-pas-de-deux-de-cartier-et-tag-heuer","status":"publish","type":"post","link":"https:\/\/leguidedesmontres.com\/fr\/actualites\/le-pas-de-deux-de-cartier-et-tag-heuer\/","title":{"rendered":"Le pas de deux de Cartier et TAG Heuer"},"content":{"rendered":"<p><img decoding=\"async\" data-src=\"\/fr\/wp-content\/uploads\/2025\/06\/246_tag_heuer_cartier_boutique.jpg\" alt=\"Le pas de deux de Cartier et TAG Heuer\" class=\"wp-image featured-image lazyload\" src=\"data:image\/svg+xml;base64,PHN2ZyB3aWR0aD0iMSIgaGVpZ2h0PSIxIiB4bWxucz0iaHR0cDovL3d3dy53My5vcmcvMjAwMC9zdmciPjwvc3ZnPg==\" style=\"--smush-placeholder-width: 620px; --smush-placeholder-aspect-ratio: 620\/610;\" \/><\/p>\n<p><span>Elles se font face, sto\u00efquement, \u00e0 quelques m\u00e8tres du s\u00e9rail de la <strong>Place Vendome<\/strong>. <strong><a target=\"_blank\" href=\"https:\/\/leguidedesmontres.com\/fr\/prix-du-neuf\/cartier\">Cartier<\/a><\/strong>, <strong>groupe Richemont<\/strong>, d\u00e9fie <strong><a target=\"_blank\" href=\"https:\/\/leguidedesmontres.com\/fr\/prix-du-neuf\/tag-heuer\">TAG Heuer<\/a><\/strong>, <strong>groupe LVMH<\/strong>, \u00e0 la porte d&rsquo;\u00e0 c\u00f4t\u00e9. Les deux marques ne s&rsquo;adressent pas, a priori, au m\u00eame public, mais elles partagent la m\u00eame adresse : <strong>12 boulevard des Capucines<\/strong>. Les trois, avec le <strong><a target=\"_blank\" href=\"https:\/\/leguidedesmontres.com\/fr\/actualites\/155\/bucherer-le-watch-megastore\">watch megastore Bucherer<\/a><\/strong>, s&rsquo;alignent sagement sur une centaine de m\u00e8tres. On n&rsquo;attend plus que la Mairie de Paris renomme l&rsquo;endroit <strong>Rue du Rhone<\/strong>. <\/span><\/p>\n<\/p>\n<p><b><span>Bande \u00e0 part<\/span><\/b><\/p>\n<p><b><\/b><\/p>\n<p><b><\/b><\/p>\n<p><strong><span>Cartier<\/span><\/strong><span> a discr\u00e8tement <strong>ouvert le 17 ao\u00fbt<\/strong> en pleine torpeur estivale. Avec son voisin <strong>Bucherer<\/strong>, elle partage m\u00eame un couloir, qui permet de passer d&rsquo;une boutique \u00e0 l&rsquo;autre. <strong>TAG Heuer<\/strong> a pr\u00e9f\u00e9r\u00e9 faire bande \u00e0 part, avec sa propre entr\u00e9e. <\/span><\/p>\n<\/p>\n<p><span>Chaque marque poss\u00e8de ses propres implantations, ses propres vitrines, ses propres \u00e9quipes. <strong>Cartier<\/strong> et <strong>Bucherer<\/strong> s&rsquo;offrent m\u00eame des <strong>horaires identiques<\/strong>. Tout ce qui peut stimuler leurs ventes r\u00e9ciproques est bon \u00e0 prendre, particuli\u00e8rement dans une p\u00e9riode o\u00f9 ces derni\u00e8res semblent en berne. La situation est trop neuve pour \u00eatre jug\u00e9e objectivement, mais les managers locaux ne cachent pas le fait que les clients ne se bousculent pas.<\/span><\/p>\n<\/p>\n<p><b><span>Cartier Heuer<\/span><\/b><\/p>\n<p><b><\/b><\/p>\n<p><b><\/b><\/p>\n<p><strong><span>Cartier<\/span><\/strong><span>, avec ses <strong>450 m\u00e8tres carr\u00e9s<\/strong> et ses <strong>25 personnes<\/strong>, a vu grand. La boutique ne compte pas moins de <strong>22 pi\u00e8ces de haute horlogerie<\/strong>. <strong>TAG Heuer<\/strong> en poss\u00e8de \u00e9galement quelques unes. Les deux enseignes partagent simplement &#8211; et en cons\u00e9quence &#8211; d&rsquo;<strong>imposants syst\u00e8mes de s\u00e9curit\u00e9<\/strong>. Pour <strong>Cartier<\/strong>, c&rsquo;est d\u00e9j\u00e0 la <strong>7<sup>\u00e8me<\/sup> boutique<\/strong>, le <strong>13<sup>\u00e8me<\/sup> point de vente<\/strong>. <\/span><\/p>\n<\/p>\n<p><strong><span>TAG Heuer<\/span><\/strong><span>, <\/span><span>elle, poursuit le renforcement de sa distribution directe en ouvrant ainsi <strong>trois nouvelles boutiques \u00e0 Paris<\/strong>, en plus du <strong>167 boulevard Saint- Germain<\/strong>, ouverte fin 2010. Au total, TAG Heuer aligne un impressionnant <strong>4000 points de vente dans le monde<\/strong> comprenant <strong>180 boutiques d\u00e9di\u00e9es<\/strong>, <\/span><span>dont un tiers ouvertes ces deux derni\u00e8res ann\u00e9es. <\/span><\/p>\n<\/p>\n<p><span>Ainsi, <strong>TAG Heuer<\/strong> s\u2019installera \u00e0 la fin de l\u2019ann\u00e9e au <strong>104 avenue des Champs-Elys\u00e9es<\/strong>, avec une surface de vente de <strong>160m2<\/strong>. <\/span><span>Les boutiques <strong>Capucines<\/strong> et <strong>Champs Elys\u00e9es<\/strong> offriront \u00e9galement aux visiteurs un acc\u00e8s \u00e0 la <strong>collection d\u2019accessoires Lifestyle<\/strong> de la marque (vestes, sacs, ceintures, etc.) ainsi qu\u2019\u00e0 la gamme de lunettes TAG Heuer et aux <strong>instruments de communication<\/strong> de luxe, <strong>Meridiist<\/strong>, <strong>Link<\/strong> et <strong>Racer<\/strong>, con\u00e7us par TAG Heuer.<\/span><\/p>\n<\/p>\n<p><span><\/span><\/p>\n<\/p>\n<p><span>Olivier M\u00fcller<\/span><\/p>\n<\/p>\n<p><span><\/span><\/p>\n<\/p>\n<p><i><span>Visuels \u00a9 TAG Heuer, Delos Communications<\/span><\/i><\/p>\n<p><i><span><\/span><\/i><\/p>\n<p><i><\/i><\/p>\n<p><i><\/i><br \/>\n<img decoding=\"async\" data-src=\"\/fr\/wp-content\/uploads\/2025\/06\/246_924_boutique_tag_heuer_paris.jpg\" alt=\"\" class=\"wp-image lazyload\" src=\"data:image\/svg+xml;base64,PHN2ZyB3aWR0aD0iMSIgaGVpZ2h0PSIxIiB4bWxucz0iaHR0cDovL3d3dy53My5vcmcvMjAwMC9zdmciPjwvc3ZnPg==\" style=\"--smush-placeholder-width: 620px; --smush-placeholder-aspect-ratio: 620\/412;\" \/><br \/>\n<img decoding=\"async\" data-src=\"\/fr\/wp-content\/uploads\/2025\/06\/246_925_tag_heuer_boutique_paris.jpg\" alt=\"\" class=\"wp-image lazyload\" src=\"data:image\/svg+xml;base64,PHN2ZyB3aWR0aD0iMSIgaGVpZ2h0PSIxIiB4bWxucz0iaHR0cDovL3d3dy53My5vcmcvMjAwMC9zdmciPjwvc3ZnPg==\" style=\"--smush-placeholder-width: 620px; --smush-placeholder-aspect-ratio: 620\/412;\" \/><\/p>\n","protected":false},"excerpt":{"rendered":"<p>Elles se font face, sto\u00efquement, \u00e0 quelques m\u00e8tres du s\u00e9rail de la Place Vendome. Cartier, groupe Richemont, d\u00e9fie TAG Heuer,<\/p>\n","protected":false},"author":1,"featured_media":9121,"comment_status":"open","ping_status":"open","sticky":false,"template":"","format":"standard","meta":{"_acf_changed":false,"footnotes":""},"categories":[712,732],"tags":[706],"class_list":["post-9120","post","type-post","status-publish","format-standard","has-post-thumbnail","hentry","category-cartier","category-tag-heuer","tag-au-fil-de-lactualite"],"acf":[],"_links":{"self":[{"href":"https:\/\/leguidedesmontres.com\/fr\/wp-json\/wp\/v2\/posts\/9120","targetHints":{"allow":["GET"]}}],"collection":[{"href":"https:\/\/leguidedesmontres.com\/fr\/wp-json\/wp\/v2\/posts"}],"about":[{"href":"https:\/\/leguidedesmontres.com\/fr\/wp-json\/wp\/v2\/types\/post"}],"author":[{"embeddable":true,"href":"https:\/\/leguidedesmontres.com\/fr\/wp-json\/wp\/v2\/users\/1"}],"replies":[{"embeddable":true,"href":"https:\/\/leguidedesmontres.com\/fr\/wp-json\/wp\/v2\/comments?post=9120"}],"version-history":[{"count":0,"href":"https:\/\/leguidedesmontres.com\/fr\/wp-json\/wp\/v2\/posts\/9120\/revisions"}],"wp:featuredmedia":[{"embeddable":true,"href":"https:\/\/leguidedesmontres.com\/fr\/wp-json\/wp\/v2\/media\/9121"}],"wp:attachment":[{"href":"https:\/\/leguidedesmontres.com\/fr\/wp-json\/wp\/v2\/media?parent=9120"}],"wp:term":[{"taxonomy":"category","embeddable":true,"href":"https:\/\/leguidedesmontres.com\/fr\/wp-json\/wp\/v2\/categories?post=9120"},{"taxonomy":"post_tag","embeddable":true,"href":"https:\/\/leguidedesmontres.com\/fr\/wp-json\/wp\/v2\/tags?post=9120"}],"curies":[{"name":"wp","href":"https:\/\/api.w.org\/{rel}","templated":true}]}}