{"id":9145,"date":"2013-09-23T21:26:13","date_gmt":"2013-09-23T19:26:13","guid":{"rendered":"https:\/\/leguidedesmontres.com\/fr\/actualites\/dernier-vol-de-la-saison-pour-la-patrouille-breitling\/"},"modified":"2013-09-23T21:26:13","modified_gmt":"2013-09-23T19:26:13","slug":"dernier-vol-de-la-saison-pour-la-patrouille-breitling","status":"publish","type":"post","link":"https:\/\/leguidedesmontres.com\/fr\/actualites\/dernier-vol-de-la-saison-pour-la-patrouille-breitling\/","title":{"rendered":"Dernier vol de la saison pour la patrouille Breitling"},"content":{"rendered":"<p><img decoding=\"async\" data-src=\"\/fr\/wp-content\/uploads\/2025\/06\/236_patrouille_breitling_jet_team_2013.jpg\" alt=\"Dernier vol de la saison pour la patrouille Breitling\" class=\"wp-image featured-image lazyload\" src=\"data:image\/svg+xml;base64,PHN2ZyB3aWR0aD0iMSIgaGVpZ2h0PSIxIiB4bWxucz0iaHR0cDovL3d3dy53My5vcmcvMjAwMC9zdmciPjwvc3ZnPg==\" style=\"--smush-placeholder-width: 620px; --smush-placeholder-aspect-ratio: 620\/414;\" \/><\/p>\n<p><span>C&rsquo;est sur la <strong>base a\u00e9rienne 102<\/strong> de <strong>Dijon<\/strong> que les <strong>sept Albatros<\/strong> de la <strong>Breitling Jet Team<\/strong> ont sorti une derni\u00e8re fois leur train d&rsquo;atterrissage, la semaine derni\u00e8re. Ils concluaient ainsi un tour de shows a\u00e9riens de <strong>11 mois<\/strong> et de <strong>44.000 kilom\u00e8tres<\/strong>, soit la <strong>circonf\u00e9rence de la Terre<\/strong> !<\/span><\/p>\n<\/p>\n<p><span>La <strong>Breitling Jet Team<\/strong> a une particularit\u00e9 : c&rsquo;est la seule <strong>patrouille priv\u00e9e du monde<\/strong>. Sa vocation : porter au loin les couleurs de la <strong>marque au B ail\u00e9<\/strong>. Cette saison s&rsquo;est export\u00e9e particuli\u00e8rement loin puisque, pour la premi\u00e8re fois, c&rsquo;est l&rsquo;Asie qui accueillit la plupart de ses repr\u00e9sentations : <strong>Russie<\/strong>, <strong>Chine<\/strong>, <strong>Japon<\/strong>, <strong>Hong-Kong<\/strong>, etc.<\/span><\/p>\n<p><span> Habitu\u00e9e des shows les plus incroyables, qui n&rsquo;ont rien \u00e0 envier \u00e0 ceux de la<strong> Patrouille de France<\/strong>, l&rsquo;\u00e9quipe a n\u00e9anmoins foul\u00e9 cette ann\u00e9e des tarmacs charg\u00e9s d&rsquo;histoire, comme ceux d&rsquo;Hiroshima ou de Fukushima. <\/span><\/p>\n<\/p>\n<p><b><span>L&rsquo;Emergency II en phase d&rsquo;approche<\/span><\/b><\/p>\n<p><b><\/b><\/p>\n<p><b><\/b><\/p>\n<p><strong><span>Thedy Schneider<\/span><\/strong><span>, <strong>pr\u00e9sident de Breitling<\/strong>, \u00e9tait pr\u00e9sent pour accueillir les pilotes. A cette occasion, il a confirm\u00e9 l&rsquo;imminence de l&rsquo;<strong>Emergency II<\/strong> : la pi\u00e8ce, actuellement en tests finaux au Canada, devrait arriver en boutique au <strong>dernier trimestre de l&rsquo;ann\u00e9e<\/strong>. <\/span><\/p>\n<\/p>\n<p><span>La <strong>Breitling Jet Team<\/strong>, elle, restera en terres europ\u00e9ennes en 2014. L&rsquo;ann\u00e9e suivante devrait \u00e0 nouveau la voir repartir au-del\u00e0 des mers. Le continent am\u00e9ricain ? L&rsquo;un des seuls qui n&rsquo;ait pas encore \u00e9t\u00e9 visit\u00e9 par la patrouille&#8230;<\/span><\/p>\n<p><span><\/span><\/p>\n<\/p>\n<p><span>Olivier M\u00fcller<\/span><\/p>\n<\/p>\n<p><span><\/span><\/p>\n<\/p>\n<p><i><span>Visuels \u00a9 David Carteron \/ Delos Communications<\/span><\/i><\/p>\n<p><i><\/i><\/p>\n<p><i><\/i><\/p>\n<p><span><\/span><\/p>\n<\/p>\n<p><img decoding=\"async\" data-src=\"\/fr\/wp-content\/uploads\/2025\/06\/236_880_patrouille_jet_team_breitling.jpg\" alt=\"\" class=\"wp-image lazyload\" src=\"data:image\/svg+xml;base64,PHN2ZyB3aWR0aD0iMSIgaGVpZ2h0PSIxIiB4bWxucz0iaHR0cDovL3d3dy53My5vcmcvMjAwMC9zdmciPjwvc3ZnPg==\" style=\"--smush-placeholder-width: 620px; --smush-placeholder-aspect-ratio: 620\/414;\" \/><br \/>\n<img decoding=\"async\" data-src=\"\/fr\/wp-content\/uploads\/2025\/06\/236_881_jet_team_patrouille_breitling.jpg\" alt=\"\" class=\"wp-image lazyload\" src=\"data:image\/svg+xml;base64,PHN2ZyB3aWR0aD0iMSIgaGVpZ2h0PSIxIiB4bWxucz0iaHR0cDovL3d3dy53My5vcmcvMjAwMC9zdmciPjwvc3ZnPg==\" style=\"--smush-placeholder-width: 620px; --smush-placeholder-aspect-ratio: 620\/399;\" \/><br \/>\n<img decoding=\"async\" data-src=\"\/fr\/wp-content\/uploads\/2025\/06\/236_882_patrouille_breitling_jet_team.jpg\" alt=\"\" class=\"wp-image lazyload\" src=\"data:image\/svg+xml;base64,PHN2ZyB3aWR0aD0iMSIgaGVpZ2h0PSIxIiB4bWxucz0iaHR0cDovL3d3dy53My5vcmcvMjAwMC9zdmciPjwvc3ZnPg==\" style=\"--smush-placeholder-width: 620px; --smush-placeholder-aspect-ratio: 620\/470;\" \/><br \/>\n<img decoding=\"async\" data-src=\"\/fr\/wp-content\/uploads\/2025\/06\/236_883_patrouille_breitling_2013.jpg\" alt=\"\" class=\"wp-image lazyload\" src=\"data:image\/svg+xml;base64,PHN2ZyB3aWR0aD0iMSIgaGVpZ2h0PSIxIiB4bWxucz0iaHR0cDovL3d3dy53My5vcmcvMjAwMC9zdmciPjwvc3ZnPg==\" style=\"--smush-placeholder-width: 620px; --smush-placeholder-aspect-ratio: 620\/447;\" \/><br \/>\n<img decoding=\"async\" data-src=\"\/fr\/wp-content\/uploads\/2025\/06\/236_884_patrouille_breitling_jet_team_en_vol.jpg\" alt=\"\" class=\"wp-image lazyload\" src=\"data:image\/svg+xml;base64,PHN2ZyB3aWR0aD0iMSIgaGVpZ2h0PSIxIiB4bWxucz0iaHR0cDovL3d3dy53My5vcmcvMjAwMC9zdmciPjwvc3ZnPg==\" style=\"--smush-placeholder-width: 620px; --smush-placeholder-aspect-ratio: 620\/406;\" \/><\/p>\n","protected":false},"excerpt":{"rendered":"<p>C&rsquo;est sur la base a\u00e9rienne 102 de Dijon que les sept Albatros de la Breitling Jet Team ont sorti une<\/p>\n","protected":false},"author":1,"featured_media":9146,"comment_status":"open","ping_status":"open","sticky":false,"template":"","format":"standard","meta":{"_acf_changed":false,"footnotes":""},"categories":[725],"tags":[706],"class_list":["post-9145","post","type-post","status-publish","format-standard","has-post-thumbnail","hentry","category-breitling","tag-au-fil-de-lactualite"],"acf":[],"_links":{"self":[{"href":"https:\/\/leguidedesmontres.com\/fr\/wp-json\/wp\/v2\/posts\/9145","targetHints":{"allow":["GET"]}}],"collection":[{"href":"https:\/\/leguidedesmontres.com\/fr\/wp-json\/wp\/v2\/posts"}],"about":[{"href":"https:\/\/leguidedesmontres.com\/fr\/wp-json\/wp\/v2\/types\/post"}],"author":[{"embeddable":true,"href":"https:\/\/leguidedesmontres.com\/fr\/wp-json\/wp\/v2\/users\/1"}],"replies":[{"embeddable":true,"href":"https:\/\/leguidedesmontres.com\/fr\/wp-json\/wp\/v2\/comments?post=9145"}],"version-history":[{"count":0,"href":"https:\/\/leguidedesmontres.com\/fr\/wp-json\/wp\/v2\/posts\/9145\/revisions"}],"wp:featuredmedia":[{"embeddable":true,"href":"https:\/\/leguidedesmontres.com\/fr\/wp-json\/wp\/v2\/media\/9146"}],"wp:attachment":[{"href":"https:\/\/leguidedesmontres.com\/fr\/wp-json\/wp\/v2\/media?parent=9145"}],"wp:term":[{"taxonomy":"category","embeddable":true,"href":"https:\/\/leguidedesmontres.com\/fr\/wp-json\/wp\/v2\/categories?post=9145"},{"taxonomy":"post_tag","embeddable":true,"href":"https:\/\/leguidedesmontres.com\/fr\/wp-json\/wp\/v2\/tags?post=9145"}],"curies":[{"name":"wp","href":"https:\/\/api.w.org\/{rel}","templated":true}]}}