{"id":9161,"date":"2013-09-11T19:31:46","date_gmt":"2013-09-11T17:31:46","guid":{"rendered":"https:\/\/leguidedesmontres.com\/fr\/actualites\/5-questions-a-jacques-thomas-directeur-europe-de-louest-lange-sohne\/"},"modified":"2013-09-11T19:31:46","modified_gmt":"2013-09-11T17:31:46","slug":"5-questions-a-jacques-thomas-directeur-europe-de-louest-lange-sohne","status":"publish","type":"post","link":"https:\/\/leguidedesmontres.com\/fr\/actualites\/5-questions-a-jacques-thomas-directeur-europe-de-louest-lange-sohne\/","title":{"rendered":"5 questions \u00e0 Jacques Thomas, Directeur Europe de l\u2019ouest Lange &amp; S\u00f6hne"},"content":{"rendered":"<p><img decoding=\"async\" data-src=\"\/fr\/wp-content\/uploads\/2025\/06\/228_lange_sohne_ceo_jacques_thomas.jpg\" alt=\"5 questions \u00e0 Jacques Thomas, Directeur Europe de l\u2019ouest Lange &#038; S\u00f6hne\" class=\"wp-image featured-image lazyload\" src=\"data:image\/svg+xml;base64,PHN2ZyB3aWR0aD0iMSIgaGVpZ2h0PSIxIiB4bWxucz0iaHR0cDovL3d3dy53My5vcmcvMjAwMC9zdmciPjwvc3ZnPg==\" style=\"--smush-placeholder-width: 620px; --smush-placeholder-aspect-ratio: 620\/780;\" \/><\/p>\n<p><strong><i><span>Jacques Thomas<\/span><\/i><\/strong><i><span> dirige, entre autres, le march\u00e9 fran\u00e7ais de <strong><a target=\"_blank\" href=\"https:\/\/leguidedesmontres.com\/fr\/prix-du-neuf\/a-lange-amp-sohne\">Lange &#038; S\u00f6hne<\/a><\/strong>. Il se livre pour <strong>Le Guide des Montres<\/strong> au jeu des 5 questions-r\u00e9ponses. <\/span><\/i><\/p>\n<\/p>\n<p><b><i><span>Quel bilan tirez-vous de l\u2019ann\u00e9e 2012, en France, pour Lange &#038; S\u00f6hne ? <\/span><\/i><\/b><\/p>\n<p><span>Une ann\u00e9e extr\u00eamement gratifiante tant <strong>quantitativement<\/strong> que <strong>qualitativement<\/strong> ; croissance des ventes importantes avec une tr\u00e8s bonne part de clients locaux.<strong><a target=\"_blank\" href=\"https:\/\/leguidedesmontres.com\/fr\/actualites\/135\/alange-amp-sohne-soffre-la-rue-de-la-paix-\"> L\u2019ouverture de la Boutique A. Lange &#038; S\u00f6hne<\/a><\/strong> procure un grand plaisir. C\u2019est beaucoup de visibilit\u00e9 pour une <strong>grande marque artisanale<\/strong>.<\/span><\/p>\n<\/p>\n<p><b><i><span>Quelles sont les nouveaut\u00e9s qui ont le plus attir\u00e9 votre attention lors du dernier SIHH ?<\/span><\/i><\/b><\/p>\n<p><span>Tout d\u2019abord les nouveaut\u00e9s de <\/span><strong><span>A. Lange &#038; S\u00f6hne<\/span><\/strong><span> que nous pouvions pour certaines, sinon tenir dans nos mains, pour le moins voir. Ensuite, la <strong>Spherotourbillon<\/strong> de<strong> Jaeger-LeCoultre<\/strong> qui est \u00e9poustouflante.<\/span><\/p>\n<\/p>\n<p><b><i><span>Quelles sont les sp\u00e9cificit\u00e9s du march\u00e9 fran\u00e7ais ? <\/span><\/i><\/b> <\/p>\n<p><span>Les march\u00e9s de l\u2019Europe de L\u2019Ouest se ressemblent beaucoup tant au niveau distribution qu\u2019au niveau de la client\u00e8le dans sa globalit\u00e9. Cependant le client fran\u00e7ais est tr\u00e8s amateur de<strong> montres classiques<\/strong>, de <strong>montres de marques<\/strong> ayant une histoire et surtout une grande l\u00e9gitimit\u00e9 horlog\u00e8re adoub\u00e9e par le temps.<\/span><\/p>\n<\/p>\n<p><b><i><span>Nous avons vu, avec la Lumen, par exemple, des pi\u00e8ces au design r\u00e9solument contemporain et ludique. Doit-on y voir un signe de s\u00e9duction envers une client\u00e8le renouvel\u00e9e, plus jeune ? <\/span><\/i><\/b> <\/p>\n<p><span>Je ne pense pas que cela soit le but recherch\u00e9. Il y a 2 ans la <strong><a target=\"_blank\" href=\"https:\/\/leguidedesmontres.com\/fr\/prix-du-neuf\/a-lange-amp-sohne\/1062\/140035\">Zeitwerk<\/a><\/strong> pr\u00e9sentait le m\u00eame exercice avec des variations subtiles. Dans les piliers de la marque il y a <strong>Artisanat<\/strong>, <strong>tradition<\/strong> et \u2026<strong>innovation<\/strong>. <strong>Tradition<\/strong> et <strong>modernit\u00e9<\/strong> font souvent bon m\u00e9nage.<\/span><\/p>\n<\/p>\n<p><b><i><span>Vous \u00eates l\u2019une des derni\u00e8res marques \u00e0 avoir ouvert votre boutique en nom propre Rue de la Paix. Une \u00e9tape importante pour vous en France, ou est-ce une strat\u00e9gie propre aux plus grandes capitales ?<\/span><\/i><\/b><\/p>\n<p><span>C\u2019est une \u00e9tape importante pour la marque et pour les raisons avanc\u00e9es plus haut. Cela participe de la volont\u00e9 qui nous anime d\u2019\u00eatre <strong>actifs en permanence<\/strong>.<\/span><\/p>\n<\/p>\n<p><span>Olivier M\u00fcller<\/span><\/p>\n<\/p>\n<p><i><span>Visuels \u00a9 Lange &#038; S\u00f6hne<\/span><\/i> <\/p>\n<p><img decoding=\"async\" data-src=\"\/fr\/wp-content\/uploads\/2025\/06\/228_846_lange_sohne_117_035_fs.jpg\" alt=\"\" class=\"wp-image lazyload\" src=\"data:image\/svg+xml;base64,PHN2ZyB3aWR0aD0iMSIgaGVpZ2h0PSIxIiB4bWxucz0iaHR0cDovL3d3dy53My5vcmcvMjAwMC9zdmciPjwvc3ZnPg==\" style=\"--smush-placeholder-width: 620px; --smush-placeholder-aspect-ratio: 620\/816;\" \/><br \/>\n<img decoding=\"async\" data-src=\"\/fr\/wp-content\/uploads\/2025\/06\/228_847_boutique_lange_sohne_paris.jpg\" alt=\"\" class=\"wp-image lazyload\" src=\"data:image\/svg+xml;base64,PHN2ZyB3aWR0aD0iMSIgaGVpZ2h0PSIxIiB4bWxucz0iaHR0cDovL3d3dy53My5vcmcvMjAwMC9zdmciPjwvc3ZnPg==\" style=\"--smush-placeholder-width: 620px; --smush-placeholder-aspect-ratio: 620\/387;\" \/><\/p>\n","protected":false},"excerpt":{"rendered":"<p>Jacques Thomas dirige, entre autres, le march\u00e9 fran\u00e7ais de Lange &#038; S\u00f6hne. Il se livre pour Le Guide des Montres<\/p>\n","protected":false},"author":1,"featured_media":9162,"comment_status":"open","ping_status":"open","sticky":false,"template":"","format":"standard","meta":{"_acf_changed":false,"footnotes":""},"categories":[718],"tags":[711],"class_list":["post-9161","post","type-post","status-publish","format-standard","has-post-thumbnail","hentry","category-a-lange-sohne","tag-interview"],"acf":[],"_links":{"self":[{"href":"https:\/\/leguidedesmontres.com\/fr\/wp-json\/wp\/v2\/posts\/9161","targetHints":{"allow":["GET"]}}],"collection":[{"href":"https:\/\/leguidedesmontres.com\/fr\/wp-json\/wp\/v2\/posts"}],"about":[{"href":"https:\/\/leguidedesmontres.com\/fr\/wp-json\/wp\/v2\/types\/post"}],"author":[{"embeddable":true,"href":"https:\/\/leguidedesmontres.com\/fr\/wp-json\/wp\/v2\/users\/1"}],"replies":[{"embeddable":true,"href":"https:\/\/leguidedesmontres.com\/fr\/wp-json\/wp\/v2\/comments?post=9161"}],"version-history":[{"count":0,"href":"https:\/\/leguidedesmontres.com\/fr\/wp-json\/wp\/v2\/posts\/9161\/revisions"}],"wp:featuredmedia":[{"embeddable":true,"href":"https:\/\/leguidedesmontres.com\/fr\/wp-json\/wp\/v2\/media\/9162"}],"wp:attachment":[{"href":"https:\/\/leguidedesmontres.com\/fr\/wp-json\/wp\/v2\/media?parent=9161"}],"wp:term":[{"taxonomy":"category","embeddable":true,"href":"https:\/\/leguidedesmontres.com\/fr\/wp-json\/wp\/v2\/categories?post=9161"},{"taxonomy":"post_tag","embeddable":true,"href":"https:\/\/leguidedesmontres.com\/fr\/wp-json\/wp\/v2\/tags?post=9161"}],"curies":[{"name":"wp","href":"https:\/\/api.w.org\/{rel}","templated":true}]}}