{"id":9227,"date":"2013-06-20T11:21:56","date_gmt":"2013-06-20T09:21:56","guid":{"rendered":"https:\/\/leguidedesmontres.com\/fr\/actualites\/une-journee-a-lecole-van-cleef-arpels\/"},"modified":"2013-06-20T11:21:56","modified_gmt":"2013-06-20T09:21:56","slug":"une-journee-a-lecole-van-cleef-arpels","status":"publish","type":"post","link":"https:\/\/leguidedesmontres.com\/fr\/actualites\/une-journee-a-lecole-van-cleef-arpels\/","title":{"rendered":"Une journ\u00e9e \u00e0 l\u2019\u00e9cole Van Cleef &amp; Arpels"},"content":{"rendered":"<p><img decoding=\"async\" data-src=\"\/fr\/wp-content\/uploads\/2025\/06\/192_ecole_van_cleef_arpels.jpg\" alt=\"Une journ\u00e9e \u00e0 l\u2019\u00e9cole Van Cleef &#038; Arpels\" class=\"wp-image featured-image lazyload\" src=\"data:image\/svg+xml;base64,PHN2ZyB3aWR0aD0iMSIgaGVpZ2h0PSIxIiB4bWxucz0iaHR0cDovL3d3dy53My5vcmcvMjAwMC9zdmciPjwvc3ZnPg==\" style=\"--smush-placeholder-width: 620px; --smush-placeholder-aspect-ratio: 620\/469;\" \/><\/p>\n<p><span>Retourner sur les bancs de l\u2019\u00e9cole n\u2019est pas chose ais\u00e9e, sauf lorsqu\u2019il s\u2019agit de passer une journ\u00e9e chez <strong>Van Cleef &#038; Arpels,<\/strong> <strong>place Vend\u00f4me<\/strong>. <\/span><\/p>\n<p><span>La maison a souhait\u00e9, gr\u00e2ce \u00e0 son \u00e9cole cr\u00e9\u00e9e en 2012, <strong>initier<\/strong>, <strong>former<\/strong> et <strong>promouvoir<\/strong> les m\u00e9tiers de la <strong>joaillerie<\/strong> et de <strong>l\u2019horlogerie<\/strong>. <\/span><\/p>\n<p><span>Ici, pas de salle de classe ni de tableau noir, l\u2019accueil des \u00e9l\u00e8ves se fait autour d\u2019un amical verre qui permet de se rencontrer; les <strong>cours<\/strong> et les <strong>ateliers<\/strong>, aujourd\u2019hui au nombre de 14, ont lieu dans les \u00e9l\u00e9gants salons du prestigieux <strong>h\u00f4tel d\u2019Evreux<\/strong>. Notre reporter a assist\u00e9 \u00e0 l\u2019un d\u2019entre eux, <strong>d\u00e9di\u00e9 \u00e0 l\u2019horlogerie<\/strong>. <\/span><\/p>\n<p><span><\/span><\/p>\n<\/p>\n<p><b><span><span> <\/span>\u00abHistoire du temps, histoire des hommes \u00bb<\/span><\/b><\/p>\n<p><b><\/b><\/p>\n<p><b><\/b><\/p>\n<p><span><\/span><\/p>\n<\/p>\n<p><span>L\u2019intitul\u00e9 du cours, quelque peu abstrait, est \u00e9clair\u00e9 par la qualit\u00e9 de l\u2019enseignant : <strong>Dominique Fl\u00e9chon<\/strong>, c\u00e9l\u00e8bre historien et <strong>expert en horlogerie ancienne<\/strong>. Il est notamment l\u2019auteur du tr\u00e8s remarqu\u00e9 \u00ab <strong>La Conqu\u00eate du Temps<\/strong> \u00bb, lequel fait office depuis 2011 de r\u00e9f\u00e9rence en mati\u00e8re d\u2019<strong>histoire de l\u2019horlogerie<\/strong>. <\/span><\/p>\n<p><span>Pour comprendre l\u2019horlogerie d\u2019aujourd\u2019hui, <strong>Dominique Fl\u00e9chon<\/strong> d\u00e9bute son cours&#8230; par le <strong>big-bang<\/strong>, il y a plus de 13 milliards d\u2019ann\u00e9es !<\/span><\/p>\n<p><span>Son r\u00e9cit conte ainsi l\u2019histoire d\u2019hommes dont la vie \u00e9tait rythm\u00e9e par le soleil, les phases de lune et le cycle des saisons. Pour eux, ni pass\u00e9, ni pr\u00e9sent, ni futur. Des <strong>cadrans solaires<\/strong> \u00e0 <strong>l\u2019horloge atomique<\/strong>, il explique, simplement, l\u2019\u00e9volution \u00e9troitement li\u00e9e du genre humain avec la <strong>lecture du temps<\/strong> : pourquoi l\u2019homme a-t-il eu un jour besoin de <strong>mesurer le temps<\/strong> ? Comment l\u2019horloge jusqu\u2019alors publique est rentr\u00e9e dans les maisons et a fini par devenir un accessoire de mode ? <strong>Quel avenir pr\u00e9dire \u00e0 l\u2019horlogerie ?<\/strong> <span> <\/span><\/span><\/p>\n<p><span>L\u2019ambiance est studieuse et chaleureuse, compos\u00e9e d\u2019une dizaine d\u2019\u00e9l\u00e8ves. Dominique Fl\u00e9chon, dont le cours est inspir\u00e9 de son ouvrage, passionne et fait voyager \u00e0 travers les si\u00e8cles \u00e0 travers une pr\u00e9sentation projet\u00e9e, laquelle ne l\u2019emp\u00eache pas de circuler au sein du groupe. <\/span><\/p>\n<p><span>L\u2019apr\u00e8s-midi de cours est entrecoup\u00e9e par des ateliers ludiques : les yeux band\u00e9s, une musique en fond sonore, chaque \u00e9l\u00e8ve doit mentalement d\u00e9compter 1 minute ou plus exactement \u00ab sa minute \u00bb. L\u2019exercice r\u00e9v\u00e8le une conception tr\u00e8s personnelle du temps qui passe : cette \u2018minute\u2019 va de 45 secondes \u00e0 plus de deux minutes ! Simple, cette activit\u00e9 montre \u00e0 quel point chacun \u00e0 sa propre <strong>perception du temps<\/strong>.<\/span><\/p>\n<p><span>Au final, le niveau d\u2019enseignement est \u00e9lev\u00e9, tout en restant accessible au plus grand nombre. Pouvoir passer avec M. Fl\u00e9chon un cours presque particulier d\u2019une demie journ\u00e9e est un privil\u00e8ge rare. Sa <strong>connaissance encyclop\u00e9dique<\/strong>, ici r\u00e9sum\u00e9e \u00e0 l\u2019extr\u00eame, donne un simple aper\u00e7u de <strong>l\u2019histoire de l\u2019horlogerie<\/strong>. La seule envie qui r\u00e9sulte de cet enseignement est celle de revenir \u00e0 <strong>l\u2019Ecole Van Cleef &#038; Arpels<\/strong> pour d\u00e9couvrir d\u2019autres joyaux de culture d\u2019art, qu\u2019elle soit horlog\u00e8re ou joailli\u00e8re. <\/span><\/p>\n<p><span>Apr\u00e8s cette journ\u00e9e, que l\u2019on soit simple amateur d\u2019histoire ou passionn\u00e9 d\u2019horlogerie, <strong>on ne regarde plus son garde-temps de la m\u00eame mani\u00e8re<\/strong>. Ce n\u2019est plus un simple bo\u00eetier qui donne l\u2019heure, ce sont <strong>des si\u00e8cles d\u2019histoire<\/strong>, de recherches et d\u2019hommes qui ont r\u00e9alis\u00e9 l\u2019impossible. <\/span><\/p>\n<p><span><\/span><\/p>\n<\/p>\n<p><span>Plus d\u2019infos : <a target=\"_blank\" href=\"http:\/\/www.lecolevancleefarpels.com\" rel=\"noopener noreferrer nofollow\"><strong>http:\/\/www.lecolevancleefarpels.com<\/strong><\/a> <\/span><\/p>\n<p><span><\/span><\/p>\n<\/p>\n<p><span>C\u00e9cile Bernardini<\/span><\/p>\n<p><i><span>Visuels \u00a9 Van Cleef &#038; Arpels \u2013 Delos Communications<\/span><\/i><\/p>\n<\/p>\n<p><i><span><\/span><\/i><\/p>\n<p><i><\/i><\/p>\n<p><i><\/i><br \/>\n<img decoding=\"async\" data-src=\"\/fr\/wp-content\/uploads\/2025\/06\/192_735_l_ecole_history_of_art_van_cleef___arpels.jpg\" alt=\"\" class=\"wp-image lazyload\" src=\"data:image\/svg+xml;base64,PHN2ZyB3aWR0aD0iMSIgaGVpZ2h0PSIxIiB4bWxucz0iaHR0cDovL3d3dy53My5vcmcvMjAwMC9zdmciPjwvc3ZnPg==\" style=\"--smush-placeholder-width: 620px; --smush-placeholder-aspect-ratio: 620\/413;\" \/><br \/>\n<img decoding=\"async\" data-src=\"\/fr\/wp-content\/uploads\/2025\/06\/192_736_van_cleef_arpels_l_ecole_dominique_flechon.jpg\" alt=\"\" class=\"wp-image lazyload\" src=\"data:image\/svg+xml;base64,PHN2ZyB3aWR0aD0iMSIgaGVpZ2h0PSIxIiB4bWxucz0iaHR0cDovL3d3dy53My5vcmcvMjAwMC9zdmciPjwvc3ZnPg==\" style=\"--smush-placeholder-width: 620px; --smush-placeholder-aspect-ratio: 620\/413;\" \/><\/p>\n","protected":false},"excerpt":{"rendered":"<p>Retourner sur les bancs de l\u2019\u00e9cole n\u2019est pas chose ais\u00e9e, sauf lorsqu\u2019il s\u2019agit de passer une journ\u00e9e chez Van Cleef<\/p>\n","protected":false},"author":1,"featured_media":9228,"comment_status":"open","ping_status":"open","sticky":false,"template":"","format":"standard","meta":{"_acf_changed":false,"footnotes":""},"categories":[705],"tags":[704],"class_list":["post-9227","post","type-post","status-publish","format-standard","has-post-thumbnail","hentry","category-autre","tag-a-voir"],"acf":[],"_links":{"self":[{"href":"https:\/\/leguidedesmontres.com\/fr\/wp-json\/wp\/v2\/posts\/9227","targetHints":{"allow":["GET"]}}],"collection":[{"href":"https:\/\/leguidedesmontres.com\/fr\/wp-json\/wp\/v2\/posts"}],"about":[{"href":"https:\/\/leguidedesmontres.com\/fr\/wp-json\/wp\/v2\/types\/post"}],"author":[{"embeddable":true,"href":"https:\/\/leguidedesmontres.com\/fr\/wp-json\/wp\/v2\/users\/1"}],"replies":[{"embeddable":true,"href":"https:\/\/leguidedesmontres.com\/fr\/wp-json\/wp\/v2\/comments?post=9227"}],"version-history":[{"count":0,"href":"https:\/\/leguidedesmontres.com\/fr\/wp-json\/wp\/v2\/posts\/9227\/revisions"}],"wp:featuredmedia":[{"embeddable":true,"href":"https:\/\/leguidedesmontres.com\/fr\/wp-json\/wp\/v2\/media\/9228"}],"wp:attachment":[{"href":"https:\/\/leguidedesmontres.com\/fr\/wp-json\/wp\/v2\/media?parent=9227"}],"wp:term":[{"taxonomy":"category","embeddable":true,"href":"https:\/\/leguidedesmontres.com\/fr\/wp-json\/wp\/v2\/categories?post=9227"},{"taxonomy":"post_tag","embeddable":true,"href":"https:\/\/leguidedesmontres.com\/fr\/wp-json\/wp\/v2\/tags?post=9227"}],"curies":[{"name":"wp","href":"https:\/\/api.w.org\/{rel}","templated":true}]}}