{"id":9233,"date":"2013-06-18T13:05:03","date_gmt":"2013-06-18T11:05:03","guid":{"rendered":"https:\/\/leguidedesmontres.com\/fr\/actualites\/richard-mille-a-vendre\/"},"modified":"2013-06-18T13:05:03","modified_gmt":"2013-06-18T11:05:03","slug":"richard-mille-a-vendre","status":"publish","type":"post","link":"https:\/\/leguidedesmontres.com\/fr\/actualites\/richard-mille-a-vendre\/","title":{"rendered":"Richard Mille \u00e0 vendre ?"},"content":{"rendered":"<p><img decoding=\"async\" data-src=\"\/fr\/wp-content\/uploads\/2025\/06\/189_richard_mille_laurent_picciotto.jpg\" alt=\"Richard Mille \u00e0 vendre ?\" class=\"wp-image featured-image lazyload\" src=\"data:image\/svg+xml;base64,PHN2ZyB3aWR0aD0iMSIgaGVpZ2h0PSIxIiB4bWxucz0iaHR0cDovL3d3dy53My5vcmcvMjAwMC9zdmciPjwvc3ZnPg==\" style=\"--smush-placeholder-width: 620px; --smush-placeholder-aspect-ratio: 620\/803;\" \/><\/p>\n<p><span>La marque <strong><a target=\"_blank\" href=\"https:\/\/leguidedesmontres.com\/fr\/prix-du-neuf\/richard-mille\">Richard Mille<\/a><\/strong>, propri\u00e9t\u00e9 \u00e0 <strong>90%<\/strong> de son fondateur \u00e9ponyme et \u00e0 <strong>10%<\/strong> d\u2019<strong><a target=\"_blank\" href=\"https:\/\/leguidedesmontres.com\/fr\/prix-du-neuf\/audemars-piguet\">Audemars Piguet<\/a><\/strong>, est en contact rapproch\u00e9 avec <strong>Kering<\/strong>, <strong>ex PPR<\/strong>, apprend-on de diff\u00e9rentes sources. <\/span><\/p>\n<p><span>Certes, pour paraphraser l\u2019adage, <strong>Richard Mille n\u2019est pas \u00e0 vendre<\/strong>, mais tout s\u2019ach\u00e8te, pour peu que l\u2019on y mette le prix. Ce prix, en l\u2019occurrence, serait d\u2019environ <strong>300 millions d\u2019euros<\/strong>, soit une valorisation de <strong>2,5 \u00e0 3 fois<\/strong> les ventes attendues de la marque pour 2013, nous apprennent les Echos. <\/span><\/p>\n<p><span>La marque <strong>Richard Mille<\/strong> existe <strong>depuis 2001<\/strong>. Fondamentalement en rupture sur tous les plans (technologique, esth\u00e9tique, mais aussi en termes d\u2019access price), ses <strong>garde-temps sont d\u2019un luxe aussi ostentatoire qu\u2019exigeant<\/strong>, ne se refusant aucune <strong>complication<\/strong>, notamment par le concours de l\u2019ARP (Atelier Renaud &#038; Papi) qui lui con\u00e7oit ses complications, au m\u00eame titre que Vaucher. <strong>Marque \u00e0 la progression fulgurante<\/strong>, <strong>Richard Mille<\/strong> a remodel\u00e9 en profondeur le sillon de <strong>l\u2019horlogerie moderne, voire futuriste<\/strong>, l\u00e0 o\u00f9 un <strong>Urwerk<\/strong>, par exemple, peinait \u00e0 s\u00e9duire les masses en raison de son aust\u00e9rit\u00e9. <strong>Richard Mille<\/strong>, a l\u2019inverse, a su s\u00e9duire le grand public par une <strong>politique d\u00e9brid\u00e9e d\u2019ambassadeurs<\/strong>, tels <strong>Felipe Massa<\/strong>, <strong><a target=\"_blank\" href=\"https:\/\/leguidedesmontres.com\/fr\/collectionneurs\/138\/richard-mille-rm-035-rafael-nadal\">Rafael Nadal<\/a><\/strong> ou plus r\u00e9cemment <strong>S\u00e9bastien Loeb<\/strong>. <\/span><\/p>\n<p><span><\/span><\/p>\n<\/p>\n<p><b><span>L\u2019exemple LVMH<\/span><\/b><\/p>\n<p><b><\/b><\/p>\n<p><b><\/b><\/p>\n<p><strong><span>Kering<\/span><\/strong><span>, pour sa part, poss\u00e8de d\u00e9j\u00e0 le joaillier <strong>Boucheron<\/strong> et la <strong><a target=\"_blank\" href=\"https:\/\/leguidedesmontres.com\/fr\/prix-du-neuf\/girard-perregaux\">manufacture Girard-Perregaux<\/a><\/strong>, \u00e0 la discr\u00e8te mais r\u00e9elle <strong>empreinte horlog\u00e8re<\/strong>, mais aussi et surtout dot\u00e9e d\u2019une belle capacit\u00e9 manufacturi\u00e8re. Avec <strong>Richard Mille<\/strong>, <strong>Kering<\/strong> compl\u00e8terait son portefeuille sur le <strong>segment du luxe<\/strong> ultra-technique, sans faire d\u2019ombre \u00e0 ses deux autres actifs. Bien vu. C\u2019est d\u2019ailleurs le mod\u00e8le de <strong>LVMH<\/strong>, qui poss\u00e8de un joaillier (<strong>Dior<\/strong>), une manufacture traditionnelle (<strong><a target=\"_blank\" href=\"https:\/\/leguidedesmontres.com\/fr\/prix-du-neuf\/zenith\">Zenith<\/a><\/strong>), et une marque technique, <strong><a target=\"_blank\" href=\"https:\/\/leguidedesmontres.com\/fr\/prix-du-neuf\/tag-heuer\">TAG Heuer<\/a><\/strong> (laquelle a le double m\u00e9rite, en plus, de s\u00e9duire les masses avec ses mod\u00e8les d\u2019entr\u00e9e de gamme). <\/span><\/p>\n<p><span>Le rapprochement aurait donc du sens mais, \u00e9videmment, rien n\u2019est fait. <strong>Richard Mille<\/strong>, l\u2019homme, ne semble pas pr\u00eat \u00e0 envisager une quelconque <strong>entr\u00e9e au capitale<\/strong>, fut-elle majoritaire (51%) avant l\u2019ann\u00e9e prochaine. <\/span><\/p>\n<p><span>La pr\u00e9sidence de la marque sera bien entendu un \u00e9l\u00e9ment cl\u00e9 : comme pour <strong><a target=\"_blank\" href=\"https:\/\/leguidedesmontres.com\/fr\/prix-du-neuf\/hublot\">Hublot<\/a><\/strong> avec <strong><a target=\"_blank\" href=\"https:\/\/leguidedesmontres.com\/fr\/actualites\/131\/jean-claude-biver-hublot-interview-au-sommet\">Jean-Claude Biver<\/a><\/strong>, <strong>Richard Mille<\/strong>, la marque, est <strong>fondamentalement, visc\u00e9ralement, incarn\u00e9e par Richard Mille<\/strong>, l\u2019homme. Ce dernier a su agr\u00e9ger autour de lui parmi les meilleurs d\u00e9taillants, \u00e0 l\u2019instar de <strong>Laurent Picciotto<\/strong>, partie prenante engag\u00e9e chez <strong>Richard Mille<\/strong> d\u00e8s les premiers prototypes. La relation intime qu\u2019a nou\u00e9 les deux hommes, qu\u2019ils n\u2019h\u00e9sitent pas \u00e0 <a target=\"_blank\" href=\"http:\/\/www.chronopassion.com\/2012\/12\/a-couteaux-tires%C2%A0-l%E2%80%99interview-croisee-sans-concession-de-richard-mille\/?lang=fr\" rel=\"noopener noreferrer nofollow\">exposer<\/a>, saurait-elle r\u00e9sister au d\u00e9part de Richard Mille ? L\u2019hypoth\u00e8se ne semble pas envisag\u00e9e, l\u2019homme restant aux commandes de sa marque. Pour le moment. <\/span><\/p>\n<p><span><\/span><\/p>\n<\/p>\n<p><span>Olivier M\u00fcller<\/span><\/p>\n<p><span><\/span><\/p>\n<\/p>\n<p><span>Visuels \u00a9 Richard Mille \/ Chronopassion<\/span><\/p>\n<\/p>\n<p><img decoding=\"async\" data-src=\"\/fr\/wp-content\/uploads\/2025\/06\/189_729_richard_mille_rm027_nadal.jpg\" alt=\"\" class=\"wp-image lazyload\" src=\"data:image\/svg+xml;base64,PHN2ZyB3aWR0aD0iMSIgaGVpZ2h0PSIxIiB4bWxucz0iaHR0cDovL3d3dy53My5vcmcvMjAwMC9zdmciPjwvc3ZnPg==\" style=\"--smush-placeholder-width: 620px; --smush-placeholder-aspect-ratio: 620\/700;\" \/><\/p>\n","protected":false},"excerpt":{"rendered":"<p>La marque Richard Mille, propri\u00e9t\u00e9 \u00e0 90% de son fondateur \u00e9ponyme et \u00e0 10% d\u2019Audemars Piguet, est en contact rapproch\u00e9<\/p>\n","protected":false},"author":1,"featured_media":9234,"comment_status":"open","ping_status":"open","sticky":false,"template":"","format":"standard","meta":{"_acf_changed":false,"footnotes":""},"categories":[709],"tags":[706],"class_list":["post-9233","post","type-post","status-publish","format-standard","has-post-thumbnail","hentry","category-richard-mille","tag-au-fil-de-lactualite"],"acf":[],"_links":{"self":[{"href":"https:\/\/leguidedesmontres.com\/fr\/wp-json\/wp\/v2\/posts\/9233","targetHints":{"allow":["GET"]}}],"collection":[{"href":"https:\/\/leguidedesmontres.com\/fr\/wp-json\/wp\/v2\/posts"}],"about":[{"href":"https:\/\/leguidedesmontres.com\/fr\/wp-json\/wp\/v2\/types\/post"}],"author":[{"embeddable":true,"href":"https:\/\/leguidedesmontres.com\/fr\/wp-json\/wp\/v2\/users\/1"}],"replies":[{"embeddable":true,"href":"https:\/\/leguidedesmontres.com\/fr\/wp-json\/wp\/v2\/comments?post=9233"}],"version-history":[{"count":0,"href":"https:\/\/leguidedesmontres.com\/fr\/wp-json\/wp\/v2\/posts\/9233\/revisions"}],"wp:featuredmedia":[{"embeddable":true,"href":"https:\/\/leguidedesmontres.com\/fr\/wp-json\/wp\/v2\/media\/9234"}],"wp:attachment":[{"href":"https:\/\/leguidedesmontres.com\/fr\/wp-json\/wp\/v2\/media?parent=9233"}],"wp:term":[{"taxonomy":"category","embeddable":true,"href":"https:\/\/leguidedesmontres.com\/fr\/wp-json\/wp\/v2\/categories?post=9233"},{"taxonomy":"post_tag","embeddable":true,"href":"https:\/\/leguidedesmontres.com\/fr\/wp-json\/wp\/v2\/tags?post=9233"}],"curies":[{"name":"wp","href":"https:\/\/api.w.org\/{rel}","templated":true}]}}