{"id":9235,"date":"2013-06-17T21:01:31","date_gmt":"2013-06-17T19:01:31","guid":{"rendered":"https:\/\/leguidedesmontres.com\/fr\/actualites\/nouvelle-grande-reverso-duoface-ultra-thin-bleue\/"},"modified":"2013-06-17T21:01:31","modified_gmt":"2013-06-17T19:01:31","slug":"nouvelle-grande-reverso-duoface-ultra-thin-bleue","status":"publish","type":"post","link":"https:\/\/leguidedesmontres.com\/fr\/actualites\/nouvelle-grande-reverso-duoface-ultra-thin-bleue\/","title":{"rendered":"Nouvelle Grande Reverso Duoface Ultra Thin bleue"},"content":{"rendered":"<p><img decoding=\"async\" data-src=\"\/fr\/wp-content\/uploads\/2025\/06\/188_jaeger_lecoultre_grande_reverso_ultra_thin_duoface_blue.jpg\" alt=\"Nouvelle Grande Reverso Duoface Ultra Thin bleue\" class=\"wp-image featured-image lazyload\" src=\"data:image\/svg+xml;base64,PHN2ZyB3aWR0aD0iMSIgaGVpZ2h0PSIxIiB4bWxucz0iaHR0cDovL3d3dy53My5vcmcvMjAwMC9zdmciPjwvc3ZnPg==\" style=\"--smush-placeholder-width: 620px; --smush-placeholder-aspect-ratio: 620\/651;\" \/><\/p>\n<p><span>Les r\u00e9centes ventes aux ench\u00e8res ont vu passer quelques<span>  <\/span>magnifiques exemplaires de <strong><a target=\"_blank\" href=\"https:\/\/leguidedesmontres.com\/fr\/cote-occasion\/jaeger-lecoultre\/1015\/jaeger-lecoultre-reverso-classique-1930\">Reverso des ann\u00e9es 30<\/a><\/strong>, sur fonds rouges ou bleus. C\u2019est suivant cette inspiration vintage que <strong><a target=\"_blank\" href=\"https:\/\/leguidedesmontres.com\/fr\/prix-du-neuf\/jaeger-lecoultre\">Jaeger-LeCoultre<\/a><\/strong> a d\u00e9cid\u00e9 de la r\u00e9\u00e9diter dans ce dernier coloris, en version <strong>Ultra-Thin Duoface<\/strong>, c\u2019est-\u00e0-dire de <strong>seulement 9,15 mm de hauteur<\/strong> et d\u2019un <strong>second fuseau horaire au revers du cadran<\/strong> principal, agr\u00e9ment\u00e9 d\u2019un indicateur jour \/ nuit. <\/span><\/p>\n<\/p>\n<p><span>Plusieurs d\u00e9tails rappellent l\u2019inspiration d\u2019\u00e9poque de cette r\u00e9\u00e9dition. Son cadran <strong>laqu\u00e9 bleu<\/strong> reprend la nuance exacte du coloris figurant sur le mod\u00e8le original. Dans la partie sup\u00e9rieure du cadran, la mention \u00ab <strong>REVERSO<\/strong> \u00bb respecte strictement la graphie de la premi\u00e8re <strong>montre \u00e0 bo\u00eetier r\u00e9versible de 1931<\/strong>. Comme l\u2019original, le mouvement est bien entendu \u00e0 <strong>remontage manuel<\/strong>. Enfin, cette <strong>Reverso<\/strong> dispose d\u2019un bracelet en forme de clin d\u2019\u0153il \u00e0 ses origines argentines. <\/span><\/p>\n<\/p>\n<p><span>En effet, elle sera dot\u00e9e d\u2019un bracelet particuli\u00e8rement rare et singulier.<span>  <\/span>R\u00e9alis\u00e9 dans un <strong>cuir cordovan<\/strong> d\u2019une extr\u00eame finesse, il provient d\u2019un atelier artisanal de cinq personnes qui est toujours domicili\u00e9 depuis 1892 \u00e0 <strong>Buenos Aires,<\/strong> la \u00ab <strong>Casa Fagliano<\/strong> \u00bb, renomm\u00e9e pour ses bottes de polo, confectionn\u00e9es avec une extraordinaire attention accord\u00e9e au moindre d\u00e9tail et port\u00e9es par les plus grands joueurs du monde. Avec son bracelet confectionn\u00e9 \u00e0 la main dans une rue paisible de Buenos Aires, la <strong>Grande Reverso Ultra Thin Duoface Blue<\/strong> accompagnera les aficionados de polo autant que ceux d\u2019horlogerie d\u2019exception. <\/span><\/p>\n<\/p>\n<p><span><\/span><\/p>\n<\/p>\n<p><span><\/span><\/p>\n<\/p>\n<p><span>Olivier M\u00fcller<\/span><\/p>\n<p><i><span>Visuels \u00a9 Jaeger-LeCoultre<\/span><\/i><\/p>\n<p><i><\/i><\/p>\n<p><i><\/i><\/p>\n","protected":false},"excerpt":{"rendered":"<p>Les r\u00e9centes ventes aux ench\u00e8res ont vu passer quelques magnifiques exemplaires de Reverso des ann\u00e9es 30, sur fonds rouges ou<\/p>\n","protected":false},"author":1,"featured_media":9236,"comment_status":"open","ping_status":"open","sticky":false,"template":"","format":"standard","meta":{"_acf_changed":false,"footnotes":""},"categories":[707],"tags":[702],"class_list":["post-9235","post","type-post","status-publish","format-standard","has-post-thumbnail","hentry","category-jaeger-lecoultre","tag-coup-de-coeur"],"acf":[],"_links":{"self":[{"href":"https:\/\/leguidedesmontres.com\/fr\/wp-json\/wp\/v2\/posts\/9235","targetHints":{"allow":["GET"]}}],"collection":[{"href":"https:\/\/leguidedesmontres.com\/fr\/wp-json\/wp\/v2\/posts"}],"about":[{"href":"https:\/\/leguidedesmontres.com\/fr\/wp-json\/wp\/v2\/types\/post"}],"author":[{"embeddable":true,"href":"https:\/\/leguidedesmontres.com\/fr\/wp-json\/wp\/v2\/users\/1"}],"replies":[{"embeddable":true,"href":"https:\/\/leguidedesmontres.com\/fr\/wp-json\/wp\/v2\/comments?post=9235"}],"version-history":[{"count":0,"href":"https:\/\/leguidedesmontres.com\/fr\/wp-json\/wp\/v2\/posts\/9235\/revisions"}],"wp:featuredmedia":[{"embeddable":true,"href":"https:\/\/leguidedesmontres.com\/fr\/wp-json\/wp\/v2\/media\/9236"}],"wp:attachment":[{"href":"https:\/\/leguidedesmontres.com\/fr\/wp-json\/wp\/v2\/media?parent=9235"}],"wp:term":[{"taxonomy":"category","embeddable":true,"href":"https:\/\/leguidedesmontres.com\/fr\/wp-json\/wp\/v2\/categories?post=9235"},{"taxonomy":"post_tag","embeddable":true,"href":"https:\/\/leguidedesmontres.com\/fr\/wp-json\/wp\/v2\/tags?post=9235"}],"curies":[{"name":"wp","href":"https:\/\/api.w.org\/{rel}","templated":true}]}}