{"id":9251,"date":"2013-05-31T20:17:59","date_gmt":"2013-05-31T18:17:59","guid":{"rendered":"https:\/\/leguidedesmontres.com\/fr\/actualites\/breitling-fete-60-ans-de-patrouille-de-france\/"},"modified":"2013-05-31T20:17:59","modified_gmt":"2013-05-31T18:17:59","slug":"breitling-fete-60-ans-de-patrouille-de-france","status":"publish","type":"post","link":"https:\/\/leguidedesmontres.com\/fr\/actualites\/breitling-fete-60-ans-de-patrouille-de-france\/","title":{"rendered":"Breitling f\u00eate 60 ans de Patrouille de France"},"content":{"rendered":"<p><img decoding=\"async\" data-src=\"\/fr\/wp-content\/uploads\/2025\/06\/180_chronometrie_breitling_patrouille_de_france.jpg\" alt=\"Breitling f\u00eate 60 ans de Patrouille de France\" class=\"wp-image featured-image lazyload\" src=\"data:image\/svg+xml;base64,PHN2ZyB3aWR0aD0iMSIgaGVpZ2h0PSIxIiB4bWxucz0iaHR0cDovL3d3dy53My5vcmcvMjAwMC9zdmciPjwvc3ZnPg==\" style=\"--smush-placeholder-width: 620px; --smush-placeholder-aspect-ratio: 620\/498;\" \/><\/p>\n<p><strong><i><span>En direct la B.A. 701 de Salon de Provence<\/span><\/i><\/strong><i><span><\/span><\/i><\/p>\n<p><i><\/i><\/p>\n<p><i><\/i><\/p>\n<p><span><\/span><\/p>\n<\/p>\n<p><strong><span>8 pilotes<\/span><\/strong><span> recrut\u00e9s parmi l\u2019\u00e9lite de l\u2019\u00e9lite. <strong>1500 heures de vol pour \u00eatre admis<\/strong>. Des avions \u00e9voluant \u00e0 <strong>800 km\/h<\/strong> \u00e0 moins d\u2019un m\u00e8tre les uns des autres. Et <strong>60 ans au service de la nation<\/strong> pour des repr\u00e9sentations a\u00e9riennes destin\u00e9es \u00e0 valoriser le savoir-faire des meilleurs pilotes de l\u2019<strong>Arm\u00e9e de l\u2019Air<\/strong>&#8230;<\/span><\/p>\n<p><span>Si les chiffres donnent le tournis, le <strong>show a\u00e9rien<\/strong> qui s\u2019est tenu le <strong>25 mai \u00e0 Salon de Provence<\/strong> n\u2019a fait que les amplifier ! Devant un parterre d\u2019ambassadeurs et de people, la <strong>Patrouille de France<\/strong>, amicalement appel\u00e9e la PAF (<strong>Patrouille Acrobatique de France<\/strong>), a d\u00e9montr\u00e9 que malgr\u00e9 son \u00e2ge, sa cr\u00e9ativit\u00e9 et sa ma\u00eetrise technique n\u2019ont pas pris une ride. En t\u00e9moignent les nombreuses autres patrouilles d\u2019Europe venues saluer leur cons\u0153ur : Suisse, Italie, UK, Espagne, Maroc, Croatie, Belgique, etc. <\/span><\/p>\n<p><span>C\u00f4t\u00e9 <strong>horlogerie<\/strong>, <strong><a target=\"_blank\" href=\"https:\/\/leguidedesmontres.com\/fr\/prix-du-neuf\/breitling\">Breitling<\/a><\/strong> est le partenaire privil\u00e9gi\u00e9e de l\u2019escadron tricolore depuis 1985. La <strong>manufacture<\/strong> y a d\u00e9di\u00e9 ses best-sellers au fil de <strong>s\u00e9ries limit\u00e9es<\/strong> devenues fort appr\u00e9ci\u00e9s des collectionneurs : <strong><a target=\"_blank\" href=\"https:\/\/leguidedesmontres.com\/fr\/prix-du-neuf\/breitling\/2789\/401\">Navitimer<\/a><\/strong>, <strong><a target=\"_blank\" href=\"https:\/\/leguidedesmontres.com\/fr\/prix-du-neuf\/breitling\/2999\/612\">Aerospace<\/a><\/strong>, <strong><a target=\"_blank\" href=\"https:\/\/leguidedesmontres.com\/fr\/prix-du-neuf\/breitling\/2815\/425\">Chronomat<\/a><\/strong>, etc. <\/span><\/p>\n<p><span>C\u2019est d\u2019ailleurs la <strong><a target=\"_blank\" href=\"https:\/\/leguidedesmontres.com\/fr\/prix-du-neuf\/breitling\/2819\/429\">Chronomat 44<\/a><\/strong> qui a \u00e0 nouveau \u00e9t\u00e9 choisie pour comm\u00e9morer les <strong>60 ans de la Patrouille<\/strong>. Dans une version acier dot\u00e9e du <strong>calibre B01<\/strong> de la jeune manufacture, la \u00ab <strong>Breitling Chronomat Patrouille de France<\/strong> \u00bb a \u00e9t\u00e9 lanc\u00e9e directement depuis la <strong>base a\u00e9rienne de Salon de Provence<\/strong>. Chacun des <strong>huit pilotes<\/strong> a \u00e9galement re\u00e7u son <strong>propre exemplaire grav\u00e9 \u00e0 son nom<\/strong>, additionn\u00e9s d\u2019un exemplaire pour le pilote de r\u00e9serve. Ce seront donc les <strong>num\u00e9ros 1\/600 \u00e0 9\/600<\/strong>, les <strong>591 autres \u00e9tant destin\u00e9s au public<\/strong>. <strong>250 exemplaires sont d\u00e9j\u00e0 r\u00e9serv\u00e9s pour la France<\/strong>, arrivant en boutique dans les tous prochains jours (<strong>liste disponible au 01 42 61 18 84<\/strong>). <\/span><\/p>\n<p><span>Propos\u00e9e \u00e0 <strong>7050 euros<\/strong> en version bracelet acier ou caoutchouc, elle sera \u00e9dit\u00e9e \u00e0 <strong>600 exemplaires<\/strong>. Par rapport aux versions pr\u00e9c\u00e9dentes, cette nouvelle <strong>\u00e9dition Patrouille de France<\/strong> jouit de 70 heures de r\u00e9serve de marche, rendues possibles gr\u00e2ce au <strong>B01<\/strong>. Elle reste toutefois moins luxueuse que sa grande s\u0153ur <strong><a target=\"_blank\" href=\"https:\/\/leguidedesmontres.com\/fr\/prix-du-neuf\/breitling\/2792\/403\">Navitimer<\/a><\/strong>, r\u00e9alis\u00e9e en<span>  <\/span>titane et or sur bracelet titane et or. <\/span><\/p>\n<p><span>2013 est donc une ann\u00e9e cl\u00e9 pour <strong>Breitling<\/strong>, avec les <strong>10 ans de partenariat avec Bentley<\/strong>, les <strong>60 ans de la Patrouille de France<\/strong> qu\u2019elle accompagne depuis 1985, la tant attendue nouvelle <strong>Emergency II<\/strong> ou encore sa pr\u00e9sence renouvel\u00e9e au Bourget fin juin. Fermement dirig\u00e9e par <strong>M. Schneider<\/strong>, dot\u00e9e d\u2019\u00e9quipes p\u00e9rennes, d\u2019une manufacture \u00e0 La Chaux-de-Fonds, d\u2019une nouvelle <strong><a target=\"_blank\" href=\"https:\/\/leguidedesmontres.com\/fr\/actualites\/31\/premiere-boutique-breitling-a-paris\">boutique Rue de la Paix<\/a><\/strong>, d\u2019un SAV flambant neuf \u00e0 Besan\u00e7on, d\u2019ambassadeurs de haut niveau (<strong><a target=\"_blank\" href=\"https:\/\/leguidedesmontres.com\/fr\/actualites\/71\/john-travolta-lance-la-navitimer-60th-anniversary\">Travolta<\/a><\/strong>, Beckham), rien ne semble pouvoir arr\u00eater Breitling. <\/span><\/p>\n<p><span><\/span><\/p>\n<\/p>\n<p><span><\/span><\/p>\n<\/p>\n<p><span>Olivier M\u00fcller<\/span><\/p>\n<p><i><span>Visuels : \u00a9 Breitling \u2013 Delos Communications<\/span><\/i><\/p>\n<p><i><\/i><\/p>\n<p><i><\/i><br \/>\n<img decoding=\"async\" data-src=\"\/fr\/wp-content\/uploads\/2025\/06\/180_705_breitling_chronomat_patrouille_de_france_60_ans_serie_limitee.jpg\" alt=\"\" class=\"wp-image lazyload\" src=\"data:image\/svg+xml;base64,PHN2ZyB3aWR0aD0iMSIgaGVpZ2h0PSIxIiB4bWxucz0iaHR0cDovL3d3dy53My5vcmcvMjAwMC9zdmciPjwvc3ZnPg==\" style=\"--smush-placeholder-width: 620px; --smush-placeholder-aspect-ratio: 620\/653;\" \/><br \/>\n<img decoding=\"async\" data-src=\"\/fr\/wp-content\/uploads\/2025\/06\/180_706_breitling_60_ans_patrouille_de_france.jpg\" alt=\"\" class=\"wp-image lazyload\" src=\"data:image\/svg+xml;base64,PHN2ZyB3aWR0aD0iMSIgaGVpZ2h0PSIxIiB4bWxucz0iaHR0cDovL3d3dy53My5vcmcvMjAwMC9zdmciPjwvc3ZnPg==\" style=\"--smush-placeholder-width: 620px; --smush-placeholder-aspect-ratio: 620\/450;\" \/><br \/>\n<img decoding=\"async\" data-src=\"\/fr\/wp-content\/uploads\/2025\/06\/180_707_breitling_60_ans_patrouille_de_france_andre_uzan.jpg\" alt=\"\" class=\"wp-image lazyload\" src=\"data:image\/svg+xml;base64,PHN2ZyB3aWR0aD0iMSIgaGVpZ2h0PSIxIiB4bWxucz0iaHR0cDovL3d3dy53My5vcmcvMjAwMC9zdmciPjwvc3ZnPg==\" style=\"--smush-placeholder-width: 620px; --smush-placeholder-aspect-ratio: 620\/413;\" \/><br \/>\n<img decoding=\"async\" data-src=\"\/fr\/wp-content\/uploads\/2025\/06\/180_708_breitling_60_ans_patrouille_de_france_b01.jpg\" alt=\"\" class=\"wp-image lazyload\" src=\"data:image\/svg+xml;base64,PHN2ZyB3aWR0aD0iMSIgaGVpZ2h0PSIxIiB4bWxucz0iaHR0cDovL3d3dy53My5vcmcvMjAwMC9zdmciPjwvc3ZnPg==\" style=\"--smush-placeholder-width: 620px; --smush-placeholder-aspect-ratio: 620\/549;\" \/><br \/>\n<img decoding=\"async\" data-src=\"\/fr\/wp-content\/uploads\/2025\/06\/180_709_breitling_patrouille_de_france.jpg\" alt=\"\" class=\"wp-image lazyload\" src=\"data:image\/svg+xml;base64,PHN2ZyB3aWR0aD0iMSIgaGVpZ2h0PSIxIiB4bWxucz0iaHR0cDovL3d3dy53My5vcmcvMjAwMC9zdmciPjwvc3ZnPg==\" style=\"--smush-placeholder-width: 620px; --smush-placeholder-aspect-ratio: 620\/413;\" \/><br \/>\n<img decoding=\"async\" data-src=\"\/fr\/wp-content\/uploads\/2025\/06\/180_710_breitling_patrouille_de_france_chronomat_b_01.jpg\" alt=\"\" class=\"wp-image lazyload\" src=\"data:image\/svg+xml;base64,PHN2ZyB3aWR0aD0iMSIgaGVpZ2h0PSIxIiB4bWxucz0iaHR0cDovL3d3dy53My5vcmcvMjAwMC9zdmciPjwvc3ZnPg==\" style=\"--smush-placeholder-width: 620px; --smush-placeholder-aspect-ratio: 620\/413;\" \/><\/p>\n","protected":false},"excerpt":{"rendered":"<p>En direct la B.A. 701 de Salon de Provence 8 pilotes recrut\u00e9s parmi l\u2019\u00e9lite de l\u2019\u00e9lite. 1500 heures de vol<\/p>\n","protected":false},"author":1,"featured_media":9252,"comment_status":"open","ping_status":"open","sticky":false,"template":"","format":"standard","meta":{"_acf_changed":false,"footnotes":""},"categories":[725],"tags":[702],"class_list":["post-9251","post","type-post","status-publish","format-standard","has-post-thumbnail","hentry","category-breitling","tag-coup-de-coeur"],"acf":[],"_links":{"self":[{"href":"https:\/\/leguidedesmontres.com\/fr\/wp-json\/wp\/v2\/posts\/9251","targetHints":{"allow":["GET"]}}],"collection":[{"href":"https:\/\/leguidedesmontres.com\/fr\/wp-json\/wp\/v2\/posts"}],"about":[{"href":"https:\/\/leguidedesmontres.com\/fr\/wp-json\/wp\/v2\/types\/post"}],"author":[{"embeddable":true,"href":"https:\/\/leguidedesmontres.com\/fr\/wp-json\/wp\/v2\/users\/1"}],"replies":[{"embeddable":true,"href":"https:\/\/leguidedesmontres.com\/fr\/wp-json\/wp\/v2\/comments?post=9251"}],"version-history":[{"count":0,"href":"https:\/\/leguidedesmontres.com\/fr\/wp-json\/wp\/v2\/posts\/9251\/revisions"}],"wp:featuredmedia":[{"embeddable":true,"href":"https:\/\/leguidedesmontres.com\/fr\/wp-json\/wp\/v2\/media\/9252"}],"wp:attachment":[{"href":"https:\/\/leguidedesmontres.com\/fr\/wp-json\/wp\/v2\/media?parent=9251"}],"wp:term":[{"taxonomy":"category","embeddable":true,"href":"https:\/\/leguidedesmontres.com\/fr\/wp-json\/wp\/v2\/categories?post=9251"},{"taxonomy":"post_tag","embeddable":true,"href":"https:\/\/leguidedesmontres.com\/fr\/wp-json\/wp\/v2\/tags?post=9251"}],"curies":[{"name":"wp","href":"https:\/\/api.w.org\/{rel}","templated":true}]}}