{"id":9283,"date":"2013-04-23T15:40:11","date_gmt":"2013-04-23T13:40:11","guid":{"rendered":"https:\/\/leguidedesmontres.com\/fr\/actualites\/spero-lucem-et-la-lumiere-fut\/"},"modified":"2013-04-23T15:40:11","modified_gmt":"2013-04-23T13:40:11","slug":"spero-lucem-et-la-lumiere-fut","status":"publish","type":"post","link":"https:\/\/leguidedesmontres.com\/fr\/actualites\/spero-lucem-et-la-lumiere-fut\/","title":{"rendered":"Spero Lucem : et la lumi\u00e8re f\u00fbt"},"content":{"rendered":"<p><img decoding=\"async\" data-src=\"\/fr\/wp-content\/uploads\/2025\/06\/163_spero_lucem_clemence.jpg\" alt=\"Spero Lucem : et la lumi\u00e8re f\u00fbt\" class=\"wp-image featured-image lazyload\" src=\"data:image\/svg+xml;base64,PHN2ZyB3aWR0aD0iMSIgaGVpZ2h0PSIxIiB4bWxucz0iaHR0cDovL3d3dy53My5vcmcvMjAwMC9zdmciPjwvc3ZnPg==\" style=\"--smush-placeholder-width: 620px; --smush-placeholder-aspect-ratio: 620\/634;\" \/><\/p>\n<p><strong><span>Spero Lucem<\/span><\/strong><span> est l\u2019une des cr\u00e9ations de marques les plus attendues de ce <strong><a target=\"_blank\" href=\"https:\/\/leguidedesmontres.com\/fr\/actualites\/117\/sihh-gte-bw13-les-acronymes-a-comprendre\">Baselworld<\/a><\/strong>. Elle \u00e9mane d\u2019<a target=\"_blank\" href=\"https:\/\/leguidedesmontres.com\/fr\/actualites\/123\/gte-inside-rien-narrete-yvan-arpa-\"><strong>Yvan Arpa<\/strong><\/a>, cr\u00e9ateur d\u2019<strong>ArtyA<\/strong>, et repose sur son rachat de l\u2019une des derni\u00e8res manufactures genevoises, situ\u00e9e \u00e0 quelques m\u00e8tres du Lac. <\/span><\/p>\n<\/p>\n<p><span>Spero Lucem tient son nom issu de la c\u00e9l\u00e8bre devise de Gen\u00e8ve \u00ab<strong><i>Post Tenebras Lux<\/i><\/strong>\u00bb pr\u00e9sente dans les armoiries de la ville et inscrites sur des monuments publics. <\/span><\/p>\n<\/p>\n<p><span>En r\u00e9alit\u00e9, la devise compl\u00e8te serait plut\u00f4t \u00ab<strong><i>Post Tenebras Spero Lucem<\/i><\/strong>\u00bb. Il s&rsquo;agit d\u2019une traduction latine d\u2019un fragment de phrase biblique issu du livre de Job (chapitre XVII, ver<strong>set 12), dans l&rsquo;Ancien Testament: \u00ab<i>Noctem verterunt in diem, et rursum POST TENEBRAS SPERO LUCEM<\/i><\/strong>\u00bb. Cela signifie: <i>\u00ab<strong>Ils ont chang\u00e9 la nuit en jour, apr\u00e8s les t\u00e9n\u00e8bres, j&rsquo;esp\u00e8re revoir la lumi\u00e8re<\/strong>\u00bb<\/i>. Selon le sens du passage complet, on peut aussi traduire <i>\u00ab<strong>Apr\u00e8s la calamit\u00e9, j\u2019aspire au bonheur<\/strong>\u00bb<\/i>. <\/span><span><\/span><\/p>\n<\/p>\n<p><span>Historiquement, en proscrivant le luxe et l\u2019apparat, <strong>le mouvement de la R\u00e9forme favorise l\u2019essor de l\u2019horlogerie<\/strong>. Les orf\u00e8vres sont contraints de se reconvertir et l\u2019asile octroy\u00e9 \u00e0 de nombreux artisans et gens de m\u00e9tiers pers\u00e9cut\u00e9s en France pour leurs convictions religieuses, participe \u00e0 la reconnaissance des m\u00e9tiers de l\u2019horlogerie. Spero Lucem est une marque dont la vocation est de <strong>rendre hommage \u00e0 Gen\u00e8ve et \u00e0 ses fondamentaux.<\/strong><\/span><\/p>\n<\/p>\n<p><span>La <strong>Cl\u00e9mence<\/strong> est la premi\u00e8re des deux premi\u00e8res pi\u00e8ces de la marque, un <strong>tourbillon<\/strong>, <strong>r\u00e9p\u00e9tition minute<\/strong>, avec une troisi\u00e8me complication, jamais encore r\u00e9alis\u00e9e dans l\u2019histoire de l\u2019horlogerie: des<strong> aiguilles<\/strong> qui, lorsque le m\u00e9canisme sonore s\u2019enclenche, <strong>perdent la t\u00eate et deviennent \u00abfolles\u00bb<\/strong>. <\/span><\/p>\n<\/p>\n<p><span>Cette premi\u00e8re mondiale ludique est charg\u00e9e de sens : puisque le r\u00f4le d\u2019une <strong><a target=\"_blank\" href=\"https:\/\/leguidedesmontres.com\/fr\/lexique\">r\u00e9p\u00e9tition minute<\/a><\/strong> est d\u2019indiquer l\u2019heure de mani\u00e8re sonore, autant tout mettre en \u0153uvre pour que celui qui en fait l\u2019usage puisse se concentrer sur le son <strong>sans avoir la tentation de confirmer son \u00e9coute par une appr\u00e9ciation visuelle<\/strong>. Puis, apr\u00e8s la magie du son, le regard reprend ses droits: mues par une m\u00e9moire m\u00e9canique, les aiguilles de La Cl\u00e9mence se repositionnent \u00e0 leur juste place. <\/span><\/p>\n<\/p>\n<p><span>La <strong>cage du tourbillon volant<\/strong> est inspir\u00e9e de la <strong>t\u00eate de la clef pastorale<\/strong> tandis que le colima\u00e7onn\u00e9 soleil du cadran tire son motif du plumage de l\u2019aigle imp\u00e9rial genevois. Au verso de La Cl\u00e9mence, la couronne de l\u2019aigle forme le pont du double volant d\u2019inertie. <\/span><span><\/span><\/p>\n<\/p>\n<p><span>La cl\u00e9mence est une pi\u00e8ce de <strong>44 mm<\/strong>, <strong>471 composants<\/strong>, \u00e0 remontage manuel, dot\u00e9e de 90 heures de r\u00e9serve de marche, en or rose et titane<\/span><span><\/span><\/p>\n<\/p>\n<p><span>Olivier M\u00fcller<\/span><\/p>\n<\/p>\n<p><span>Visuels \u00a9 Spero Lucem<\/span><\/p>\n<\/p>\n<p><img decoding=\"async\" data-src=\"\/fr\/wp-content\/uploads\/2025\/06\/163_591_logo_spero_lucem.jpg\" alt=\"\" class=\"wp-image lazyload\" src=\"data:image\/svg+xml;base64,PHN2ZyB3aWR0aD0iMSIgaGVpZ2h0PSIxIiB4bWxucz0iaHR0cDovL3d3dy53My5vcmcvMjAwMC9zdmciPjwvc3ZnPg==\" style=\"--smush-placeholder-width: 620px; --smush-placeholder-aspect-ratio: 620\/618;\" \/><br \/>\n<img decoding=\"async\" data-src=\"\/fr\/wp-content\/uploads\/2025\/06\/163_592_yvan_arpa_spero_lucem.jpg\" alt=\"\" class=\"wp-image lazyload\" src=\"data:image\/svg+xml;base64,PHN2ZyB3aWR0aD0iMSIgaGVpZ2h0PSIxIiB4bWxucz0iaHR0cDovL3d3dy53My5vcmcvMjAwMC9zdmciPjwvc3ZnPg==\" style=\"--smush-placeholder-width: 620px; --smush-placeholder-aspect-ratio: 620\/763;\" \/><\/p>\n","protected":false},"excerpt":{"rendered":"<p>Spero Lucem est l\u2019une des cr\u00e9ations de marques les plus attendues de ce Baselworld. Elle \u00e9mane d\u2019Yvan Arpa, cr\u00e9ateur d\u2019ArtyA,<\/p>\n","protected":false},"author":1,"featured_media":9284,"comment_status":"open","ping_status":"open","sticky":false,"template":"","format":"standard","meta":{"_acf_changed":false,"footnotes":""},"categories":[705],"tags":[702],"class_list":["post-9283","post","type-post","status-publish","format-standard","has-post-thumbnail","hentry","category-autre","tag-coup-de-coeur"],"acf":[],"_links":{"self":[{"href":"https:\/\/leguidedesmontres.com\/fr\/wp-json\/wp\/v2\/posts\/9283","targetHints":{"allow":["GET"]}}],"collection":[{"href":"https:\/\/leguidedesmontres.com\/fr\/wp-json\/wp\/v2\/posts"}],"about":[{"href":"https:\/\/leguidedesmontres.com\/fr\/wp-json\/wp\/v2\/types\/post"}],"author":[{"embeddable":true,"href":"https:\/\/leguidedesmontres.com\/fr\/wp-json\/wp\/v2\/users\/1"}],"replies":[{"embeddable":true,"href":"https:\/\/leguidedesmontres.com\/fr\/wp-json\/wp\/v2\/comments?post=9283"}],"version-history":[{"count":0,"href":"https:\/\/leguidedesmontres.com\/fr\/wp-json\/wp\/v2\/posts\/9283\/revisions"}],"wp:featuredmedia":[{"embeddable":true,"href":"https:\/\/leguidedesmontres.com\/fr\/wp-json\/wp\/v2\/media\/9284"}],"wp:attachment":[{"href":"https:\/\/leguidedesmontres.com\/fr\/wp-json\/wp\/v2\/media?parent=9283"}],"wp:term":[{"taxonomy":"category","embeddable":true,"href":"https:\/\/leguidedesmontres.com\/fr\/wp-json\/wp\/v2\/categories?post=9283"},{"taxonomy":"post_tag","embeddable":true,"href":"https:\/\/leguidedesmontres.com\/fr\/wp-json\/wp\/v2\/tags?post=9283"}],"curies":[{"name":"wp","href":"https:\/\/api.w.org\/{rel}","templated":true}]}}