{"id":9285,"date":"2013-04-23T13:38:21","date_gmt":"2013-04-23T11:38:21","guid":{"rendered":"https:\/\/leguidedesmontres.com\/fr\/actualites\/politique-chassez-le-naturel-il-revient-en-trotteuse\/"},"modified":"2013-04-23T13:38:21","modified_gmt":"2013-04-23T11:38:21","slug":"politique-chassez-le-naturel-il-revient-en-trotteuse","status":"publish","type":"post","link":"https:\/\/leguidedesmontres.com\/fr\/actualites\/politique-chassez-le-naturel-il-revient-en-trotteuse\/","title":{"rendered":"Politique : chassez le naturel, il revient en trotteuse"},"content":{"rendered":"<p><img decoding=\"async\" data-src=\"\/fr\/wp-content\/uploads\/2025\/06\/162_nicolas_sarkozy_patek_philippe_5140g.jpg\" alt=\"Politique : chassez le naturel, il revient en trotteuse\" class=\"wp-image featured-image lazyload\" src=\"data:image\/svg+xml;base64,PHN2ZyB3aWR0aD0iMSIgaGVpZ2h0PSIxIiB4bWxucz0iaHR0cDovL3d3dy53My5vcmcvMjAwMC9zdmciPjwvc3ZnPg==\" style=\"--smush-placeholder-width: 620px; --smush-placeholder-aspect-ratio: 620\/609;\" \/><\/p>\n<p><span>Apr\u00e8s cet acte de contrition t\u00e9l\u00e9visuel de notre <strong>ancien ministre du budget<\/strong>, et la <strong>publication des patrimoines<\/strong> qui composent le gouvernement, comment r\u00e9sister \u00e0 l\u2019<strong>analyse des poignets des politiques?<\/strong> <\/span><\/p>\n<\/p>\n<p><span>Souvenez vous de <a target=\"_blank\" href=\"http:\/\/fr.wikipedia.org\/wiki\/Jacques_S%C3%A9gu%C3%A9la\" rel=\"noopener noreferrer nofollow\">Jacques S\u00e9gu\u00e9la<\/a>, l\u2019ancien publicitaire, qui avait commis une belle bourde en croyant aider un pr\u00e9sident raill\u00e9. \u00ab <strong>Un homme qui, disait-il, \u00e0 50 ans, n\u2019a pas de Rolex, est quelqu\u2019un qui a rat\u00e9 sa vie<\/strong>. \u00bb <\/span><\/p>\n<\/p>\n<p><span>Au poignet du pr\u00e9sident sortant, on a vu d\u00e9filer nombre de mod\u00e8les symptomatiques d\u2019une \u00e9poque. Les<strong> ann\u00e9es 80<\/strong> \u00e9taient <a target=\"_blank\" href=\"https:\/\/leguidedesmontres.com\/fr\/prix-du-neuf\/cartier\"><strong>Cartier<\/strong><\/a>, les <strong>ann\u00e9es 90<\/strong> \u00e9taient <a target=\"_blank\" href=\"https:\/\/leguidedesmontres.com\/fr\/prix-du-neuf\/breitling\"><strong>Breitling<\/strong><\/a>, les <strong>ann\u00e9es 2000<\/strong> furent <a target=\"_blank\" href=\"https:\/\/leguidedesmontres.com\/fr\/prix-du-neuf\/rolex\"><strong>Rolex<\/strong><\/a>. Le mod\u00e8les mythique de la marque \u00e0 la couronne, la <a target=\"_blank\" href=\"https:\/\/leguidedesmontres.com\/fr\/prix-du-neuf\/rolex\/140\/116520\"><strong>Daytona<\/strong><\/a> en acier est sans doute celle dont on a le plus parl\u00e9. Port\u00e9 en m\u00eame temps que ses lunettes <strong>Ray Ban pilote<\/strong>, l\u2019ensemble fut interpr\u00e9t\u00e9 comme \u00e9tant la preuve du go\u00fbt du pr\u00e9sident pour les codes de l\u2019argent. La fameuse \u00e9tiquette \u00ab <strong>bling-bling<\/strong> \u00bb, dont la presse s\u2019est un vite empar\u00e9e, est venu se coller au dos du pr\u00e9sident, comme un chewing-gum \u00e0 ses talonnettes. D\u00e8s lors, sa nouvelle \u00e9pouse, s\u2019est empress\u00e9 de montrer que d\u00e9sormais, tout avait chang\u00e9 chez l\u2019\u00e9lu de son c\u0153ur, y compris<strong> ses go\u00fbts horlogers<\/strong>. <\/span><\/p>\n<\/p>\n<p><span>C\u2019est donc une magnifique <strong><a target=\"_blank\" href=\"https:\/\/leguidedesmontres.com\/fr\/cote-occasion\/patek-philippe\/1394\/quantieme-perpetuel-ref-5140g\">Patek<span>  <\/span>Philippe 5140G<\/a><\/strong> que l\u2019ex top mod\u00e8le a offerte au pr\u00e9sident. A y regarder de pus pr\u00e8s, le pr\u00e9sident n\u2019\u00e9tait pas qu\u2019un simple fan de montres voyantes. En 2004, il s\u2019\u00e9tait offert une discr\u00e8te et ravissante <strong><a target=\"_blank\" href=\"https:\/\/leguidedesmontres.com\/fr\/prix-du-neuf\/breguet\">Breguet<\/a><\/strong>. Ses go\u00fbts n\u2019\u00e9taient donc pas aussi caricaturaux qu\u2019on a bien voulu nous le faire croire. Curieux hasard ou non, cette montre \u00e9tait la m\u00eame que celle que portait<strong> Jacques Chirac<\/strong>, lui m\u00eame l\u2019ayant re\u00e7ue en cadeau de feu, le <strong>roi Hassan II<\/strong>. Etant donn\u00e9 le succ\u00e8s de la <strong><a target=\"_blank\" href=\"https:\/\/leguidedesmontres.com\/fr\/prix-du-neuf\/patek-philippe\">Patek Philippe<\/a><\/strong> dans les m\u00e9dias, marqueur <span> <\/span>d\u2019un soi disant revirement, la premi\u00e8re dame r\u00e9it\u00e8re l\u2019exp\u00e9rience en f\u00e9vrier dernier \u00e0 l\u2019occasion des 55 ans de son \u00e9poux avec \u00e9l\u00e9gante <strong><a target=\"_blank\" href=\"https:\/\/leguidedesmontres.com\/fr\/prix-du-neuf\/girard-perregaux\">Girard-Perregaux <\/a><\/strong>calendrier annuel en or gris. Qu\u2019en est il chez ses adversaires ?<\/span><\/p>\n<\/p>\n<p><img decoding=\"async\" data-src=\"\/fr\/wp-content\/uploads\/2025\/06\/162_585_pierre_moscovici_reverso.jpg\" alt=\"\" class=\"wp-image lazyload\" src=\"data:image\/svg+xml;base64,PHN2ZyB3aWR0aD0iMSIgaGVpZ2h0PSIxIiB4bWxucz0iaHR0cDovL3d3dy53My5vcmcvMjAwMC9zdmciPjwvc3ZnPg==\" style=\"--smush-placeholder-width: 620px; --smush-placeholder-aspect-ratio: 620\/463;\" \/><\/p>\n<p><span>Passons rapidement sur le sujet <strong>Fran\u00e7ois Hollande<\/strong>. L\u2019homme porte une simple<strong> Swatch<\/strong>, en toute circonstance et le sujet, ne l\u2019int\u00e9resse gu\u00e8re. Plus paradoxal est le cas de Jean luc M\u00e9lanchon. L\u2019ardent d\u00e9fenseur des ouvriers fran\u00e7ais contre la mondialisation n\u2019a pas jug\u00e9 bon de pousser le raisonnement jusqu\u2019\u00e0 arborer une montre fran\u00e7aise \u00e0 son poignet. Les ouvriers de la manufacture <strong><a target=\"_blank\" href=\"https:\/\/leguidedesmontres.com\/fr\/prix-du-neuf\/pequignet\">Pequignet<\/a><\/strong> actuellement en redressement judiciaire appr\u00e9cieront sans doute le galbe de sa <strong>Seiko 5 <\/strong>qui d\u00e9passe de sa chemise lors de ses envol\u00e9es r\u00e9volutionnaires. Une contradiction qu\u2019il partage avec ses h\u00e9ros communistes, puisque le \u00ab <strong>Che<\/strong> \u00bb, Castro et Mao, \u00e9taient tous trois de fervents admirateurs de<strong><a target=\"_blank\" href=\"https:\/\/leguidedesmontres.com\/fr\/prix-du-neuf\/rolex\"> Rolex<\/a><\/strong>.<\/span><\/p>\n<p><span>Si l\u2019on fait remonter les aiguilles de l\u2019h\u00e9micycle, chacun se souvient su scandale soulev\u00e9 par la r\u00e9v\u00e9lation de l\u2019improbable collection du leader socialiste <strong>Julien Dray<\/strong>. Le c\u0153ur serr\u00e9, il haranguait les bancs adverses, une solide <strong><a target=\"_blank\" href=\"https:\/\/leguidedesmontres.com\/fr\/prix-du-neuf\/richard-mille\">Richard Mille<\/a><\/strong> au poing. Mais les rangs du gouvernement connaissent d\u2019autres fins collectionneurs.<\/span><\/p>\n<p><span>Sous les feux de l\u2019actualit\u00e9, <strong>J\u00e9r\u00f4me Cahuzac,<\/strong> a d\u00e9clar\u00e9 \u00e0 son assurance s\u2019\u00eatre <strong>fait d\u00e9rober le 1er w-e d\u2019Octobre<\/strong> dernier, pour <strong>plus de 100 000 euros de montres<\/strong> \u00e0 son domicile, <strong>avenue Pierre 1er de Serbie<\/strong>, dans le 16e arrondissement parisien. On y trouve p\u00e8le m\u00eale, <strong><a target=\"_blank\" href=\"https:\/\/leguidedesmontres.com\/fr\/prix-du-neuf\/breitling\">Breitling<\/a><\/strong>, <strong><a target=\"_blank\" href=\"https:\/\/leguidedesmontres.com\/fr\/cote-occasion\/boucheron\">Boucheron<\/a><\/strong>, <strong><a target=\"_blank\" href=\"https:\/\/leguidedesmontres.com\/fr\/cote-occasion\/chaumet\">Chaumet<\/a><\/strong>, <strong><a target=\"_blank\" href=\"https:\/\/leguidedesmontres.com\/fr\/cote-occasion\/jaeger-lecoultre\">Jaeger-lecoultre<\/a><\/strong> et <strong><a target=\"_blank\" href=\"https:\/\/leguidedesmontres.com\/fr\/cote-occasion\/rolex\">Rolex<\/a><\/strong>.<\/span><\/p>\n<p><span>Notre confr\u00e8re <strong><a target=\"_blank\" href=\"http:\/\/fr.wikipedia.org\/wiki\/Gr%C3%A9gory_Pons\" rel=\"noopener noreferrer nofollow\">Gr\u00e9gory Pons<\/a><\/strong>, fondateur du bien connu site <strong><a target=\"_blank\" href=\"http:\/\/www.businessmontres.com\/\" rel=\"noopener noreferrer nofollow\">Business Montres<\/a><\/strong>, avait interview\u00e9 \u00e0 ce sujet, Pierre Moscovici, en 2004 dans le cadre d\u2019un suppl\u00e9ment horloger de L\u2019express. A l\u2019\u00e9poque, l\u2019homme n\u2019int\u00e9ressait guerre les m\u00e9dias, et cette proposition d\u2019interview horlog\u00e8re lui donnait l\u2019occasion de s\u2019exprimer sur un sujet diff\u00e9rent. C\u2019est donc en toute confiance que le ministre de l\u2019\u00e9conomie a d\u00e9ball\u00e9 sa collection. On y apprend que son entr\u00e9e \u00e0 Science Po a \u00e9t\u00e9 salu\u00e9e par ses parents d\u2019une Rolex, \u00e0 l\u2019\u00e2ge de 23 ans. Un mod\u00e8le pour Seguela ! Il confie qu\u2019il go\u00fbte le guillochage de sa<strong> Blancpain phase de lune<\/strong>, et les <strong>finitions exemplaires des ponts de sa Patek Philippe<\/strong>. Pour l\u2019heure, normalit\u00e9 oblige, il arbore une \u00ab<strong> modeste <\/strong>\u00bb reverso Jaeger-Lecoultre. <\/span><\/p>\n<p><span>Mais l\u2019horlogerie n\u2019est pas l\u2019apanage des seuls hommes au gouvernement puis que la s\u00e9millante porte parole du gouvernement, <\/span><strong>Najat Valaud Belkacem<\/strong><span>, porte une <strong><a target=\"_blank\" href=\"https:\/\/leguidedesmontres.com\/fr\/prix-du-neuf\/hermes\/793\/021511ww00\">Cape Cod Herm\u00e8s<\/a><\/strong>. Celle ci parfois s\u2019entrechoque avec la<strong><a target=\"_blank\" href=\"https:\/\/leguidedesmontres.com\/fr\/cote-occasion\/chanel\/596\/j12-petit-modele\"> J12<\/a><\/strong> de <strong>Marisol Tourraine<\/strong>, ministre de la sant\u00e9. Parmi les coquetteries de la r\u00e9cente publication des patrimoines de la fine \u00e9quipe gouvernementale, on avait not\u00e9 que <strong>Yasmina Benguigui<\/strong> n\u2019avait pas souhait\u00e9 r\u00e9v\u00e9ler sa date de naissance. En revanche, impossible de dissimuler la <strong><a target=\"_blank\" href=\"https:\/\/leguidedesmontres.com\/fr\/prix-du-neuf\/patek-philippe\/1879\/491010-a\">Patek Philippe Twenty 4 <\/a><\/strong>qui d\u00e9passe de ses vestes de tailleur. Une angoisse partag\u00e9e par Fleur Pellerin et sa Chanel. Au final, la consternante normalit\u00e9 dont s\u2019est r\u00e9clam\u00e9 notre pi\u00e8tre pr\u00e9sident, n\u2019a pas vraiment eu d\u2019\u00e9cho dans son \u00e9quipe gouvernementale. <strong>Les politiques, de droite comme de gauche, aiment r\u00e9ussir<\/strong> et afficher fi\u00e8rement les symboles qui y sont li\u00e9s. Chassez le naturel et il revient en trotteuse !<\/span><\/p>\n<\/p>\n<p>Nicolas Salomon <\/p>\n<\/p>\n<p><img decoding=\"async\" data-src=\"\/fr\/wp-content\/uploads\/2025\/06\/162_587_che_guevara_rolex_gmt_master.jpg\" alt=\"\" class=\"wp-image lazyload\" src=\"data:image\/svg+xml;base64,PHN2ZyB3aWR0aD0iMSIgaGVpZ2h0PSIxIiB4bWxucz0iaHR0cDovL3d3dy53My5vcmcvMjAwMC9zdmciPjwvc3ZnPg==\" style=\"--smush-placeholder-width: 620px; --smush-placeholder-aspect-ratio: 620\/632;\" \/><br \/>\n<img decoding=\"async\" data-src=\"\/fr\/wp-content\/uploads\/2025\/06\/162_588_marisol_touraine_j12_chanel.jpg\" alt=\"\" class=\"wp-image lazyload\" src=\"data:image\/svg+xml;base64,PHN2ZyB3aWR0aD0iMSIgaGVpZ2h0PSIxIiB4bWxucz0iaHR0cDovL3d3dy53My5vcmcvMjAwMC9zdmciPjwvc3ZnPg==\" style=\"--smush-placeholder-width: 620px; --smush-placeholder-aspect-ratio: 620\/533;\" \/><br \/>\n<img decoding=\"async\" data-src=\"\/fr\/wp-content\/uploads\/2025\/06\/162_589_fleur_pellerin_chanel_valaud_hermes.jpg\" alt=\"\" class=\"wp-image lazyload\" src=\"data:image\/svg+xml;base64,PHN2ZyB3aWR0aD0iMSIgaGVpZ2h0PSIxIiB4bWxucz0iaHR0cDovL3d3dy53My5vcmcvMjAwMC9zdmciPjwvc3ZnPg==\" style=\"--smush-placeholder-width: 620px; --smush-placeholder-aspect-ratio: 620\/448;\" \/><\/p>\n","protected":false},"excerpt":{"rendered":"<p>Apr\u00e8s cet acte de contrition t\u00e9l\u00e9visuel de notre ancien ministre du budget, et la publication des patrimoines qui composent le<\/p>\n","protected":false},"author":1,"featured_media":9286,"comment_status":"open","ping_status":"open","sticky":false,"template":"","format":"standard","meta":{"_acf_changed":false,"footnotes":""},"categories":[705],"tags":[704],"class_list":["post-9285","post","type-post","status-publish","format-standard","has-post-thumbnail","hentry","category-autre","tag-a-voir"],"acf":[],"_links":{"self":[{"href":"https:\/\/leguidedesmontres.com\/fr\/wp-json\/wp\/v2\/posts\/9285","targetHints":{"allow":["GET"]}}],"collection":[{"href":"https:\/\/leguidedesmontres.com\/fr\/wp-json\/wp\/v2\/posts"}],"about":[{"href":"https:\/\/leguidedesmontres.com\/fr\/wp-json\/wp\/v2\/types\/post"}],"author":[{"embeddable":true,"href":"https:\/\/leguidedesmontres.com\/fr\/wp-json\/wp\/v2\/users\/1"}],"replies":[{"embeddable":true,"href":"https:\/\/leguidedesmontres.com\/fr\/wp-json\/wp\/v2\/comments?post=9285"}],"version-history":[{"count":0,"href":"https:\/\/leguidedesmontres.com\/fr\/wp-json\/wp\/v2\/posts\/9285\/revisions"}],"wp:featuredmedia":[{"embeddable":true,"href":"https:\/\/leguidedesmontres.com\/fr\/wp-json\/wp\/v2\/media\/9286"}],"wp:attachment":[{"href":"https:\/\/leguidedesmontres.com\/fr\/wp-json\/wp\/v2\/media?parent=9285"}],"wp:term":[{"taxonomy":"category","embeddable":true,"href":"https:\/\/leguidedesmontres.com\/fr\/wp-json\/wp\/v2\/categories?post=9285"},{"taxonomy":"post_tag","embeddable":true,"href":"https:\/\/leguidedesmontres.com\/fr\/wp-json\/wp\/v2\/tags?post=9285"}],"curies":[{"name":"wp","href":"https:\/\/api.w.org\/{rel}","templated":true}]}}