{"id":9291,"date":"2013-04-22T18:47:58","date_gmt":"2013-04-22T16:47:58","guid":{"rendered":"https:\/\/leguidedesmontres.com\/fr\/actualites\/fob-relooke-le-gousset\/"},"modified":"2013-04-22T18:47:58","modified_gmt":"2013-04-22T16:47:58","slug":"fob-relooke-le-gousset","status":"publish","type":"post","link":"https:\/\/leguidedesmontres.com\/fr\/actualites\/fob-relooke-le-gousset\/","title":{"rendered":"FOB relooke le gousset"},"content":{"rendered":"<p><img decoding=\"async\" data-src=\"\/fr\/wp-content\/uploads\/2025\/06\/159_fob_gousset.jpg\" alt=\"FOB relooke le gousset\" class=\"wp-image featured-image lazyload\" src=\"data:image\/svg+xml;base64,PHN2ZyB3aWR0aD0iMSIgaGVpZ2h0PSIxIiB4bWxucz0iaHR0cDovL3d3dy53My5vcmcvMjAwMC9zdmciPjwvc3ZnPg==\" style=\"--smush-placeholder-width: 620px; --smush-placeholder-aspect-ratio: 620\/620;\" \/><\/p>\n<p><span>Il en va de la mode comme de l&rsquo;horlogerie : tout est question de cycles. Aussi, lorsqu&rsquo;une marque s&#8217;empare du gousset pour le remettre au go\u00fbt du jour, on ne peut que saluer l&rsquo;<strong>anticipation des fondateurs<\/strong>. <\/span><\/p>\n<p><span>Aujourd&rsquo;hui, le <strong>gousset<\/strong>, ou <strong>montre de poche<\/strong>, n&rsquo;est pas encore revenu en t\u00eate des ventes. Il ne le sera probablement plus, mais <strong>son retour en gr\u00e2ce a commenc\u00e9<\/strong>. Le segment de la haute voltige horlog\u00e8re, <strong>Bovet<\/strong> en t\u00eate, s&rsquo;y est positionn\u00e9 il y a un certain temps. Rares sont toutefois les potentiels acqu\u00e9reurs de ces pi\u00e8ces hors-norme. D&rsquo;o\u00f9 l&rsquo;id\u00e9e de <strong>r\u00e9inventer un gousset contemporain<\/strong> mais aussi et surtout abordable. Ainsi est n\u00e9e <strong>Fob<\/strong>, en 2012. <\/span><\/p>\n<p><span>Ses fondateurs ont d&#8217;embl\u00e9e choisi leur positionnement : <strong>l&rsquo;accessoire de mode<\/strong>. Point donc de complications, on est ici en pr\u00e9sence de mouvements Myota, ces <strong>\u00ab\u00a0tracteurs\u00a0\u00bb nippons largement r\u00e9pandus<\/strong>. La valeur ajout\u00e9e de <strong>Fob<\/strong>, en tant qu&rsquo;accessoiriste de mode, va donc tout naturellement se porter sur l&rsquo;esth\u00e9tique de la pi\u00e8ce. Fonds cuirs, galuchat, voire fourrure, de multiples couleurs, ses montres de poches vont se parer de multiples apparats au fil des saison. <\/span><\/p>\n<p><span>Ce concept de saisonnalit\u00e9 est d&rsquo;ailleurs revendiqu\u00e9 par Fob qui, comme un couturier, pr\u00e9sentera <strong>deux collections par an<\/strong>, printemps \/ \u00e9t\u00e9 et automne \/ hiver. Dans la m\u00eame veine, la marque clame son <strong>ancrage parisien<\/strong>. Certains y verront le bon sens du Made in France \/ luxe \u00e0 la fran\u00e7aise, d&rsquo;autres y verront des accents bobos \u00e0 soigneusement \u00e9viter&#8230; L&rsquo;avenir nous le dira. <\/span><\/p>\n<p><strong><span>Ambitieuse<\/span><\/strong><span>, la marque se positionne d\u00e9j\u00e0 sur la plupart des grands march\u00e9s europ\u00e9ens et s&rsquo;engage progressivement sur le continent am\u00e9ricain. Sa grande force est d&rsquo;avoir su occuper une place de march\u00e9 jusque-l\u00e0 vacante. En revanche, reste \u00e0 <strong>savoir si la demande va suivre<\/strong>, la montre de poche n&rsquo;\u00e9tant pas encore revenue au firmament du hype. Et que, en parall\u00e8le, la demande de belle horlogerie suisse cro\u00eet de jour en jour&#8230;<\/span><\/p>\n<p><span><\/span><\/p>\n<\/p>\n<p><span>Olivier M\u00fcller<\/span><\/p>\n<p><i><span>Visuels \u00a9 FOB<\/span><\/i><\/p>\n<p><i><\/i><\/p>\n<p><i><\/i><br \/>\n<img decoding=\"async\" data-src=\"\/fr\/wp-content\/uploads\/2025\/06\/159_580_fob_founders___sari_hijji_aurelien_caron_laurent_aziz.png\" alt=\"\" class=\"wp-image lazyload\" src=\"data:image\/svg+xml;base64,PHN2ZyB3aWR0aD0iMSIgaGVpZ2h0PSIxIiB4bWxucz0iaHR0cDovL3d3dy53My5vcmcvMjAwMC9zdmciPjwvc3ZnPg==\" style=\"--smush-placeholder-width: 620px; --smush-placeholder-aspect-ratio: 620\/416;\" \/><\/p>\n","protected":false},"excerpt":{"rendered":"<p>Il en va de la mode comme de l&rsquo;horlogerie : tout est question de cycles. Aussi, lorsqu&rsquo;une marque s&#8217;empare du<\/p>\n","protected":false},"author":1,"featured_media":9292,"comment_status":"open","ping_status":"open","sticky":false,"template":"","format":"standard","meta":{"_acf_changed":false,"footnotes":""},"categories":[705],"tags":[743],"class_list":["post-9291","post","type-post","status-publish","format-standard","has-post-thumbnail","hentry","category-autre","tag-clin-doeil"],"acf":[],"_links":{"self":[{"href":"https:\/\/leguidedesmontres.com\/fr\/wp-json\/wp\/v2\/posts\/9291","targetHints":{"allow":["GET"]}}],"collection":[{"href":"https:\/\/leguidedesmontres.com\/fr\/wp-json\/wp\/v2\/posts"}],"about":[{"href":"https:\/\/leguidedesmontres.com\/fr\/wp-json\/wp\/v2\/types\/post"}],"author":[{"embeddable":true,"href":"https:\/\/leguidedesmontres.com\/fr\/wp-json\/wp\/v2\/users\/1"}],"replies":[{"embeddable":true,"href":"https:\/\/leguidedesmontres.com\/fr\/wp-json\/wp\/v2\/comments?post=9291"}],"version-history":[{"count":0,"href":"https:\/\/leguidedesmontres.com\/fr\/wp-json\/wp\/v2\/posts\/9291\/revisions"}],"wp:featuredmedia":[{"embeddable":true,"href":"https:\/\/leguidedesmontres.com\/fr\/wp-json\/wp\/v2\/media\/9292"}],"wp:attachment":[{"href":"https:\/\/leguidedesmontres.com\/fr\/wp-json\/wp\/v2\/media?parent=9291"}],"wp:term":[{"taxonomy":"category","embeddable":true,"href":"https:\/\/leguidedesmontres.com\/fr\/wp-json\/wp\/v2\/categories?post=9291"},{"taxonomy":"post_tag","embeddable":true,"href":"https:\/\/leguidedesmontres.com\/fr\/wp-json\/wp\/v2\/tags?post=9291"}],"curies":[{"name":"wp","href":"https:\/\/api.w.org\/{rel}","templated":true}]}}